{"id":110,"date":"2020-06-05T13:01:36","date_gmt":"2020-06-05T13:01:36","guid":{"rendered":"https:\/\/naturefirst.org\/2020-6-4-we-stand-with-the-black-community-in-the-usa\/"},"modified":"2022-12-02T14:19:11","modified_gmt":"2022-12-02T21:19:11","slug":"we-stand-with-the-black-community-in-the-usa","status":"publish","type":"post","link":"https:\/\/naturefirst.org\/de\/news-items\/2020\/06\/05\/we-stand-with-the-black-community-in-the-usa\/","title":{"rendered":"Wir stehen mit der Black Community in den USA"},"content":{"rendered":"<div data-elementor-type=\"wp-post\" data-elementor-id=\"110\" class=\"elementor elementor-110\" data-elementor-post-type=\"post\">\n\t\t\t\t\t\t<section class=\"elementor-section elementor-top-section elementor-element elementor-element-8b4892e elementor-section-boxed elementor-section-height-default elementor-section-height-default\" data-id=\"8b4892e\" data-element_type=\"section\" data-e-type=\"section\">\n\t\t\t\t\t\t<div class=\"elementor-container elementor-column-gap-default\">\n\t\t\t\t\t<div class=\"elementor-column elementor-col-100 elementor-top-column elementor-element elementor-element-d676682\" data-id=\"d676682\" data-element_type=\"column\" data-e-type=\"column\">\n\t\t\t<div class=\"elementor-widget-wrap elementor-element-populated\">\n\t\t\t\t\t\t<div class=\"elementor-element elementor-element-e94c7ca elementor-widget elementor-widget-post-info\" data-id=\"e94c7ca\" data-element_type=\"widget\" data-e-type=\"widget\" data-widget_type=\"post-info.default\">\n\t\t\t\t<div class=\"elementor-widget-container\">\n\t\t\t\t\t\t\t<ul class=\"elementor-inline-items elementor-icon-list-items elementor-post-info\">\n\t\t\t\t\t\t\t\t<li class=\"elementor-icon-list-item elementor-repeater-item-64e584e elementor-inline-item\" itemprop=\"datePublished\">\n\t\t\t\t\t\t<a href=\"https:\/\/naturefirst.org\/de\/news-items\/2020\/06\/05\/\">\n\t\t\t\t\t\t\t\t\t\t\t<span class=\"elementor-icon-list-icon\">\n\t\t\t\t\t\t\t\t<i aria-hidden=\"true\" class=\"fas fa-calendar\"><\/i>\t\t\t\t\t\t\t<\/span>\n\t\t\t\t\t\t\t\t\t<span class=\"elementor-icon-list-text elementor-post-info__item elementor-post-info__item--type-date\">\n\t\t\t\t\t\t\t\t\t\t<time>5. Juni 2020<\/time>\t\t\t\t\t<\/span>\n\t\t\t\t\t\t\t\t\t<\/a>\n\t\t\t\t<\/li>\n\t\t\t\t<\/ul>\n\t\t\t\t\t\t<\/div>\n\t\t\t\t<\/div>\n\t\t\t\t<div class=\"elementor-element elementor-element-56357b0 elementor-widget elementor-widget-text-editor\" data-id=\"56357b0\" data-element_type=\"widget\" data-e-type=\"widget\" data-widget_type=\"text-editor.default\">\n\t\t\t\t<div class=\"elementor-widget-container\">\n\t\t\t\t\t\t\t\t\t<div id=\"block-870d84fe45bb5192e5f8\" class=\"sqs-block html-block sqs-block-html\" data-block-type=\"2\"><div class=\"sqs-block-content\"><p class=\"\"><em><strong>Ein offener Brief von Scott Bacon, Mitbegr\u00fcnder von Nature First <\/strong><\/em><\/p><p class=\"\">An unsere Mitglieder, Partner und Unterst\u00fctzer,<\/p><p class=\"\">Mein Herz schmerzt, w\u00e4hrend ich versuche, die j\u00fcngsten Gewalttaten gegen Mitglieder der Black Community in den USA zu verarbeiten. Und ich verzweifle, als mir klar wird, dass dies nur die j\u00fcngsten Beispiele globaler, systematischer rassischer Ungleichheit und Ungerechtigkeit sind. Wir werden wieder einmal daran erinnert, wie weit wir gehen m\u00fcssen, um eine wirklich gerechte Gesellschaft zu erreichen. Und ich habe mich mit der Tatsache auseinandergesetzt, dass ich von meiner Position als wei\u00dfes Privileg aus das Trauma, das die Schwarze Gemeinschaft erlebt, niemals vollst\u00e4ndig verstehen kann, werde. Aber das kann keine Entschuldigung f\u00fcr Schweigen sein.<\/p><p class=\"\">Die Mitarbeiter von Nature First haben diese Ereignisse diskutiert und wie sie sich auf unsere Mission auswirken. Darin sind wir uns vor allem einig: Wir glauben an Gleichberechtigung. Und dazu geh\u00f6rt auch die Gerechtigkeit gegen\u00fcber den Vorteilen der Natur und der Natur. Also werden wir aufstehen und uns zu Wort melden.<\/p><p class=\"\"><em><strong>Wir von Nature First stehen in Solidarit\u00e4t mit ALLEN Schwarzen, Indigenen und Farbigen. Und wir verurteilen aufs Sch\u00e4rfste alle Akte der Gewalt und Einsch\u00fcchterung, ob rassistisch motiviert oder anderweitig. <\/strong><\/em><\/p><p class=\"\">Jeder verdient es, in einer gerechten Gesellschaft zu leben, die frei von Unterdr\u00fcckung und Rassendiskriminierung ist. Diese unver\u00e4u\u00dferlichen Rechte reichen \u00fcber die Stra\u00dfen unserer St\u00e4dte und die Wege unserer Parks hinaus zu den Pfaden unserer Naturschutzgebiete, Naturgebiete und wilden Hinterlande.<\/p><blockquote><p class=\"\">\u201eUngerechtigkeit \u00fcberall ist eine Bedrohung der Gerechtigkeit \u00fcberall.\u201c ~Dr. Martin Luther King jr.<\/p><\/blockquote><p class=\"\">W\u00e4hrend wir uns f\u00fcr die Erhaltung unserer nat\u00fcrlichen Welt einsetzen, m\u00fcssen wir uns auch darum bem\u00fchen sicherzustellen, dass jeder gleichberechtigten Zugang zu den erholsamen und gesunden Vorteilen hat, die die Natur und die Natur bieten. Wir sind alle Bewohner derselben nat\u00fcrlichen Welt. Es geh\u00f6rt uns allen.<\/p><p class=\"\">Wir verpflichten uns, mit unseren Mitgliedern und Partnern zusammenzuarbeiten, um sicherzustellen, dass ALLE, die die nat\u00fcrlichen und wilden Orte der Welt besuchen und fotografieren, frei von Rassenhass und Gewalt sein k\u00f6nnen. Und wir teilen den Traum, dass zuk\u00fcnftige Generationen gleichberechtigt als eine Gemeinschaft leben k\u00f6nnen.<\/p><\/div><\/div><div id=\"block-yui_3_17_2_1_1591318492632_15795\" class=\"sqs-block html-block sqs-block-html\" data-block-type=\"2\"><div class=\"sqs-block-content\"><p class=\"\">Dies ist eine Verantwortung, die wir alle teilen. Deshalb fordere ich Sie auf, Mitgef\u00fchl zu zeigen. Empathie haben. Eine helfende Hand reichen. Wir sind alle besser, gleich, zusammen.<\/p><p class=\"\"><img decoding=\"async\" class=\"alignright wp-image-1525\" src=\"https:\/\/naturefirst.org\/wp-content\/uploads\/scottbacon-si.jpg\" alt=\"\" width=\"200\" height=\"200\" srcset=\"https:\/\/naturefirst.org\/wp-content\/uploads\/scottbacon-si.jpg 300w, https:\/\/naturefirst.org\/wp-content\/uploads\/scottbacon-si-150x150.jpg 150w, https:\/\/naturefirst.org\/wp-content\/uploads\/scottbacon-si-12x12.jpg 12w\" sizes=\"(max-width: 200px) 100vw, 200px\" \/>Danke sch\u00f6n,<\/p><p class=\"\">Scott Speck<\/p><p class=\"\">Mitbegr\u00fcnder, Nature First<\/p><\/div><\/div>\t\t\t\t\t\t\t\t<\/div>\n\t\t\t\t<\/div>\n\t\t\t\t\t<\/div>\n\t\t<\/div>\n\t\t\t\t\t<\/div>\n\t\t<\/section>\n\t\t\t\t<\/div>","protected":false},"excerpt":{"rendered":"<p class=\"\">Ein offener Brief von Scott Bacon, Mitbegr\u00fcnder von Nature First<\/p>","protected":false},"author":2,"featured_media":111,"comment_status":"closed","ping_status":"open","sticky":false,"template":"","format":"standard","meta":{"_mo_disable_npp":"","site-sidebar-layout":"default","site-content-layout":"","ast-site-content-layout":"default","site-content-style":"default","site-sidebar-style":"default","ast-global-header-display":"","ast-banner-title-visibility":"","ast-main-header-display":"","ast-hfb-above-header-display":"","ast-hfb-below-header-display":"","ast-hfb-mobile-header-display":"","site-post-title":"","ast-breadcrumbs-content":"","ast-featured-img":"","footer-sml-layout":"","ast-disable-related-posts":"","theme-transparent-header-meta":"","adv-header-id-meta":"","stick-header-meta":"","header-above-stick-meta":"","header-main-stick-meta":"","header-below-stick-meta":"","astra-migrate-meta-layouts":"default","ast-page-background-enabled":"default","ast-page-background-meta":{"desktop":{"background-color":"","background-image":"","background-repeat":"repeat","background-position":"center center","background-size":"auto","background-attachment":"scroll","background-type":"","background-media":"","overlay-type":"","overlay-color":"","overlay-opacity":"","overlay-gradient":""},"tablet":{"background-color":"","background-image":"","background-repeat":"repeat","background-position":"center center","background-size":"auto","background-attachment":"scroll","background-type":"","background-media":"","overlay-type":"","overlay-color":"","overlay-opacity":"","overlay-gradient":""},"mobile":{"background-color":"","background-image":"","background-repeat":"repeat","background-position":"center center","background-size":"auto","background-attachment":"scroll","background-type":"","background-media":"","overlay-type":"","overlay-color":"","overlay-opacity":"","overlay-gradient":""}},"ast-content-background-meta":{"desktop":{"background-color":"var(--ast-global-color-5)","background-image":"","background-repeat":"repeat","background-position":"center center","background-size":"auto","background-attachment":"scroll","background-type":"","background-media":"","overlay-type":"","overlay-color":"","overlay-opacity":"","overlay-gradient":""},"tablet":{"background-color":"var(--ast-global-color-5)","background-image":"","background-repeat":"repeat","background-position":"center center","background-size":"auto","background-attachment":"scroll","background-type":"","background-media":"","overlay-type":"","overlay-color":"","overlay-opacity":"","overlay-gradient":""},"mobile":{"background-color":"var(--ast-global-color-5)","background-image":"","background-repeat":"repeat","background-position":"center center","background-size":"auto","background-attachment":"scroll","background-type":"","background-media":"","overlay-type":"","overlay-color":"","overlay-opacity":"","overlay-gradient":""}},"footnotes":""},"categories":[1],"tags":[],"ppma_author":[47],"class_list":["post-110","post","type-post","status-publish","format-standard","has-post-thumbnail","hentry","category-uncategorized"],"aioseo_notices":[],"authors":[{"term_id":47,"user_id":2,"is_guest":0,"slug":"scottnaturefirst-org","display_name":"Scott Bacon","avatar_url":"https:\/\/naturefirst.org\/wp-content\/litespeed\/avatar\/81ff792a0d52f07c1cb03a23c4df7350.jpg?ver=1777147359","0":null,"1":"","2":"","3":"","4":"","5":"","6":"","7":"","8":""}],"_links":{"self":[{"href":"https:\/\/naturefirst.org\/de\/wp-json\/wp\/v2\/posts\/110","targetHints":{"allow":["GET"]}}],"collection":[{"href":"https:\/\/naturefirst.org\/de\/wp-json\/wp\/v2\/posts"}],"about":[{"href":"https:\/\/naturefirst.org\/de\/wp-json\/wp\/v2\/types\/post"}],"author":[{"embeddable":true,"href":"https:\/\/naturefirst.org\/de\/wp-json\/wp\/v2\/users\/2"}],"replies":[{"embeddable":true,"href":"https:\/\/naturefirst.org\/de\/wp-json\/wp\/v2\/comments?post=110"}],"version-history":[{"count":14,"href":"https:\/\/naturefirst.org\/de\/wp-json\/wp\/v2\/posts\/110\/revisions"}],"predecessor-version":[{"id":2962,"href":"https:\/\/naturefirst.org\/de\/wp-json\/wp\/v2\/posts\/110\/revisions\/2962"}],"wp:featuredmedia":[{"embeddable":true,"href":"https:\/\/naturefirst.org\/de\/wp-json\/wp\/v2\/media\/111"}],"wp:attachment":[{"href":"https:\/\/naturefirst.org\/de\/wp-json\/wp\/v2\/media?parent=110"}],"wp:term":[{"taxonomy":"category","embeddable":true,"href":"https:\/\/naturefirst.org\/de\/wp-json\/wp\/v2\/categories?post=110"},{"taxonomy":"post_tag","embeddable":true,"href":"https:\/\/naturefirst.org\/de\/wp-json\/wp\/v2\/tags?post=110"},{"taxonomy":"author","embeddable":true,"href":"https:\/\/naturefirst.org\/de\/wp-json\/wp\/v2\/ppma_author?post=110"}],"curies":[{"name":"wp","href":"https:\/\/api.w.org\/{rel}","templated":true}]}}