{"id":1252,"date":"2020-10-15T14:18:54","date_gmt":"2020-10-15T14:18:54","guid":{"rendered":"https:\/\/naturefirst.org\/2020-10-10-meet-our-staff-1-kristel-schneider\/"},"modified":"2022-12-02T14:17:19","modified_gmt":"2022-12-02T21:17:19","slug":"meet-our-staff-kristel-schneider","status":"publish","type":"post","link":"https:\/\/naturefirst.org\/de\/news-items\/2020\/10\/15\/meet-our-staff-kristel-schneider\/","title":{"rendered":"Lernen Sie unsere Mitarbeiter kennen: Kristel Schneider"},"content":{"rendered":"<div data-elementor-type=\"wp-post\" data-elementor-id=\"1252\" class=\"elementor elementor-1252\" data-elementor-post-type=\"post\">\n\t\t\t\t\t\t<section class=\"elementor-section elementor-top-section elementor-element elementor-element-3de055c elementor-section-boxed elementor-section-height-default elementor-section-height-default\" data-id=\"3de055c\" data-element_type=\"section\" data-e-type=\"section\">\n\t\t\t\t\t\t<div class=\"elementor-container elementor-column-gap-default\">\n\t\t\t\t\t<div class=\"elementor-column elementor-col-100 elementor-top-column elementor-element elementor-element-0d6b7b2\" data-id=\"0d6b7b2\" data-element_type=\"column\" data-e-type=\"column\">\n\t\t\t<div class=\"elementor-widget-wrap elementor-element-populated\">\n\t\t\t\t\t\t<div class=\"elementor-element elementor-element-45faf89 elementor-widget elementor-widget-post-info\" data-id=\"45faf89\" data-element_type=\"widget\" data-e-type=\"widget\" data-widget_type=\"post-info.default\">\n\t\t\t\t<div class=\"elementor-widget-container\">\n\t\t\t\t\t\t\t<ul class=\"elementor-inline-items elementor-icon-list-items elementor-post-info\">\n\t\t\t\t\t\t\t\t<li class=\"elementor-icon-list-item elementor-repeater-item-54fea90 elementor-inline-item\" itemprop=\"datePublished\">\n\t\t\t\t\t\t<a href=\"https:\/\/naturefirst.org\/de\/news-items\/2020\/10\/15\/\">\n\t\t\t\t\t\t\t\t\t\t\t<span class=\"elementor-icon-list-icon\">\n\t\t\t\t\t\t\t\t<i aria-hidden=\"true\" class=\"fas fa-calendar\"><\/i>\t\t\t\t\t\t\t<\/span>\n\t\t\t\t\t\t\t\t\t<span class=\"elementor-icon-list-text elementor-post-info__item elementor-post-info__item--type-date\">\n\t\t\t\t\t\t\t\t\t\t<time>15. Oktober 2020<\/time>\t\t\t\t\t<\/span>\n\t\t\t\t\t\t\t\t\t<\/a>\n\t\t\t\t<\/li>\n\t\t\t\t<\/ul>\n\t\t\t\t\t\t<\/div>\n\t\t\t\t<\/div>\n\t\t\t\t<div class=\"elementor-element elementor-element-c485f67 elementor-widget elementor-widget-text-editor\" data-id=\"c485f67\" data-element_type=\"widget\" data-e-type=\"widget\" data-widget_type=\"text-editor.default\">\n\t\t\t\t<div class=\"elementor-widget-container\">\n\t\t\t\t\t\t\t\t\t<div id=\"yui_3_17_2_1_1668098440692_379\" class=\"row sqs-row\"><div class=\"col sqs-col-5 span-5\"><div id=\"block-ad6fe91b2d4c6a861dcc\" class=\"sqs-block html-block sqs-block-html\" data-block-type=\"2\"><div class=\"sqs-block-content\"><p class=\"\"><img fetchpriority=\"high\" decoding=\"async\" class=\"alignleft wp-image-1505\" src=\"https:\/\/naturefirst.org\/wp-content\/uploads\/NatureFirst_MeetourStaff_KristelSchneider-500x419.jpg\" alt=\"\" width=\"400\" height=\"335\" srcset=\"https:\/\/naturefirst.org\/wp-content\/uploads\/NatureFirst_MeetourStaff_KristelSchneider-500x419.jpg 500w, https:\/\/naturefirst.org\/wp-content\/uploads\/NatureFirst_MeetourStaff_KristelSchneider-768x644.jpg 768w, https:\/\/naturefirst.org\/wp-content\/uploads\/NatureFirst_MeetourStaff_KristelSchneider-14x12.jpg 14w, https:\/\/naturefirst.org\/wp-content\/uploads\/NatureFirst_MeetourStaff_KristelSchneider.jpg 940w\" sizes=\"(max-width: 400px) 100vw, 400px\" \/>Hier bei Nature First haben wir eine wunderbare Gemeinschaft, bestehend aus Menschen, denen der Schutz der Wildnis, die wir lieben, sehr am Herzen liegt und die hart daran arbeiten, diese Allianz zu erm\u00f6glichen. Kristel Schneider begann als erste Anw\u00e4ltin f\u00fcr die Niederlande und Belgien und ist jetzt unsere Community Advocate Director. Sie k\u00f6nnen sehen, dass sie leidenschaftlich hinter den Kulissen arbeitet, Mitglieder und L\u00e4nder verbindet und uns alle f\u00fcr diese aufregende Sache zusammenbringt.<\/p><\/div><\/div><\/div><\/div><div id=\"block-yui_3_17_2_1_1602339548225_71114\" class=\"sqs-block html-block sqs-block-html\" data-block-type=\"2\"><div class=\"sqs-block-content\"><p class=\"\">Ich hatte die aufregende Gelegenheit, sie nach ihrem Hintergrund zu fragen, um sie besser kennenzulernen und zu verstehen, was sie f\u00fcr Nature First tut\u2026<\/p><p class=\"\"><strong><em>Jennifer: Erz\u00e4hlen Sie uns ein wenig \u00fcber sich. Woher kommst du und wie bist du zur Naturfotografie gekommen?<\/em>\u00a0<\/strong><\/p><p class=\"\"><strong>Kristel:<\/strong>\u00a0 Ich bin in den Niederlanden geboren und habe einen gro\u00dfen Teil meines Erwachsenenlebens in Amsterdam verbracht. Ich habe Personalmanagement und Kommunikation studiert und die letzten sechs Jahre meiner anderen beruflichen Laufbahn als Kommunikationsberaterin f\u00fcr ein pharmazeutisches Unternehmen gearbeitet. Meine Fotografie war damals haupts\u00e4chlich \u201aStreet-Fotografie&#039;. Das \u00e4nderte sich, als ich anfing, in Amsterdam, meiner Heimatstadt, Malunterricht zu nehmen. Leider merkte ich bald, dass ich nicht sehr gut zeichnen konnte, und sagen wir, ich wurde sehr schnell ein abstrakter Maler. Das Gute daran war, dass es einen gro\u00dfen Einfluss auf meine Fotografie hatte. Ich fing an, mich ausf\u00fchrlicher mit anderen Themen zu befassen, und ich f\u00fchlte mich zu Strukturen und Texturen hingezogen. Nennen Sie es den Keimmoment meiner abstrakten Fotografie. Der Moment, der alles in meinem Leben und damit auch meine Fotografie ver\u00e4nderte, war, als ich von den Niederlanden nach Frankreich zog, von der Gro\u00dfstadt aufs Land. Als ich vierzig wurde, beschloss ich, meinen Kommunikationsjob aufzugeben, um mich voll und ganz auf meine Leidenschaft, die Fotografie, zu konzentrieren. Nach zwei Jahren wurde ich Vollzeit-Kunst- und Naturfotograf und Workshop-\/Fototouren-Lehrer. Gl\u00fccklich, meine Arbeit ver\u00f6ffentlicht zu sehen und meine Arbeit in ganz Europa und sogar dar\u00fcber hinaus pr\u00e4sentieren zu k\u00f6nnen. Und selbst in schwierigen Zeiten wie diesen bereue ich es nie, die Entscheidung getroffen zu haben, \u201emein Leben zu \u00e4ndern\u201c.\u00a0<\/p><\/div><\/div>\t\t\t\t\t\t\t\t<\/div>\n\t\t\t\t<\/div>\n\t\t\t\t\t<\/div>\n\t\t<\/div>\n\t\t\t\t\t<\/div>\n\t\t<\/section>\n\t\t\t\t<section class=\"elementor-section elementor-top-section elementor-element elementor-element-701831b elementor-section-boxed elementor-section-height-default elementor-section-height-default\" data-id=\"701831b\" data-element_type=\"section\" data-e-type=\"section\">\n\t\t\t\t\t\t<div class=\"elementor-container elementor-column-gap-default\">\n\t\t\t\t\t<div class=\"elementor-column elementor-col-100 elementor-top-column elementor-element elementor-element-0fe840a\" data-id=\"0fe840a\" data-element_type=\"column\" data-e-type=\"column\">\n\t\t\t<div class=\"elementor-widget-wrap elementor-element-populated\">\n\t\t\t\t\t\t<div class=\"elementor-element elementor-element-7e39d85 elementor-widget elementor-widget-image\" data-id=\"7e39d85\" data-element_type=\"widget\" data-e-type=\"widget\" data-widget_type=\"image.default\">\n\t\t\t\t<div class=\"elementor-widget-container\">\n\t\t\t\t\t\t\t\t\t\t\t\t\t\t\t<img decoding=\"async\" width=\"800\" height=\"450\" src=\"https:\/\/naturefirst.org\/wp-content\/uploads\/Evening-light-forest-by-Kristel-Schneider_800pix.jpg\" class=\"attachment-large size-large wp-image-1506\" alt=\"\" srcset=\"https:\/\/naturefirst.org\/wp-content\/uploads\/Evening-light-forest-by-Kristel-Schneider_800pix.jpg 800w, https:\/\/naturefirst.org\/wp-content\/uploads\/Evening-light-forest-by-Kristel-Schneider_800pix-500x281.jpg 500w, https:\/\/naturefirst.org\/wp-content\/uploads\/Evening-light-forest-by-Kristel-Schneider_800pix-768x432.jpg 768w, https:\/\/naturefirst.org\/wp-content\/uploads\/Evening-light-forest-by-Kristel-Schneider_800pix-18x10.jpg 18w\" sizes=\"(max-width: 800px) 100vw, 800px\" \/>\t\t\t\t\t\t\t\t\t\t\t\t\t\t\t<\/div>\n\t\t\t\t<\/div>\n\t\t\t\t\t<\/div>\n\t\t<\/div>\n\t\t\t\t\t<\/div>\n\t\t<\/section>\n\t\t\t\t<section class=\"elementor-section elementor-top-section elementor-element elementor-element-7ff65a9 elementor-section-boxed elementor-section-height-default elementor-section-height-default\" data-id=\"7ff65a9\" data-element_type=\"section\" data-e-type=\"section\">\n\t\t\t\t\t\t<div class=\"elementor-container elementor-column-gap-default\">\n\t\t\t\t\t<div class=\"elementor-column elementor-col-100 elementor-top-column elementor-element elementor-element-36d75a4\" data-id=\"36d75a4\" data-element_type=\"column\" data-e-type=\"column\">\n\t\t\t<div class=\"elementor-widget-wrap elementor-element-populated\">\n\t\t\t\t\t\t<div class=\"elementor-element elementor-element-5a6b07b elementor-widget elementor-widget-text-editor\" data-id=\"5a6b07b\" data-element_type=\"widget\" data-e-type=\"widget\" data-widget_type=\"text-editor.default\">\n\t\t\t\t<div class=\"elementor-widget-container\">\n\t\t\t\t\t\t\t\t\t<div id=\"block-yui_3_17_2_1_1602339548225_18309\" class=\"sqs-block html-block sqs-block-html\" data-block-type=\"2\"><div class=\"sqs-block-content\"><p class=\"\"><strong><em>Jennifer: Erz\u00e4hlen Sie uns ein wenig \u00fcber Ihren Fotografiestil und die Motive, die Sie gerne aufnehmen.<\/em><\/strong><em>\u00a0<\/em><\/p><p class=\"\"><strong>Kristel: <\/strong>In den letzten Jahren habe ich viele verschiedene Techniken erforscht und merke, dass ich meine eigenen pers\u00f6nlichen Gef\u00fchle f\u00fcr die Natur in meine Arbeit \u00fcbertrage. Einen gro\u00dfen Einfluss auf meinen kreativen Prozess und die Entscheidung, wie ich vorgehe, h\u00e4ngt neben Licht und Wetter noch mehr von meiner momentanen pers\u00f6nlichen Stimmung ab. Man kann sagen, ich bin eher ein Zwischensaison-Fotograf. Wenn die Natur den Beginn oder das Ende einer Jahreszeit anzeigt. Sie k\u00f6nnen mich oft von intimen Szenen, Naturdetails oder nur einigen grafischen Texturen inspirieren lassen. Ich liebe den Farbkontrast w\u00e4hrend dieser Zwischensaison, wenn sich die Blattknospen gerade \u00f6ffnen und ein rosa oder rotes Leuchten in einem Tal oder das erste frische Gr\u00fcn mit etwas sp\u00e4tem Schneefall entsteht, der sich in einem Wasserstrom widerspiegelt. Was mich begeistern kann, ist die Kombination aus starkem Wind und Schneefall. Mein abstrakter Teil des Gehirns macht sich sofort auf den Weg. Wenn ich an einem Projekt arbeite, fotografiere ich gerne vor Ort und w\u00e4hle Themen aus, die uns gemeinsam sind und uns am Herzen liegen. Ich versuche, die Menschen dazu zu bringen, ihre direkte Umgebung anders zu betrachten, dass die nat\u00fcrliche Sch\u00f6nheit allgegenw\u00e4rtig ist. Mit meinem ersten Projekt <a href=\"https:\/\/www.kristelschneiderphotography.com\/p\/book-variations-in\">&#039;Variationen in B\u00e4umen&#039;<\/a> Ich habe fast f\u00fcnf Jahre in meiner neuen Wahlheimat gearbeitet und Kompositionen aus gew\u00f6hnlichen B\u00e4umen geschaffen. Daraus entstanden zwei Ausstellungen und ein Buch. F\u00fcr mein neues Projekt, das ich gerade begonnen habe, bevor uns der Covid-19-Virus traf, habe ich wieder ein gemeinsames und lokales Thema gew\u00e4hlt. Diesmal ein anderer Ansatz als beim Baumprojekt. Mehr planen und erkunden, aber mich immer noch von der Natur inspirieren lassen. Ich werde mehr \u00fcber das neue Projekt erz\u00e4hlen, wenn ich ein bisschen weiter bin.\u00a0<\/p><\/div><\/div><div id=\"yui_3_17_2_1_1668098440692_422\" class=\"row sqs-row\"><div id=\"yui_3_17_2_1_1668098440692_762\" class=\"col sqs-col-5 span-5\"><div id=\"block-yui_3_17_2_1_1602339548225_27754\" class=\"sqs-block quote-block sqs-block-quote null\" data-block-type=\"31\"><div class=\"sqs-block-content\"><figure class=\"block-animation-none\"><blockquote data-animation-role=\"quote\">\u201eWenn die Natur den Anfang oder das Ende einer Saison zeigt. Sie k\u00f6nnen mich oft von intimen Szenen, Naturdetails oder nur einigen grafischen Texturen inspirieren lassen.<\/blockquote><\/figure><\/div><\/div><\/div><\/div>\t\t\t\t\t\t\t\t<\/div>\n\t\t\t\t<\/div>\n\t\t\t\t\t<\/div>\n\t\t<\/div>\n\t\t\t\t\t<\/div>\n\t\t<\/section>\n\t\t\t\t<section class=\"elementor-section elementor-top-section elementor-element elementor-element-3065654 elementor-section-boxed elementor-section-height-default elementor-section-height-default\" data-id=\"3065654\" data-element_type=\"section\" data-e-type=\"section\">\n\t\t\t\t\t\t<div class=\"elementor-container elementor-column-gap-default\">\n\t\t\t\t\t<div class=\"elementor-column elementor-col-100 elementor-top-column elementor-element elementor-element-9504c0d\" data-id=\"9504c0d\" data-element_type=\"column\" data-e-type=\"column\">\n\t\t\t<div class=\"elementor-widget-wrap elementor-element-populated\">\n\t\t\t\t\t\t<div class=\"elementor-element elementor-element-c1f9b67 elementor-widget elementor-widget-image\" data-id=\"c1f9b67\" data-element_type=\"widget\" data-e-type=\"widget\" data-widget_type=\"image.default\">\n\t\t\t\t<div class=\"elementor-widget-container\">\n\t\t\t\t\t\t\t\t\t\t\t\t\t\t\t<img decoding=\"async\" width=\"800\" height=\"533\" src=\"https:\/\/naturefirst.org\/wp-content\/uploads\/Two-seasons-meet-by-Kristel-Schneider_800px.jpg\" class=\"attachment-large size-large wp-image-1507\" alt=\"\" srcset=\"https:\/\/naturefirst.org\/wp-content\/uploads\/Two-seasons-meet-by-Kristel-Schneider_800px.jpg 800w, https:\/\/naturefirst.org\/wp-content\/uploads\/Two-seasons-meet-by-Kristel-Schneider_800px-500x333.jpg 500w, https:\/\/naturefirst.org\/wp-content\/uploads\/Two-seasons-meet-by-Kristel-Schneider_800px-768x512.jpg 768w, https:\/\/naturefirst.org\/wp-content\/uploads\/Two-seasons-meet-by-Kristel-Schneider_800px-18x12.jpg 18w\" sizes=\"(max-width: 800px) 100vw, 800px\" \/>\t\t\t\t\t\t\t\t\t\t\t\t\t\t\t<\/div>\n\t\t\t\t<\/div>\n\t\t\t\t\t<\/div>\n\t\t<\/div>\n\t\t\t\t\t<\/div>\n\t\t<\/section>\n\t\t\t\t<section class=\"elementor-section elementor-top-section elementor-element elementor-element-8a049f7 elementor-section-boxed elementor-section-height-default elementor-section-height-default\" data-id=\"8a049f7\" data-element_type=\"section\" data-e-type=\"section\">\n\t\t\t\t\t\t<div class=\"elementor-container elementor-column-gap-default\">\n\t\t\t\t\t<div class=\"elementor-column elementor-col-100 elementor-top-column elementor-element elementor-element-534caa0\" data-id=\"534caa0\" data-element_type=\"column\" data-e-type=\"column\">\n\t\t\t<div class=\"elementor-widget-wrap elementor-element-populated\">\n\t\t\t\t\t\t<div class=\"elementor-element elementor-element-4919087 elementor-widget elementor-widget-text-editor\" data-id=\"4919087\" data-element_type=\"widget\" data-e-type=\"widget\" data-widget_type=\"text-editor.default\">\n\t\t\t\t<div class=\"elementor-widget-container\">\n\t\t\t\t\t\t\t\t\t<p class=\"\"><strong><em>Jennifer: Was hat Sie dazu gebracht, eine Nature First-Bef\u00fcrworterin zu werden? Warum ist Nature First wichtig f\u00fcr Sie?\u00a0<\/em><\/strong><\/p><p class=\"\"><strong>Kristel:\u00a0 <\/strong>Nachdem ich \u00fcber Nature First gelesen hatte, habe ich mich letztes Jahr als Mitglied angemeldet. Verantwortungsvolle Naturfotografie ist ein globales und komplexes Thema. Wir k\u00f6nnen es nicht mit nur einer einfachen Aktion l\u00f6sen. Als professioneller Fotograf und Workshop-\/Fotoreiseleiter sehe ich den schnellen Wandel in meinem Arbeitsfeld. Unsere nat\u00fcrliche Welt hat viele Fotografen dazu inspiriert, rauszugehen, sich zu vernetzen und kreativ zu sein. Dies hat die Naturfotografie-Arena eindeutig ver\u00e4ndert, nicht nur durch den Schaden, den unsere massive Pr\u00e4senz der Natur zuf\u00fcgt, sondern auch durch die Art und Weise, wie wir uns verhalten. Der Bedarf an h\u00fcbschen Bildern, die Suche nach \u201eLikes\u201c auf Facebook und Instagram, die Nachahmerbilder beliebter Reiseziele und die Notwendigkeit, der Erste zu sein, der einen seltenen Ort ver\u00f6ffentlicht. Einige Fotografen gehen zu immer gr\u00f6\u00dferen Extremen, um Bilder von wilden Orten zu machen, Vegetation auszurei\u00dfen, Z\u00e4une auf Vogelbrutpl\u00e4tze zu springen, Wildtiere zu st\u00f6ren \u2026 die Liste geht weiter. All das f\u00fcr sch\u00f6ne Naturfotos? Das brachte mich dazu, mehr zu tun, als nur meinen Namen auf eine Mitgliederliste zu setzen. Als professioneller Fotograf denke ich, dass wir alle eine wichtige Rolle spielen. Diese Nature First-Prinzipien zu f\u00f6rdern und in unserer Arbeit umzusetzen, ist ein erster Schritt, aber das allein reicht nicht aus. Wir m\u00fcssen ein Bewusstsein daf\u00fcr schaffen, indem wir andere \u00fcber die Bedeutung eines guten Umgangs mit Menschen aufkl\u00e4ren und zeigen, dass es m\u00f6glich ist, Bilder von der Natur zu machen, ohne sie zu zerst\u00f6ren. Hoffentlich k\u00f6nnen wir in Zukunft verantwortungsbewusste Fotografie zum \u201eSTANDARD\u201c in der Naturfotografie machen.\u00a0<\/p>\t\t\t\t\t\t\t\t<\/div>\n\t\t\t\t<\/div>\n\t\t\t\t\t<\/div>\n\t\t<\/div>\n\t\t\t\t\t<\/div>\n\t\t<\/section>\n\t\t\t\t<section class=\"elementor-section elementor-top-section elementor-element elementor-element-3ddb09c elementor-section-boxed elementor-section-height-default elementor-section-height-default\" data-id=\"3ddb09c\" data-element_type=\"section\" data-e-type=\"section\">\n\t\t\t\t\t\t<div class=\"elementor-container elementor-column-gap-default\">\n\t\t\t\t\t<div class=\"elementor-column elementor-col-100 elementor-top-column elementor-element elementor-element-e5f3009\" data-id=\"e5f3009\" data-element_type=\"column\" data-e-type=\"column\">\n\t\t\t<div class=\"elementor-widget-wrap elementor-element-populated\">\n\t\t\t\t\t\t<div class=\"elementor-element elementor-element-fb2ff36 elementor-widget elementor-widget-image\" data-id=\"fb2ff36\" data-element_type=\"widget\" data-e-type=\"widget\" data-widget_type=\"image.default\">\n\t\t\t\t<div class=\"elementor-widget-container\">\n\t\t\t\t\t\t\t\t\t\t\t\t\t\t\t<img loading=\"lazy\" decoding=\"async\" width=\"800\" height=\"533\" src=\"https:\/\/naturefirst.org\/wp-content\/uploads\/Fairytale-forest-by-Kristel-Schneider_800px.jpg\" class=\"attachment-large size-large wp-image-106\" alt=\"\" srcset=\"https:\/\/naturefirst.org\/wp-content\/uploads\/Fairytale-forest-by-Kristel-Schneider_800px.jpg 800w, https:\/\/naturefirst.org\/wp-content\/uploads\/Fairytale-forest-by-Kristel-Schneider_800px-500x333.jpg 500w, https:\/\/naturefirst.org\/wp-content\/uploads\/Fairytale-forest-by-Kristel-Schneider_800px-768x512.jpg 768w, https:\/\/naturefirst.org\/wp-content\/uploads\/Fairytale-forest-by-Kristel-Schneider_800px-18x12.jpg 18w\" sizes=\"(max-width: 800px) 100vw, 800px\" \/>\t\t\t\t\t\t\t\t\t\t\t\t\t\t\t<\/div>\n\t\t\t\t<\/div>\n\t\t\t\t\t<\/div>\n\t\t<\/div>\n\t\t\t\t\t<\/div>\n\t\t<\/section>\n\t\t\t\t<section class=\"elementor-section elementor-top-section elementor-element elementor-element-f73bacd elementor-section-boxed elementor-section-height-default elementor-section-height-default\" data-id=\"f73bacd\" data-element_type=\"section\" data-e-type=\"section\">\n\t\t\t\t\t\t<div class=\"elementor-container elementor-column-gap-default\">\n\t\t\t\t\t<div class=\"elementor-column elementor-col-100 elementor-top-column elementor-element elementor-element-d6dcf20\" data-id=\"d6dcf20\" data-element_type=\"column\" data-e-type=\"column\">\n\t\t\t<div class=\"elementor-widget-wrap elementor-element-populated\">\n\t\t\t\t\t\t<div class=\"elementor-element elementor-element-9f495fd elementor-widget elementor-widget-text-editor\" data-id=\"9f495fd\" data-element_type=\"widget\" data-e-type=\"widget\" data-widget_type=\"text-editor.default\">\n\t\t\t\t<div class=\"elementor-widget-container\">\n\t\t\t\t\t\t\t\t\t<div id=\"block-yui_3_17_2_1_1602339548225_41493\" class=\"sqs-block html-block sqs-block-html\" data-block-type=\"2\"><div class=\"sqs-block-content\"><p class=\"\"><strong><em>Jennifer: Als unser Nature First Community Advocate Director kommunizieren Sie mit anderen Nature First-Mitgliedern aus der ganzen Welt. Es muss aufregend sein, die Kameradschaftsform \u00fcber ein gemeinsames Ziel zu sehen, unsere wilden Orte zu bewahren. Was gef\u00e4llt Ihnen am meisten an der Interaktion mit diesen anderen Mitgliedern?<\/em><\/strong><\/p><p class=\"\"><strong>Kristel:\u00a0 <\/strong>Nachdem ich ein aktives Mitglied von Nature First geworden bin, in der Rolle des Community Advocate f\u00fcr die Niederlande und Belgien und jetzt in meiner neuen Rolle als Community Advocate Director, sehe ich die Mission und Vision sowie die Bedeutung der Nature First-Bewegung klarer. Ich spreche jetzt viel mit Fotokollegen und Naturliebhabern aus der ganzen Welt, die sich alle aktiver engagieren und unserem Advocate-Programm beitreten m\u00f6chten. Diese Gespr\u00e4che machen mich sehr aufgeregt, dass wir die sch\u00fctzende und bewahrende Rolle zur\u00fcckerobern, die wir fr\u00fcher in der Naturfotografie hatten. Mir ist auch klar, dass dies Zeit braucht, aber durch die Vereinigung von Regionen, Nationen und sogar Kontinenten k\u00f6nnen wir alle, die auf verantwortungsvolle Weise Fotos und Videos in der Natur machen, inspirieren, bilden und vereinen.\u00a0<\/p><\/div><\/div><div id=\"block-yui_3_17_2_1_1602339548225_121264\" class=\"sqs-block quote-block sqs-block-quote null\" data-block-type=\"31\"><div class=\"sqs-block-content\"><figure class=\"block-animation-none\"><blockquote data-animation-role=\"quote\">\u201eIch spreche jetzt viel mit Fotokollegen und Naturliebhabern aus der ganzen Welt, die sich alle aktiver engagieren und unserem Advocate-Programm beitreten m\u00f6chten.<\/blockquote><\/figure><\/div><\/div><div id=\"block-yui_3_17_2_1_1602339548225_121328\" class=\"sqs-block html-block sqs-block-html\" data-block-type=\"2\"><div class=\"sqs-block-content\"><p class=\"\"><strong><em>Jennifer: Wenn sie mit anderen Mitgliedern aus anderen L\u00e4ndern kommunizieren, \u00e4u\u00dfern sie \u00e4hnliche Bedenken \u00fcber die Sch\u00e4den, die an ihren wilden Orten entstehen, wie wir es in unseren eigenen L\u00e4ndern sehen?\u00a0<\/em><\/strong><\/p><p class=\"\"><strong>Kristel:<\/strong>\u00a0 Leider ja, es spielt keine Rolle, ob ich mit einem Mitglied aus Chile, Argentinien, Rum\u00e4nien, Frankreich oder den USA spreche. Sie alle erw\u00e4hnen die gleiche Art von Problemen. Scharen von Fotografen, die sich dort aufstellen, wo ein besonderes Tier gesichtet wurde, wilde Blumenbeete zertrampelt haben, \u00fcberall in der Natur M\u00fcll herumliegen, regionale Parkregeln oder sogar Gesetze nicht kennen oder respektieren oder einen allgemeinen Mangel an Respekt haben, indem sie sich einfach nicht darum k\u00fcmmern. Oft nur f\u00fcr diesen einen Moment des Ruhms oder der Anerkennung, um die \u201eGef\u00e4llt mir\u201c-Angaben oder das \u201eGewinner\u201c-Bild zu bekommen. Mitglieder, die am Advocate-Programm teilnehmen m\u00f6chten, m\u00f6chten versuchen, dieses Verhalten zu \u00e4ndern, indem sie die Menschen auf ihre Wirkung aufmerksam machen, indem sie sie \u00fcber die Orte informieren, die sie lieben. Weil sie alle wissen, dass wir vielleicht keine zweite Chance bekommen, wenn wir unsere Gewohnheiten nicht \u00e4ndern. Ich m\u00f6chte auch erw\u00e4hnen, dass diese Mitglieder eine herausfordernde Rolle einnehmen, mit Momenten des Feierns und anfangs vielleicht R\u00fcckschl\u00e4gen und Entt\u00e4uschungen. Sie alle investieren freiwillig 3-5 Stunden pro Woche in Nature First, neben ihrem gesch\u00e4ftigen Job und Alltag. Dies ist auch einer der Gr\u00fcnde, warum die Dinge Zeit brauchen und einige Mitglieder station\u00e4r sein k\u00f6nnen, aber machen wir uns bewusst, dass wir mit all unseren kleinen Babyschritten einen gro\u00dfen Schritt in Richtung unserer Ziele machen k\u00f6nnen.<\/p><\/div><\/div>\t\t\t\t\t\t\t\t<\/div>\n\t\t\t\t<\/div>\n\t\t\t\t\t<\/div>\n\t\t<\/div>\n\t\t\t\t\t<\/div>\n\t\t<\/section>\n\t\t\t\t<section class=\"elementor-section elementor-top-section elementor-element elementor-element-f7d0f9a elementor-section-boxed elementor-section-height-default elementor-section-height-default\" data-id=\"f7d0f9a\" data-element_type=\"section\" data-e-type=\"section\">\n\t\t\t\t\t\t<div class=\"elementor-container elementor-column-gap-default\">\n\t\t\t\t\t<div class=\"elementor-column elementor-col-100 elementor-top-column elementor-element elementor-element-03162e9\" data-id=\"03162e9\" data-element_type=\"column\" data-e-type=\"column\">\n\t\t\t<div class=\"elementor-widget-wrap elementor-element-populated\">\n\t\t\t\t\t\t<div class=\"elementor-element elementor-element-27ec28f elementor-widget elementor-widget-image\" data-id=\"27ec28f\" data-element_type=\"widget\" data-e-type=\"widget\" data-widget_type=\"image.default\">\n\t\t\t\t<div class=\"elementor-widget-container\">\n\t\t\t\t\t\t\t\t\t\t\t\t\t\t\t<img loading=\"lazy\" decoding=\"async\" width=\"800\" height=\"533\" src=\"https:\/\/naturefirst.org\/wp-content\/uploads\/Morning-mist-by-Kristel-Schneider-_800pix.jpg\" class=\"attachment-large size-large wp-image-1508\" alt=\"\" srcset=\"https:\/\/naturefirst.org\/wp-content\/uploads\/Morning-mist-by-Kristel-Schneider-_800pix.jpg 800w, https:\/\/naturefirst.org\/wp-content\/uploads\/Morning-mist-by-Kristel-Schneider-_800pix-500x333.jpg 500w, https:\/\/naturefirst.org\/wp-content\/uploads\/Morning-mist-by-Kristel-Schneider-_800pix-768x512.jpg 768w, https:\/\/naturefirst.org\/wp-content\/uploads\/Morning-mist-by-Kristel-Schneider-_800pix-18x12.jpg 18w\" sizes=\"(max-width: 800px) 100vw, 800px\" \/>\t\t\t\t\t\t\t\t\t\t\t\t\t\t\t<\/div>\n\t\t\t\t<\/div>\n\t\t\t\t\t<\/div>\n\t\t<\/div>\n\t\t\t\t\t<\/div>\n\t\t<\/section>\n\t\t\t\t<section class=\"elementor-section elementor-top-section elementor-element elementor-element-9d305da elementor-section-boxed elementor-section-height-default elementor-section-height-default\" data-id=\"9d305da\" data-element_type=\"section\" data-e-type=\"section\">\n\t\t\t\t\t\t<div class=\"elementor-container elementor-column-gap-default\">\n\t\t\t\t\t<div class=\"elementor-column elementor-col-100 elementor-top-column elementor-element elementor-element-4eda966\" data-id=\"4eda966\" data-element_type=\"column\" data-e-type=\"column\">\n\t\t\t<div class=\"elementor-widget-wrap elementor-element-populated\">\n\t\t\t\t\t\t<div class=\"elementor-element elementor-element-c2827b4 elementor-widget elementor-widget-text-editor\" data-id=\"c2827b4\" data-element_type=\"widget\" data-e-type=\"widget\" data-widget_type=\"text-editor.default\">\n\t\t\t\t<div class=\"elementor-widget-container\">\n\t\t\t\t\t\t\t\t\t<p class=\"\"><strong><em>Jennifer: Welche Ziele m\u00f6chtest du dieses Jahr mit dem Advocate-Programm erreichen?<\/em>\u00a0<\/strong><\/p><p class=\"\"><strong>Kristel:\u00a0 <\/strong>Dieses Jahr wird f\u00fcr uns aufgrund der Pandemie ein sehr herausforderndes Jahr. W\u00e4hrend einige von uns die Natur wieder genie\u00dfen, m\u00fcssen andere wegen des Virus zu Hause bleiben. Dies ist keine ideale Situation, um Nature First in einer Region zu f\u00f6rdern. Allerdings hatten die Menschen jetzt auch die Zeit, \u00fcber die Themen nachzudenken, die ihnen im Leben wichtig sind, und gl\u00fccklicherweise sehen wir, dass unsere Mitgliederzahlen weltweit steigen. Ich erhalte weiterhin weitere Fragen zum Advocate-Programm und bitte um Teilnahme. In den letzten Monaten habe ich viele neue F\u00fcrsprecher aus verschiedenen Teilen der Welt begr\u00fc\u00dft, darunter Slowenien, Chile, den Nordosten der USA, den Mittleren Westen der USA, Italien, Rum\u00e4nien, Polen und die chinesischsprachige Gemeinschaft. Auch f\u00fcr die Niederlande und Belgien habe ich in dieser Rolle einen Ersatz f\u00fcr mich gefunden. Das Ziel ist es, unser Anwaltsprogramm auf 30 Nationen auszudehnen. Ich habe daf\u00fcr kein Datum festgelegt, aber ich hoffe, bis Ende des Jahres weitere Nationen auf der Liste zu haben. Ich sehe jetzt, dass einige Community Advocates, die alleine arbeiten, mit ihrer Zeit k\u00e4mpfen und es schwierig finden, Ideen zu entwickeln, mehr lokale Mitglieder zu gewinnen oder die Nature First-Ideen in ihrer Region zu verbreiten. Deshalb versuche ich, Community Advocates zu motivieren, ein lokales Team aufzubauen, wie wir es in den Niederlanden, Frankreich, Italien und der chinesischsprachigen Community haben. Auf diese Weise k\u00f6nnen sie ihre Bem\u00fchungen und Ideen b\u00fcndeln, um ihre lokalen Nature First-Pl\u00e4ne zu entwickeln. Ich sehe es auch gerne, wenn sich lokale Mitglieder an das Advocate-Programm wenden, wenn sie sich aktiver engagieren m\u00f6chten, sich aber nicht vorstellen k\u00f6nnen, ein kleines Team zu leiten oder so sehr im Rampenlicht zu stehen. Wir haben eine so gro\u00dfe Vielfalt an Hintergr\u00fcnden, Arbeit und Erfahrungen innerhalb unserer Mitgliedergemeinschaft, dass es gro\u00dfartig w\u00e4re, sie den Community Advocates beitreten zu lassen. <a href=\"https:\/\/naturefirst.org\/de\/news-items\/2020\/07\/24\/2020-summer-newsletter\/\">Unser Fahrplan<\/a> hat viele tolle Ideen, wie die Erleichterung der Schaffung regionaler und genrespezifischer Prinzipien. Hier sehe ich eine wichtige Rolle f\u00fcr Community Advocates und ihre lokalen Teams. All dies erfordert Zeit, Recherche und M\u00fche. Wie ich oben sagte, k\u00f6nnen kleine Babyschritte einen gro\u00dfen Schritt machen, und nehmen wir uns die Zeit, die wir brauchen, damit wir hoffentlich in naher Zukunft wieder verantwortungsbewusste Fotografie zum Standard in der Naturfotografie machen k\u00f6nnen.\u00a0<\/p>\t\t\t\t\t\t\t\t<\/div>\n\t\t\t\t<\/div>\n\t\t\t\t\t<\/div>\n\t\t<\/div>\n\t\t\t\t\t<\/div>\n\t\t<\/section>\n\t\t\t\t<section class=\"elementor-section elementor-top-section elementor-element elementor-element-8b1aca9 elementor-section-boxed elementor-section-height-default elementor-section-height-default\" data-id=\"8b1aca9\" data-element_type=\"section\" data-e-type=\"section\">\n\t\t\t\t\t\t<div class=\"elementor-container elementor-column-gap-default\">\n\t\t\t\t\t<div class=\"elementor-column elementor-col-100 elementor-top-column elementor-element elementor-element-f8e1abb\" data-id=\"f8e1abb\" data-element_type=\"column\" data-e-type=\"column\">\n\t\t\t<div class=\"elementor-widget-wrap elementor-element-populated\">\n\t\t\t\t\t\t<div class=\"elementor-element elementor-element-f04cb86 elementor-widget elementor-widget-image\" data-id=\"f04cb86\" data-element_type=\"widget\" data-e-type=\"widget\" data-widget_type=\"image.default\">\n\t\t\t\t<div class=\"elementor-widget-container\">\n\t\t\t\t\t\t\t\t\t\t\t\t\t\t\t<img loading=\"lazy\" decoding=\"async\" width=\"800\" height=\"533\" src=\"https:\/\/naturefirst.org\/wp-content\/uploads\/Evening-cloud-By-kirstel-schneider_800pix.jpg\" class=\"attachment-large size-large wp-image-1509\" alt=\"\" srcset=\"https:\/\/naturefirst.org\/wp-content\/uploads\/Evening-cloud-By-kirstel-schneider_800pix.jpg 800w, https:\/\/naturefirst.org\/wp-content\/uploads\/Evening-cloud-By-kirstel-schneider_800pix-500x333.jpg 500w, https:\/\/naturefirst.org\/wp-content\/uploads\/Evening-cloud-By-kirstel-schneider_800pix-768x512.jpg 768w, https:\/\/naturefirst.org\/wp-content\/uploads\/Evening-cloud-By-kirstel-schneider_800pix-18x12.jpg 18w\" sizes=\"(max-width: 800px) 100vw, 800px\" \/>\t\t\t\t\t\t\t\t\t\t\t\t\t\t\t<\/div>\n\t\t\t\t<\/div>\n\t\t\t\t\t<\/div>\n\t\t<\/div>\n\t\t\t\t\t<\/div>\n\t\t<\/section>\n\t\t\t\t<section class=\"elementor-section elementor-top-section elementor-element elementor-element-f298377 elementor-section-boxed elementor-section-height-default elementor-section-height-default\" data-id=\"f298377\" data-element_type=\"section\" data-e-type=\"section\">\n\t\t\t\t\t\t<div class=\"elementor-container elementor-column-gap-default\">\n\t\t\t\t\t<div class=\"elementor-column elementor-col-100 elementor-top-column elementor-element elementor-element-0263321\" data-id=\"0263321\" data-element_type=\"column\" data-e-type=\"column\">\n\t\t\t<div class=\"elementor-widget-wrap elementor-element-populated\">\n\t\t\t\t\t\t<div class=\"elementor-element elementor-element-26400d1 elementor-widget elementor-widget-text-editor\" data-id=\"26400d1\" data-element_type=\"widget\" data-e-type=\"widget\" data-widget_type=\"text-editor.default\">\n\t\t\t\t<div class=\"elementor-widget-container\">\n\t\t\t\t\t\t\t\t\t<p class=\"\">Kristels Enthusiasmus f\u00fcr Nature First ist das, worum es bei dieser Allianz geht: sich zusammenschlie\u00dfen, um bessere Botschafter f\u00fcr die Orte zu sein, die wir lieben und fotografieren, damit zuk\u00fcnftige Generationen von Fotografen sich mit der Natur verbinden und mit ihr interagieren k\u00f6nnen.<\/p><p class=\"\">Kristel ist auch eine versierte Fotografin und leitet Touren und Workshops. Ihre Fotografie ist sehr inspirierend und ihre Arbeit veranschaulicht die stille Sch\u00f6nheit der Natur. Um mit Kristel in Kontakt zu treten und ihre Arbeit zu sehen, besuchen Sie <a href=\"http:\/\/www.kristelschneider.com\/\" target=\"_blank\" rel=\"noopener\">www.kristelschneider.com<\/a>.<\/p><p class=\"\">Danke, Kristel, f\u00fcr alles, was du f\u00fcr Nature First tust, und daf\u00fcr, dass du dir etwas Zeit genommen hast, um mit mir zu sprechen!<\/p>\t\t\t\t\t\t\t\t<\/div>\n\t\t\t\t<\/div>\n\t\t\t\t\t<\/div>\n\t\t<\/div>\n\t\t\t\t\t<\/div>\n\t\t<\/section>\n\t\t\t\t<\/div>","protected":false},"excerpt":{"rendered":"<p>Hier bei Nature First haben wir eine wunderbare Gemeinschaft, bestehend aus Menschen, denen der Schutz der Wildnis, die wir lieben, sehr am Herzen liegt und die hart daran arbeiten, diese Allianz zu erm\u00f6glichen. Kristel Schneider begann als erste Anw\u00e4ltin f\u00fcr die Niederlande und Belgien und ist jetzt unsere Community Advocate Director. Sie k\u00f6nnen sehen, dass sie leidenschaftlich hinter den Kulissen arbeitet, Mitglieder und L\u00e4nder verbindet und uns alle f\u00fcr diese aufregende Sache zusammenbringt.<\/p>","protected":false},"author":36,"featured_media":106,"comment_status":"closed","ping_status":"open","sticky":false,"template":"","format":"standard","meta":{"_mo_disable_npp":"","site-sidebar-layout":"default","site-content-layout":"","ast-site-content-layout":"default","site-content-style":"default","site-sidebar-style":"default","ast-global-header-display":"","ast-banner-title-visibility":"","ast-main-header-display":"","ast-hfb-above-header-display":"","ast-hfb-below-header-display":"","ast-hfb-mobile-header-display":"","site-post-title":"","ast-breadcrumbs-content":"","ast-featured-img":"","footer-sml-layout":"","ast-disable-related-posts":"","theme-transparent-header-meta":"","adv-header-id-meta":"","stick-header-meta":"","header-above-stick-meta":"","header-main-stick-meta":"","header-below-stick-meta":"","astra-migrate-meta-layouts":"default","ast-page-background-enabled":"default","ast-page-background-meta":{"desktop":{"background-color":"","background-image":"","background-repeat":"repeat","background-position":"center center","background-size":"auto","background-attachment":"scroll","background-type":"","background-media":"","overlay-type":"","overlay-color":"","overlay-opacity":"","overlay-gradient":""},"tablet":{"background-color":"","background-image":"","background-repeat":"repeat","background-position":"center center","background-size":"auto","background-attachment":"scroll","background-type":"","background-media":"","overlay-type":"","overlay-color":"","overlay-opacity":"","overlay-gradient":""},"mobile":{"background-color":"","background-image":"","background-repeat":"repeat","background-position":"center center","background-size":"auto","background-attachment":"scroll","background-type":"","background-media":"","overlay-type":"","overlay-color":"","overlay-opacity":"","overlay-gradient":""}},"ast-content-background-meta":{"desktop":{"background-color":"var(--ast-global-color-5)","background-image":"","background-repeat":"repeat","background-position":"center center","background-size":"auto","background-attachment":"scroll","background-type":"","background-media":"","overlay-type":"","overlay-color":"","overlay-opacity":"","overlay-gradient":""},"tablet":{"background-color":"var(--ast-global-color-5)","background-image":"","background-repeat":"repeat","background-position":"center center","background-size":"auto","background-attachment":"scroll","background-type":"","background-media":"","overlay-type":"","overlay-color":"","overlay-opacity":"","overlay-gradient":""},"mobile":{"background-color":"var(--ast-global-color-5)","background-image":"","background-repeat":"repeat","background-position":"center center","background-size":"auto","background-attachment":"scroll","background-type":"","background-media":"","overlay-type":"","overlay-color":"","overlay-opacity":"","overlay-gradient":""}},"footnotes":""},"categories":[1],"tags":[],"ppma_author":[48],"class_list":["post-1252","post","type-post","status-publish","format-standard","has-post-thumbnail","hentry","category-uncategorized"],"aioseo_notices":[],"authors":[{"term_id":48,"user_id":36,"is_guest":0,"slug":"jonnorris-nf","display_name":"Jon Norris","avatar_url":"https:\/\/naturefirst.org\/wp-content\/litespeed\/avatar\/5a1f8e7595e193d9f04032a8a8742e36.jpg?ver=1777143006","0":null,"1":"","2":"","3":"","4":"","5":"","6":"","7":"","8":""}],"_links":{"self":[{"href":"https:\/\/naturefirst.org\/de\/wp-json\/wp\/v2\/posts\/1252","targetHints":{"allow":["GET"]}}],"collection":[{"href":"https:\/\/naturefirst.org\/de\/wp-json\/wp\/v2\/posts"}],"about":[{"href":"https:\/\/naturefirst.org\/de\/wp-json\/wp\/v2\/types\/post"}],"author":[{"embeddable":true,"href":"https:\/\/naturefirst.org\/de\/wp-json\/wp\/v2\/users\/36"}],"replies":[{"embeddable":true,"href":"https:\/\/naturefirst.org\/de\/wp-json\/wp\/v2\/comments?post=1252"}],"version-history":[{"count":14,"href":"https:\/\/naturefirst.org\/de\/wp-json\/wp\/v2\/posts\/1252\/revisions"}],"predecessor-version":[{"id":2953,"href":"https:\/\/naturefirst.org\/de\/wp-json\/wp\/v2\/posts\/1252\/revisions\/2953"}],"wp:featuredmedia":[{"embeddable":true,"href":"https:\/\/naturefirst.org\/de\/wp-json\/wp\/v2\/media\/106"}],"wp:attachment":[{"href":"https:\/\/naturefirst.org\/de\/wp-json\/wp\/v2\/media?parent=1252"}],"wp:term":[{"taxonomy":"category","embeddable":true,"href":"https:\/\/naturefirst.org\/de\/wp-json\/wp\/v2\/categories?post=1252"},{"taxonomy":"post_tag","embeddable":true,"href":"https:\/\/naturefirst.org\/de\/wp-json\/wp\/v2\/tags?post=1252"},{"taxonomy":"author","embeddable":true,"href":"https:\/\/naturefirst.org\/de\/wp-json\/wp\/v2\/ppma_author?post=1252"}],"curies":[{"name":"wp","href":"https:\/\/api.w.org\/{rel}","templated":true}]}}