{"id":1253,"date":"2020-07-24T17:16:57","date_gmt":"2020-07-24T17:16:57","guid":{"rendered":"https:\/\/naturefirst.org\/2020-7-24-2020-summer-newsletter\/"},"modified":"2023-07-11T10:14:15","modified_gmt":"2023-07-11T16:14:15","slug":"2020-summer-newsletter","status":"publish","type":"post","link":"https:\/\/naturefirst.org\/de\/news-items\/2020\/07\/24\/2020-summer-newsletter\/","title":{"rendered":"Newsletter Sommer 2020"},"content":{"rendered":"<div data-elementor-type=\"wp-post\" data-elementor-id=\"1253\" class=\"elementor elementor-1253\" data-elementor-post-type=\"post\">\n\t\t\t\t\t\t<section class=\"elementor-section elementor-top-section elementor-element elementor-element-fad7d23 elementor-section-boxed elementor-section-height-default elementor-section-height-default\" data-id=\"fad7d23\" data-element_type=\"section\" data-e-type=\"section\">\n\t\t\t\t\t\t<div class=\"elementor-container elementor-column-gap-default\">\n\t\t\t\t\t<div class=\"elementor-column elementor-col-100 elementor-top-column elementor-element elementor-element-fbdfd63\" data-id=\"fbdfd63\" data-element_type=\"column\" data-e-type=\"column\">\n\t\t\t<div class=\"elementor-widget-wrap elementor-element-populated\">\n\t\t\t\t\t\t<div class=\"elementor-element elementor-element-383f242 elementor-widget elementor-widget-post-info\" data-id=\"383f242\" data-element_type=\"widget\" data-e-type=\"widget\" data-widget_type=\"post-info.default\">\n\t\t\t\t<div class=\"elementor-widget-container\">\n\t\t\t\t\t\t\t<ul class=\"elementor-inline-items elementor-icon-list-items elementor-post-info\">\n\t\t\t\t\t\t\t\t<li class=\"elementor-icon-list-item elementor-repeater-item-fc9287f elementor-inline-item\" itemprop=\"datePublished\">\n\t\t\t\t\t\t<a href=\"https:\/\/naturefirst.org\/de\/news-items\/2020\/07\/24\/\">\n\t\t\t\t\t\t\t\t\t\t\t<span class=\"elementor-icon-list-icon\">\n\t\t\t\t\t\t\t\t<i aria-hidden=\"true\" class=\"fas fa-calendar\"><\/i>\t\t\t\t\t\t\t<\/span>\n\t\t\t\t\t\t\t\t\t<span class=\"elementor-icon-list-text elementor-post-info__item elementor-post-info__item--type-date\">\n\t\t\t\t\t\t\t\t\t\t<time>24. Juli 2020<\/time>\t\t\t\t\t<\/span>\n\t\t\t\t\t\t\t\t\t<\/a>\n\t\t\t\t<\/li>\n\t\t\t\t<\/ul>\n\t\t\t\t\t\t<\/div>\n\t\t\t\t<\/div>\n\t\t\t\t<div class=\"elementor-element elementor-element-c54291b elementor-widget elementor-widget-image\" data-id=\"c54291b\" data-element_type=\"widget\" data-e-type=\"widget\" data-widget_type=\"image.default\">\n\t\t\t\t<div class=\"elementor-widget-container\">\n\t\t\t\t\t\t\t\t\t\t\t\t\t\t\t<img fetchpriority=\"high\" decoding=\"async\" width=\"800\" height=\"400\" src=\"https:\/\/naturefirst.org\/wp-content\/uploads\/2_image1.jpg\" class=\"attachment-large size-large wp-image-1520\" alt=\"\" srcset=\"https:\/\/naturefirst.org\/wp-content\/uploads\/2_image1.jpg 800w, https:\/\/naturefirst.org\/wp-content\/uploads\/2_image1-500x250.jpg 500w, https:\/\/naturefirst.org\/wp-content\/uploads\/2_image1-768x384.jpg 768w, https:\/\/naturefirst.org\/wp-content\/uploads\/2_image1-18x9.jpg 18w\" sizes=\"(max-width: 800px) 100vw, 800px\" \/>\t\t\t\t\t\t\t\t\t\t\t\t\t\t\t<\/div>\n\t\t\t\t<\/div>\n\t\t\t\t\t<\/div>\n\t\t<\/div>\n\t\t\t\t\t<\/div>\n\t\t<\/section>\n\t\t\t\t<section class=\"elementor-section elementor-top-section elementor-element elementor-element-aecb495 elementor-section-boxed elementor-section-height-default elementor-section-height-default\" data-id=\"aecb495\" data-element_type=\"section\" data-e-type=\"section\">\n\t\t\t\t\t\t<div class=\"elementor-container elementor-column-gap-default\">\n\t\t\t\t\t<div class=\"elementor-column elementor-col-100 elementor-top-column elementor-element elementor-element-e1a68fb\" data-id=\"e1a68fb\" data-element_type=\"column\" data-e-type=\"column\">\n\t\t\t<div class=\"elementor-widget-wrap elementor-element-populated\">\n\t\t\t\t\t\t<div class=\"elementor-element elementor-element-5c26bab elementor-widget elementor-widget-text-editor\" data-id=\"5c26bab\" data-element_type=\"widget\" data-e-type=\"widget\" data-widget_type=\"text-editor.default\">\n\t\t\t\t<div class=\"elementor-widget-container\">\n\t\t\t\t\t\t\t\t\t<p class=\"\">Vielen Dank f\u00fcr alles, was Sie tun, um diese Bewegung in diesen immer noch sehr schwierigen Zeiten voranzubringen. W\u00e4hrend viele von Ihnen wieder rausgehen und die Natur genie\u00dfen k\u00f6nnen, gibt es immer noch viele von Ihnen, die sich mit den Einschr\u00e4nkungen von Covid-19 auseinandersetzen m\u00fcssen, wie zum Beispiel, w\u00e4hrend dieser Sommerzeit drinnen zu bleiben. Dies hatte uns die Arbeit vers\u00fc\u00dft\u00a0<strong>Nature First<\/strong>\u00a0herausfordernder. Gl\u00fccklicherweise sehen wir auch ermutigende Dinge passieren. Immer mehr Fotografen schlie\u00dfen sich der Bewegung an und krempeln die \u00c4rmel hoch. Community Advocates entwickeln entweder allein oder mit ihren lokalen Teams Aktionspl\u00e4ne und\u00a0<strong>Nature First\u00a0<\/strong>wird weltweit immer bekannter.<\/p><h3><strong>UNSERE MISSION UND VISION<\/strong><\/h3><p class=\"\">\u00a0Im Laufe des letzten Jahres die Mitarbeiter bei\u00a0<strong>Nature First\u00a0<\/strong>hat daran gearbeitet, die Mission und Vision der Organisation zu kl\u00e4ren. Diese werden uns helfen, mit Klarheit dar\u00fcber, warum wir existieren und was wir als Organisation tun und was nicht, auf Kurs zu bleiben.<\/p><p class=\"\">Erstens definiert die Mission einer Organisation, warum sie existiert und was ihr Ziel ist.<\/p><p class=\"\"><strong>Die Mission von Nature First<\/strong><\/p><blockquote><p class=\"\"><em>Nature First f\u00f6rdert den Schutz und die Erhaltung wilder Naturlandschaften \u00fcberall auf der Welt. Durch Inspiration und Information wollen wir alle die in der Nature fotografieren und filmen zu Botschaftern der Natur machen.<\/em><\/p><\/blockquote><p class=\"\">Zweitens ist die Vision das, was wir erreichen wollen. Es dr\u00fcckt aus, wie wir uns die Welt in der Zukunft w\u00fcnschen. Es ist der Traum, auf den wir hinarbeiten.<\/p><p class=\"\"><strong>Die Vision von Nature First<\/strong><\/p><blockquote><p class=\"\"><em>Unsere Vision ist es, dass jeder, der Fotos und Videos in der Natur macht, sich seiner Wirkung bewusst ist, sich mit den Orten, die er fotografiert, auskennt und Botschafter der Natur ist.<\/em><\/p><\/blockquote>\t\t\t\t\t\t\t\t<\/div>\n\t\t\t\t<\/div>\n\t\t\t\t\t<\/div>\n\t\t<\/div>\n\t\t\t\t\t<\/div>\n\t\t<\/section>\n\t\t\t\t<section class=\"elementor-section elementor-top-section elementor-element elementor-element-824eda8 elementor-section-boxed elementor-section-height-default elementor-section-height-default\" data-id=\"824eda8\" data-element_type=\"section\" data-e-type=\"section\">\n\t\t\t\t\t\t<div class=\"elementor-container elementor-column-gap-default\">\n\t\t\t\t\t<div class=\"elementor-column elementor-col-100 elementor-top-column elementor-element elementor-element-72bea65\" data-id=\"72bea65\" data-element_type=\"column\" data-e-type=\"column\">\n\t\t\t<div class=\"elementor-widget-wrap elementor-element-populated\">\n\t\t\t\t\t\t<div class=\"elementor-element elementor-element-4c0ce9b elementor-widget elementor-widget-image\" data-id=\"4c0ce9b\" data-element_type=\"widget\" data-e-type=\"widget\" data-widget_type=\"image.default\">\n\t\t\t\t<div class=\"elementor-widget-container\">\n\t\t\t\t\t\t\t\t\t\t\t\t\t\t\t<img decoding=\"async\" width=\"800\" height=\"533\" src=\"https:\/\/naturefirst.org\/wp-content\/uploads\/3_image2.jpg\" class=\"attachment-large size-large wp-image-1521\" alt=\"\" srcset=\"https:\/\/naturefirst.org\/wp-content\/uploads\/3_image2.jpg 800w, https:\/\/naturefirst.org\/wp-content\/uploads\/3_image2-500x333.jpg 500w, https:\/\/naturefirst.org\/wp-content\/uploads\/3_image2-768x512.jpg 768w, https:\/\/naturefirst.org\/wp-content\/uploads\/3_image2-18x12.jpg 18w\" sizes=\"(max-width: 800px) 100vw, 800px\" \/>\t\t\t\t\t\t\t\t\t\t\t\t\t\t\t<\/div>\n\t\t\t\t<\/div>\n\t\t\t\t\t<\/div>\n\t\t<\/div>\n\t\t\t\t\t<\/div>\n\t\t<\/section>\n\t\t\t\t<section class=\"elementor-section elementor-top-section elementor-element elementor-element-7cbab6e elementor-section-boxed elementor-section-height-default elementor-section-height-default\" data-id=\"7cbab6e\" data-element_type=\"section\" data-e-type=\"section\">\n\t\t\t\t\t\t<div class=\"elementor-container elementor-column-gap-default\">\n\t\t\t\t\t<div class=\"elementor-column elementor-col-100 elementor-top-column elementor-element elementor-element-9647a7d\" data-id=\"9647a7d\" data-element_type=\"column\" data-e-type=\"column\">\n\t\t\t<div class=\"elementor-widget-wrap elementor-element-populated\">\n\t\t\t\t\t\t<div class=\"elementor-element elementor-element-c70a48f elementor-widget elementor-widget-text-editor\" data-id=\"c70a48f\" data-element_type=\"widget\" data-e-type=\"widget\" data-widget_type=\"text-editor.default\">\n\t\t\t\t<div class=\"elementor-widget-container\">\n\t\t\t\t\t\t\t\t\t<h3><strong>Fahrplan<\/strong><\/h3><p class=\"\">Mit einer klaren Richtung, warum wir existieren und wohin wir gehen, haben wir in den letzten Monaten hart gearbeitet. Eines der Dinge, die wir getan haben, ist die Entwicklung eines neuen Partnerschaftsprogramms.<\/p><p class=\"\"><strong>Nature First-Partnerschaftsprogramm<\/strong><\/p><p class=\"\"><strong>Nature First<\/strong>\u00a0glaubt, dass Zusammenarbeit unerl\u00e4sslich ist, um etwas Gro\u00dfes zu erreichen. Wir bem\u00fchen uns daher um die Zusammenarbeit mit anderen Organisationen, die das gemeinsame Ziel verfolgen, die nat\u00fcrlichen und wilden Orte unserer Welt zu sch\u00fctzen und zu erhalten. Nur gemeinsam k\u00f6nnen wir eine bessere Zukunft gestalten. Wir haben daran gearbeitet, ein neues Programm zu entwickeln, das Nature First-Partnerschaftsprogramm f\u00fcr diejenigen Organisationen, die sich mit ihnen zusammenschlie\u00dfen m\u00f6chten\u00a0<strong>Nature First<\/strong>. Es ist ein Programm mit mehreren Partnerschaftsebenen, wobei jede Ebene ein zunehmendes Engagement f\u00fcr die Nature First-Prinzipien zeigt. Dieses Partnerschaftsprogramm richtet sich an Workshopleiter, kleine und gro\u00dfe Unternehmen, Fotofestivals und Fotowettbewerbe oder jede andere Organisationsform, die sich mit Fotografie und Outdoor befasst. Wir geben diesem neuen Partnerschaftsprogramm gerade den letzten Schliff und planen, die Einzelheiten dar\u00fcber, wie Sie beitreten k\u00f6nnen, in naher Zukunft zu ver\u00f6ffentlichen, hoffentlich bis zum Zeitpunkt des n\u00e4chsten Newsletters.<\/p><p class=\"\">Neben dem Partnerschaftsprogramm und unseren Bem\u00fchungen, die Verbreitung der Nature First-Prinzipien auf unserem Planeten zu f\u00f6rdern, haben wir auch eine Reihe von Zielen im Auge, von denen wir glauben, dass sie uns helfen werden, unsere Vision zu erreichen\u00a0<strong>Nature First<\/strong>. Da wir eine auf Freiwilligen basierende Organisation sind und wir alle Jobs haben, z\u00f6gern wir, voraussichtliche Fertigstellungstermine f\u00fcr diese Elemente anzugeben, aber wir listen sie hier auf, damit Sie eine klare Vorstellung davon haben, in welche Richtung wir gehen.<\/p><ul data-rte-list=\"default\"><li><p class=\"\">Erweitern Sie Nature First auf 10.000 Mitglieder und 200 Partnerorganisationen<\/p><\/li><li><p class=\"\">Erstellen Sie Nature First-Werbeartikel, die wir Ihnen anbieten k\u00f6nnen<\/p><\/li><li><p class=\"\">Erleichtern Sie die Schaffung regionaler und genrespezifischer Grunds\u00e4tze<\/p><\/li><li><p class=\"\">Entwickeln Sie professionelle Multimedia-Materialien<\/p><\/li><li><p class=\"\">Erweitern Sie unser Community-Advocate-Programm auf 30 Nationen<\/p><\/li><li><p class=\"\">Erstellen Sie ein Sponsoring-Programm<\/p><\/li><li><p class=\"\">Entwerfen und implementieren Sie ein Schulungs-\/Zertifizierungsprogramm f\u00fcr Mitglieder<\/p><\/li><\/ul><p class=\"\">Wir planen, Sie \u00fcber unsere Fortschritte auf dem Laufenden zu halten. In der Zwischenzeit k\u00f6nnen Sie \u00fcber soziale Medien (Facebook und Instagram) und unsere Website auf dem Laufenden bleiben. Treten Sie auch einer unserer regionalen Facebook-Gruppen bei.<\/p>\t\t\t\t\t\t\t\t<\/div>\n\t\t\t\t<\/div>\n\t\t\t\t\t<\/div>\n\t\t<\/div>\n\t\t\t\t\t<\/div>\n\t\t<\/section>\n\t\t\t\t<section class=\"elementor-section elementor-top-section elementor-element elementor-element-c709bcf elementor-section-boxed elementor-section-height-default elementor-section-height-default\" data-id=\"c709bcf\" data-element_type=\"section\" data-e-type=\"section\">\n\t\t\t\t\t\t<div class=\"elementor-container elementor-column-gap-default\">\n\t\t\t\t\t<div class=\"elementor-column elementor-col-100 elementor-top-column elementor-element elementor-element-2e76386\" data-id=\"2e76386\" data-element_type=\"column\" data-e-type=\"column\">\n\t\t\t<div class=\"elementor-widget-wrap elementor-element-populated\">\n\t\t\t\t\t\t<div class=\"elementor-element elementor-element-fbec012 elementor-widget elementor-widget-image\" data-id=\"fbec012\" data-element_type=\"widget\" data-e-type=\"widget\" data-widget_type=\"image.default\">\n\t\t\t\t<div class=\"elementor-widget-container\">\n\t\t\t\t\t\t\t\t\t\t\t\t\t\t\t<img decoding=\"async\" width=\"800\" height=\"534\" src=\"https:\/\/naturefirst.org\/wp-content\/uploads\/2_image3.jpg\" class=\"attachment-large size-large wp-image-1522\" alt=\"\" srcset=\"https:\/\/naturefirst.org\/wp-content\/uploads\/2_image3.jpg 800w, https:\/\/naturefirst.org\/wp-content\/uploads\/2_image3-500x334.jpg 500w, https:\/\/naturefirst.org\/wp-content\/uploads\/2_image3-768x513.jpg 768w, https:\/\/naturefirst.org\/wp-content\/uploads\/2_image3-18x12.jpg 18w\" sizes=\"(max-width: 800px) 100vw, 800px\" \/>\t\t\t\t\t\t\t\t\t\t\t\t\t\t\t<\/div>\n\t\t\t\t<\/div>\n\t\t\t\t\t<\/div>\n\t\t<\/div>\n\t\t\t\t\t<\/div>\n\t\t<\/section>\n\t\t\t\t<section class=\"elementor-section elementor-top-section elementor-element elementor-element-626c30d elementor-section-boxed elementor-section-height-default elementor-section-height-default\" data-id=\"626c30d\" data-element_type=\"section\" data-e-type=\"section\">\n\t\t\t\t\t\t<div class=\"elementor-container elementor-column-gap-default\">\n\t\t\t\t\t<div class=\"elementor-column elementor-col-100 elementor-top-column elementor-element elementor-element-627a72f\" data-id=\"627a72f\" data-element_type=\"column\" data-e-type=\"column\">\n\t\t\t<div class=\"elementor-widget-wrap elementor-element-populated\">\n\t\t\t\t\t\t<div class=\"elementor-element elementor-element-68770a6 elementor-widget elementor-widget-text-editor\" data-id=\"68770a6\" data-element_type=\"widget\" data-e-type=\"widget\" data-widget_type=\"text-editor.default\">\n\t\t\t\t<div class=\"elementor-widget-container\">\n\t\t\t\t\t\t\t\t\t<p class=\"\"><strong>WAS IST NEU BEI #NATUREFIRST?<\/strong><\/p><p class=\"\">Eine der gro\u00dfen Ver\u00e4nderungen in letzter Zeit ist, dass Brynn Schmidt aus Boulder, Colorado, unsere Social-Media-Aktivit\u00e4ten \u00fcbernommen hat. Seitdem sind wir viel aktiver geworden\u00a0<a href=\"https:\/\/www.facebook.com\/NatureFirstMovement\" target=\"_blank\" rel=\"noopener\">Facebook<\/a>\u00a0und\u00a0<a href=\"https:\/\/www.instagram.com\/naturefirst_org\/\" target=\"_blank\" rel=\"noopener\">Instagram<\/a>. Wir k\u00f6nnen sp\u00e4ter auf andere Social-Media-Kan\u00e4le ausweiten. Wenn Sie unseren Seiten nicht folgen, tun Sie dies bitte. Wenn Sie Neuigkeiten zu Fotografie und Naturschutz haben, die Sie teilen m\u00f6chten, wenden Sie sich bitte an Brynn und lassen Sie es sie wissen.<\/p><p class=\"\">Unser Community Advocate-Programm w\u00e4chst weiter. Wir haben jetzt F\u00fcrsprecher, die 12 Nationen und auch 7 Regionen der Vereinigten Staaten vertreten. Besuche den\u00a0<a href=\"https:\/\/naturefirst.org\/de\/connect-locally\/\" target=\"_blank\" rel=\"noopener\">Regional \u2013 Seite \u201eGruppen\u201c.<\/a>\u00a0auf unserer Website, um zu sehen, ob Ihre Region vertreten ist, und engagieren Sie sich. Wenn es keinen Vertreter gibt und Sie helfen m\u00f6chten, etwas in Ihrer Region zu starten, <a href=\"https:\/\/naturefirst.org\/de\/contact\/\">Kontakt\u00a0<\/a>Kristel Schneider unsere Community Advocates Director.<\/p>\t\t\t\t\t\t\t\t<\/div>\n\t\t\t\t<\/div>\n\t\t\t\t\t<\/div>\n\t\t<\/div>\n\t\t\t\t\t<\/div>\n\t\t<\/section>\n\t\t\t\t<section class=\"elementor-section elementor-top-section elementor-element elementor-element-abeac79 elementor-section-boxed elementor-section-height-default elementor-section-height-default\" data-id=\"abeac79\" data-element_type=\"section\" data-e-type=\"section\">\n\t\t\t\t\t\t<div class=\"elementor-container elementor-column-gap-default\">\n\t\t\t\t\t<div class=\"elementor-column elementor-col-100 elementor-top-column elementor-element elementor-element-241432f\" data-id=\"241432f\" data-element_type=\"column\" data-e-type=\"column\">\n\t\t\t<div class=\"elementor-widget-wrap elementor-element-populated\">\n\t\t\t\t\t\t<div class=\"elementor-element elementor-element-ca6e0c8 elementor-widget elementor-widget-image\" data-id=\"ca6e0c8\" data-element_type=\"widget\" data-e-type=\"widget\" data-widget_type=\"image.default\">\n\t\t\t\t<div class=\"elementor-widget-container\">\n\t\t\t\t\t\t\t\t\t\t\t\t\t\t\t<img loading=\"lazy\" decoding=\"async\" width=\"940\" height=\"788\" src=\"https:\/\/naturefirst.org\/wp-content\/uploads\/3_image4.jpg\" class=\"attachment-large size-large wp-image-1523\" alt=\"\" srcset=\"https:\/\/naturefirst.org\/wp-content\/uploads\/3_image4.jpg 940w, https:\/\/naturefirst.org\/wp-content\/uploads\/3_image4-500x419.jpg 500w, https:\/\/naturefirst.org\/wp-content\/uploads\/3_image4-768x644.jpg 768w, https:\/\/naturefirst.org\/wp-content\/uploads\/3_image4-14x12.jpg 14w\" sizes=\"(max-width: 940px) 100vw, 940px\" \/>\t\t\t\t\t\t\t\t\t\t\t\t\t\t\t<\/div>\n\t\t\t\t<\/div>\n\t\t\t\t\t<\/div>\n\t\t<\/div>\n\t\t\t\t\t<\/div>\n\t\t<\/section>\n\t\t\t\t<section class=\"elementor-section elementor-top-section elementor-element elementor-element-13d0b17 elementor-section-boxed elementor-section-height-default elementor-section-height-default\" data-id=\"13d0b17\" data-element_type=\"section\" data-e-type=\"section\">\n\t\t\t\t\t\t<div class=\"elementor-container elementor-column-gap-default\">\n\t\t\t\t\t<div class=\"elementor-column elementor-col-100 elementor-top-column elementor-element elementor-element-f4db4eb\" data-id=\"f4db4eb\" data-element_type=\"column\" data-e-type=\"column\">\n\t\t\t<div class=\"elementor-widget-wrap elementor-element-populated\">\n\t\t\t\t\t\t<div class=\"elementor-element elementor-element-7485f33 elementor-widget elementor-widget-text-editor\" data-id=\"7485f33\" data-element_type=\"widget\" data-e-type=\"widget\" data-widget_type=\"text-editor.default\">\n\t\t\t\t<div class=\"elementor-widget-container\">\n\t\t\t\t\t\t\t\t\t<p class=\"\">Seit wir unseren letzten Newsletter verschickt haben, sind die folgenden Personen unserem Community Advocate Program beigetreten. Schauen Sie sich unbedingt ihre Websites an und wenn Sie in ihrer Region sind, setzen Sie sich mit ihnen in Verbindung, um sich zu engagieren.<\/p><p class=\"\"><strong>Neue Community-Bef\u00fcrworter:<\/strong><\/p><ul><li>Chile \u2013 Andres Puiggros<\/li><li>Italien - Cristiana Damiano<\/li><li>Niederlande &amp; Belgien \u2013 Loulou Biber<\/li><li>Rum\u00e4nien \u2013 Daniel M\u00eerlea &amp; Andreea Popescu<\/li><li>Slowenien \u2013 Petra Dra\u0161kovi\u010d Pelc<\/li><li>USA Nordosten \u2013 James Johnston &amp; Chrissy Donadi<\/li><li>Mittlerer Westen der USA \u2013 Kristen Ryan Australien \u2013 Elliot Connor<\/li><\/ul><p class=\"\">Wir freuen uns sehr, Ihnen mitteilen zu k\u00f6nnen, dass wir jetzt ein Team von Community Advocates haben, die die Prinzipien von vertreten und f\u00f6rdern\u00a0<strong>Nature First\u00a0<\/strong>f\u00fcr die chinesischsprachige Gemeinschaft auf der ganzen Welt. Jay Huang, Xiu Yu und Willa Wei aus den Vereinigten Staaten werden zusammen mit mehreren anderen diese Initiative leiten. Sie sind bereits mit einer umfangreichen Gruppe Mandarin sprechender Fotografen verbunden und hoffen, die Werte von zu sehen\u00a0<strong>Nature First<\/strong>\u00a0in dieser Gemeinschaft bekannt und weithin praktiziert werden.<\/p><p class=\"\"><strong>Neue regionale Teammitglieder<\/strong><\/p><ul><li>Nature First (de Lage Landen \u2013 NLD &amp; BE) \u2013 Renate van den Boom, Etienne Courtens<\/li><li>Nature First (Frankreich) \u2013 Ambre de l\u2019Alpe, Julien Butheau, Arnaud N\u00e9daud<\/li><li>Nature First (Italien) \u2013 Andrea Celli<\/li><\/ul><p class=\"\">Vielen Dank f\u00fcr Ihre anhaltende Unterst\u00fctzung von\u00a0<strong>Nature First<\/strong>. Wie immer k\u00f6nnen Sie uns auch dabei helfen, das Wort auf unseren eigenen Social-Media-Seiten zu verbreiten (<a href=\"https:\/\/www.facebook.com\/NatureFirstMovement\" target=\"_blank\" rel=\"noopener\">Facebook<\/a>\u00a0und\u00a0<a href=\"https:\/\/www.instagram.com\/naturefirst_org\/\" target=\"_blank\" rel=\"noopener\">Instagram<\/a>), auf YouTube und unter Verwendung der Hashtags #naturefirst und #naturefirstprinciples.<\/p><p class=\"\"><strong>Christel Schneider<\/strong>\u00a0\u2013 Gemeindeanwaltsdirektor<\/p><p class=\"\">Nature First-Team<\/p>\t\t\t\t\t\t\t\t<\/div>\n\t\t\t\t<\/div>\n\t\t\t\t\t<\/div>\n\t\t<\/div>\n\t\t\t\t\t<\/div>\n\t\t<\/section>\n\t\t\t\t<\/div>","protected":false},"excerpt":{"rendered":"<p class=\"\">Vielen Dank f\u00fcr alles, was Sie tun, um diese Bewegung in diesen immer noch sehr schwierigen Zeiten voranzubringen. W\u00e4hrend viele von Ihnen wieder rausgehen und die Natur genie\u00dfen k\u00f6nnen, gibt es immer noch viele von Ihnen, die sich mit den Einschr\u00e4nkungen von Covid-19 auseinandersetzen m\u00fcssen, wie zum Beispiel, w\u00e4hrend dieser Sommerzeit drinnen zu bleiben. Dies hatte uns die Arbeit vers\u00fc\u00dft <strong>Nature First<\/strong> herausfordernder. Gl\u00fccklicherweise sehen wir auch ermutigende Dinge passieren. Immer mehr Fotografen schlie\u00dfen sich der Bewegung an und krempeln die \u00c4rmel hoch.<\/p>","protected":false},"author":36,"featured_media":109,"comment_status":"closed","ping_status":"open","sticky":false,"template":"","format":"standard","meta":{"_mo_disable_npp":"","site-sidebar-layout":"default","site-content-layout":"","ast-site-content-layout":"default","site-content-style":"default","site-sidebar-style":"default","ast-global-header-display":"","ast-banner-title-visibility":"","ast-main-header-display":"","ast-hfb-above-header-display":"","ast-hfb-below-header-display":"","ast-hfb-mobile-header-display":"","site-post-title":"","ast-breadcrumbs-content":"","ast-featured-img":"","footer-sml-layout":"","ast-disable-related-posts":"","theme-transparent-header-meta":"","adv-header-id-meta":"","stick-header-meta":"","header-above-stick-meta":"","header-main-stick-meta":"","header-below-stick-meta":"","astra-migrate-meta-layouts":"default","ast-page-background-enabled":"default","ast-page-background-meta":{"desktop":{"background-color":"","background-image":"","background-repeat":"repeat","background-position":"center center","background-size":"auto","background-attachment":"scroll","background-type":"","background-media":"","overlay-type":"","overlay-color":"","overlay-opacity":"","overlay-gradient":""},"tablet":{"background-color":"","background-image":"","background-repeat":"repeat","background-position":"center center","background-size":"auto","background-attachment":"scroll","background-type":"","background-media":"","overlay-type":"","overlay-color":"","overlay-opacity":"","overlay-gradient":""},"mobile":{"background-color":"","background-image":"","background-repeat":"repeat","background-position":"center center","background-size":"auto","background-attachment":"scroll","background-type":"","background-media":"","overlay-type":"","overlay-color":"","overlay-opacity":"","overlay-gradient":""}},"ast-content-background-meta":{"desktop":{"background-color":"var(--ast-global-color-5)","background-image":"","background-repeat":"repeat","background-position":"center center","background-size":"auto","background-attachment":"scroll","background-type":"","background-media":"","overlay-type":"","overlay-color":"","overlay-opacity":"","overlay-gradient":""},"tablet":{"background-color":"var(--ast-global-color-5)","background-image":"","background-repeat":"repeat","background-position":"center center","background-size":"auto","background-attachment":"scroll","background-type":"","background-media":"","overlay-type":"","overlay-color":"","overlay-opacity":"","overlay-gradient":""},"mobile":{"background-color":"var(--ast-global-color-5)","background-image":"","background-repeat":"repeat","background-position":"center center","background-size":"auto","background-attachment":"scroll","background-type":"","background-media":"","overlay-type":"","overlay-color":"","overlay-opacity":"","overlay-gradient":""}},"footnotes":""},"categories":[1],"tags":[],"ppma_author":[48],"class_list":["post-1253","post","type-post","status-publish","format-standard","has-post-thumbnail","hentry","category-uncategorized"],"aioseo_notices":[],"authors":[{"term_id":48,"user_id":36,"is_guest":0,"slug":"jonnorris-nf","display_name":"Jon Norris","avatar_url":"https:\/\/naturefirst.org\/wp-content\/litespeed\/avatar\/5a1f8e7595e193d9f04032a8a8742e36.jpg?ver=1777143006","0":null,"1":"","2":"","3":"","4":"","5":"","6":"","7":"","8":""}],"_links":{"self":[{"href":"https:\/\/naturefirst.org\/de\/wp-json\/wp\/v2\/posts\/1253","targetHints":{"allow":["GET"]}}],"collection":[{"href":"https:\/\/naturefirst.org\/de\/wp-json\/wp\/v2\/posts"}],"about":[{"href":"https:\/\/naturefirst.org\/de\/wp-json\/wp\/v2\/types\/post"}],"author":[{"embeddable":true,"href":"https:\/\/naturefirst.org\/de\/wp-json\/wp\/v2\/users\/36"}],"replies":[{"embeddable":true,"href":"https:\/\/naturefirst.org\/de\/wp-json\/wp\/v2\/comments?post=1253"}],"version-history":[{"count":16,"href":"https:\/\/naturefirst.org\/de\/wp-json\/wp\/v2\/posts\/1253\/revisions"}],"predecessor-version":[{"id":4424,"href":"https:\/\/naturefirst.org\/de\/wp-json\/wp\/v2\/posts\/1253\/revisions\/4424"}],"wp:featuredmedia":[{"embeddable":true,"href":"https:\/\/naturefirst.org\/de\/wp-json\/wp\/v2\/media\/109"}],"wp:attachment":[{"href":"https:\/\/naturefirst.org\/de\/wp-json\/wp\/v2\/media?parent=1253"}],"wp:term":[{"taxonomy":"category","embeddable":true,"href":"https:\/\/naturefirst.org\/de\/wp-json\/wp\/v2\/categories?post=1253"},{"taxonomy":"post_tag","embeddable":true,"href":"https:\/\/naturefirst.org\/de\/wp-json\/wp\/v2\/tags?post=1253"},{"taxonomy":"author","embeddable":true,"href":"https:\/\/naturefirst.org\/de\/wp-json\/wp\/v2\/ppma_author?post=1253"}],"curies":[{"name":"wp","href":"https:\/\/api.w.org\/{rel}","templated":true}]}}