{"id":2202,"date":"2022-11-07T21:58:27","date_gmt":"2022-11-07T21:58:27","guid":{"rendered":"https:\/\/naturefirst.org\/?p=2202"},"modified":"2024-07-03T07:17:51","modified_gmt":"2024-07-03T13:17:51","slug":"developing-a-sense-of-place","status":"publish","type":"post","link":"https:\/\/naturefirst.org\/es\/news-items\/2022\/11\/07\/developing-a-sense-of-place\/","title":{"rendered":"Desarrollar un sentido del lugar"},"content":{"rendered":"<div data-elementor-type=\"wp-post\" data-elementor-id=\"2202\" class=\"elementor elementor-2202\" data-elementor-post-type=\"post\">\n\t\t\t\t\t\t<section class=\"elementor-section elementor-top-section elementor-element elementor-element-394d25aa elementor-section-boxed elementor-section-height-default elementor-section-height-default\" data-id=\"394d25aa\" data-element_type=\"section\" data-e-type=\"section\">\n\t\t\t\t\t\t<div class=\"elementor-container elementor-column-gap-default\">\n\t\t\t\t\t<div class=\"elementor-column elementor-col-100 elementor-top-column elementor-element elementor-element-1df8bb2\" data-id=\"1df8bb2\" data-element_type=\"column\" data-e-type=\"column\">\n\t\t\t<div class=\"elementor-widget-wrap elementor-element-populated\">\n\t\t\t\t\t\t<div class=\"elementor-element elementor-element-68e3ed4 elementor-widget elementor-widget-post-info\" data-id=\"68e3ed4\" data-element_type=\"widget\" data-e-type=\"widget\" data-widget_type=\"post-info.default\">\n\t\t\t\t<div class=\"elementor-widget-container\">\n\t\t\t\t\t\t\t<ul class=\"elementor-inline-items elementor-icon-list-items elementor-post-info\">\n\t\t\t\t\t\t\t\t<li class=\"elementor-icon-list-item elementor-repeater-item-435c911 elementor-inline-item\" itemprop=\"datePublished\">\n\t\t\t\t\t\t<a href=\"https:\/\/naturefirst.org\/es\/news-items\/2022\/11\/07\/\">\n\t\t\t\t\t\t\t\t\t\t\t<span class=\"elementor-icon-list-icon\">\n\t\t\t\t\t\t\t\t<i aria-hidden=\"true\" class=\"fas fa-calendar\"><\/i>\t\t\t\t\t\t\t<\/span>\n\t\t\t\t\t\t\t\t\t<span class=\"elementor-icon-list-text elementor-post-info__item elementor-post-info__item--type-date\">\n\t\t\t\t\t\t\t\t\t\t<time>noviembre 7, 2022<\/time>\t\t\t\t\t<\/span>\n\t\t\t\t\t\t\t\t\t<\/a>\n\t\t\t\t<\/li>\n\t\t\t\t<\/ul>\n\t\t\t\t\t\t<\/div>\n\t\t\t\t<\/div>\n\t\t\t\t<div class=\"elementor-element elementor-element-a7aa432 elementor-widget elementor-widget-text-editor\" data-id=\"a7aa432\" data-element_type=\"widget\" data-e-type=\"widget\" data-widget_type=\"text-editor.default\">\n\t\t\t\t<div class=\"elementor-widget-container\">\n\t\t\t\t\t\t\t\t\t<p><\/p>\n<p>Durante la pandemia, muchas personas redescubrieron la naturaleza como un escape acogedor del refugio en casa. Las personas caminaron por senderos locales, caminaron por sus vecindarios o simplemente se sentaron afuera para observar la naturaleza en sus propios patios traseros. Para m\u00ed, fue un momento en el que desempolv\u00e9 mi c\u00e1mara y redescubr\u00ed mi pasi\u00f3n por capturar bellas im\u00e1genes en exteriores. Estaba emocionado de volver a conectarme con la naturaleza, pero quer\u00eda abordar mi fotograf\u00eda de manera un poco diferente. No quer\u00eda caminar a ciegas haciendo clic en todo lo que ve\u00eda. Quer\u00eda hacerlo con prop\u00f3sito, comprensi\u00f3n y respeto.\u00a0<\/p>\n<p><\/p>\t\t\t\t\t\t\t\t<\/div>\n\t\t\t\t<\/div>\n\t\t\t\t<div class=\"elementor-element elementor-element-d4d832b elementor-widget elementor-widget-image\" data-id=\"d4d832b\" data-element_type=\"widget\" data-e-type=\"widget\" data-widget_type=\"image.default\">\n\t\t\t\t<div class=\"elementor-widget-container\">\n\t\t\t\t\t\t\t\t\t\t\t\t<figure class=\"wp-caption\">\n\t\t\t\t\t\t\t\t\t\t<img fetchpriority=\"high\" decoding=\"async\" width=\"1024\" height=\"791\" src=\"https:\/\/naturefirst.org\/wp-content\/uploads\/Bobcat-Stalk-PR-1024x791.jpg\" class=\"attachment-large size-large wp-image-2218\" alt=\"\" srcset=\"https:\/\/naturefirst.org\/wp-content\/uploads\/Bobcat-Stalk-PR-1024x791.jpg 1024w, https:\/\/naturefirst.org\/wp-content\/uploads\/Bobcat-Stalk-PR-500x386.jpg 500w, https:\/\/naturefirst.org\/wp-content\/uploads\/Bobcat-Stalk-PR-768x593.jpg 768w, https:\/\/naturefirst.org\/wp-content\/uploads\/Bobcat-Stalk-PR-16x12.jpg 16w, https:\/\/naturefirst.org\/wp-content\/uploads\/Bobcat-Stalk-PR.jpg 1200w\" sizes=\"(max-width: 1024px) 100vw, 1024px\" \/>\t\t\t\t\t\t\t\t\t\t\t<figcaption class=\"widget-image-caption wp-caption-text\">Bobcat Stalk - Point Reyes \u00a9 Stephanie Becker 2022. Todos los derechos reservados. <\/figcaption>\n\t\t\t\t\t\t\t\t\t\t<\/figure>\n\t\t\t\t\t\t\t\t\t<\/div>\n\t\t\t\t<\/div>\n\t\t\t\t<div class=\"elementor-element elementor-element-c55c97d elementor-widget elementor-widget-text-editor\" data-id=\"c55c97d\" data-element_type=\"widget\" data-e-type=\"widget\" data-widget_type=\"text-editor.default\">\n\t\t\t\t<div class=\"elementor-widget-container\">\n\t\t\t\t\t\t\t\t\t<p>Empec\u00e9 a seguir a fot\u00f3grafos que priorizaban el bienestar de la naturaleza sobre la fotograf\u00eda y vi lo impactantes y hermosas que eran sus im\u00e1genes. Vi sus seminarios web, consult\u00e9 con ellos e incluso tuve el placer de participar en recorridos fotogr\u00e1ficos con ellos. Dos de mis fot\u00f3grafos favoritos de todos los tiempos, Melissa Groo y Daniel Dietrich, fueron mi inspiraci\u00f3n y encarnaron todos los principios de Nature First que sigo siguiendo hoy.<\/p>\n<p>Algo que reson\u00f3 profundamente en m\u00ed fue la idea de que si te tomas el tiempo de aprender sobre el tema, ya sean los tipos de plantas que atraen a las abejas, los patrones de migraci\u00f3n de las aves o los cantos de los coyotes, tendr\u00e1s un respeto m\u00e1s profundo y apreciaci\u00f3n de su tema y la capacidad de compartir ese conocimiento con otros a trav\u00e9s de sus im\u00e1genes. Est\u00e1 poniendo Nature First con lo que yo llamo aprender, luego haga clic en acercarse.<\/p>\t\t\t\t\t\t\t\t<\/div>\n\t\t\t\t<\/div>\n\t\t\t\t<div class=\"elementor-element elementor-element-e1c59d1 elementor-widget elementor-widget-image\" data-id=\"e1c59d1\" data-element_type=\"widget\" data-e-type=\"widget\" data-widget_type=\"image.default\">\n\t\t\t\t<div class=\"elementor-widget-container\">\n\t\t\t\t\t\t\t\t\t\t\t\t<figure class=\"wp-caption\">\n\t\t\t\t\t\t\t\t\t\t<img decoding=\"async\" width=\"1024\" height=\"683\" src=\"https:\/\/naturefirst.org\/wp-content\/uploads\/White-crowned-Sparrow-Pt-Reyes-1024x683.jpg\" class=\"attachment-large size-large wp-image-2217\" alt=\"\" srcset=\"https:\/\/naturefirst.org\/wp-content\/uploads\/White-crowned-Sparrow-Pt-Reyes-1024x683.jpg 1024w, https:\/\/naturefirst.org\/wp-content\/uploads\/White-crowned-Sparrow-Pt-Reyes-500x333.jpg 500w, https:\/\/naturefirst.org\/wp-content\/uploads\/White-crowned-Sparrow-Pt-Reyes-768x512.jpg 768w, https:\/\/naturefirst.org\/wp-content\/uploads\/White-crowned-Sparrow-Pt-Reyes-1536x1024.jpg 1536w, https:\/\/naturefirst.org\/wp-content\/uploads\/White-crowned-Sparrow-Pt-Reyes-18x12.jpg 18w, https:\/\/naturefirst.org\/wp-content\/uploads\/White-crowned-Sparrow-Pt-Reyes.jpg 1920w\" sizes=\"(max-width: 1024px) 100vw, 1024px\" \/>\t\t\t\t\t\t\t\t\t\t\t<figcaption class=\"widget-image-caption wp-caption-text\">Gorri\u00f3n corona blanca - Point Reyes \u00a9 Stephanie Becker 2022. Todos los derechos reservados. <\/figcaption>\n\t\t\t\t\t\t\t\t\t\t<\/figure>\n\t\t\t\t\t\t\t\t\t<\/div>\n\t\t\t\t<\/div>\n\t\t\t\t<div class=\"elementor-element elementor-element-293b787 elementor-widget elementor-widget-text-editor\" data-id=\"293b787\" data-element_type=\"widget\" data-e-type=\"widget\" data-widget_type=\"text-editor.default\">\n\t\t\t\t<div class=\"elementor-widget-container\">\n\t\t\t\t\t\t\t\t\t<p>Decid\u00ed que una excelente manera de comprender mejor el entorno que estaba fotografiando era desarrollar un sentido del lugar y convertirme en un naturalista certificado aprendiendo sobre los suelos y el clima locales, los recursos h\u00eddricos, las plantas, los invertebrados, las aves, los mam\u00edferos, la vida silvestre y la administraci\u00f3n de nuestros recursos naturales. Empec\u00e9 a fotografiar a trav\u00e9s de una lente diferente, por as\u00ed decirlo. Investigu\u00e9 los lugares a los que ir\u00eda mientras tomaba nota cuidadosa de los senderos a seguir para evitar da\u00f1ar el h\u00e1bitat sensible. Utilic\u00e9 gu\u00edas de campo para comprender las diversas plantas y especies de insectos y aves y d\u00f3nde podr\u00eda encontrarlas. Tambi\u00e9n estudi\u00e9 los comportamientos de ciertos mam\u00edferos para comprender su lenguaje corporal y las se\u00f1ales de cu\u00e1ndo podr\u00edan estar estresados. Asegurarse de que sus sujetos no est\u00e9n estresados por su presencia es muy importante y saber cu\u00e1ndo debe guardar su clic y marcharse es poner Nature First.<\/p>\t\t\t\t\t\t\t\t<\/div>\n\t\t\t\t<\/div>\n\t\t\t\t<div class=\"elementor-element elementor-element-02884ae elementor-widget elementor-widget-image\" data-id=\"02884ae\" data-element_type=\"widget\" data-e-type=\"widget\" data-widget_type=\"image.default\">\n\t\t\t\t<div class=\"elementor-widget-container\">\n\t\t\t\t\t\t\t\t\t\t\t\t<figure class=\"wp-caption\">\n\t\t\t\t\t\t\t\t\t\t<img decoding=\"async\" width=\"1024\" height=\"791\" src=\"https:\/\/naturefirst.org\/wp-content\/uploads\/Male-Northern-Harrier-Point-Reyes-1024x791.jpg\" class=\"attachment-large size-large wp-image-2215\" alt=\"\" srcset=\"https:\/\/naturefirst.org\/wp-content\/uploads\/Male-Northern-Harrier-Point-Reyes-1024x791.jpg 1024w, https:\/\/naturefirst.org\/wp-content\/uploads\/Male-Northern-Harrier-Point-Reyes-500x386.jpg 500w, https:\/\/naturefirst.org\/wp-content\/uploads\/Male-Northern-Harrier-Point-Reyes-768x593.jpg 768w, https:\/\/naturefirst.org\/wp-content\/uploads\/Male-Northern-Harrier-Point-Reyes-16x12.jpg 16w, https:\/\/naturefirst.org\/wp-content\/uploads\/Male-Northern-Harrier-Point-Reyes.jpg 1200w\" sizes=\"(max-width: 1024px) 100vw, 1024px\" \/>\t\t\t\t\t\t\t\t\t\t\t<figcaption class=\"widget-image-caption wp-caption-text\">Aguilucho norte\u00f1o macho - Point Reyes \u00a9 Stephanie Becker 2022. Todos los derechos reservados. <\/figcaption>\n\t\t\t\t\t\t\t\t\t\t<\/figure>\n\t\t\t\t\t\t\t\t\t<\/div>\n\t\t\t\t<\/div>\n\t\t\t\t<div class=\"elementor-element elementor-element-b1634b0 elementor-widget elementor-widget-text-editor\" data-id=\"b1634b0\" data-element_type=\"widget\" data-e-type=\"widget\" data-widget_type=\"text-editor.default\">\n\t\t\t\t<div class=\"elementor-widget-container\">\n\t\t\t\t\t\t\t\t\t<p>Tambi\u00e9n aprend\u00ed que lo que haces con una imagen es tan importante como c\u00f3mo la obtienes. Es decir, no se trata solo de aplicar los principios Nature First cuando captura la imagen, sino de aplicar esos principios cuando comparte esa imagen. \u00bfC\u00f3mo est\u00e1s representando el tema? Un coyote que est\u00e1 acechando a su presa puede ser una foto de aspecto intenso, pero ser\u00eda enga\u00f1oso escribir un pie de foto que diga &quot;aterrador encuentro con un coyote hoy&quot; cuando el coyote simplemente estaba cazando para comer. O incluso sin subt\u00edtulos, las personas pueden malinterpretar lo que est\u00e1n viendo. Creo que este es un punto importante. Muchas im\u00e1genes se comparten una y otra vez a trav\u00e9s de las redes sociales y se pueden sacar f\u00e1cilmente de contexto sin los subt\u00edtulos correctos. Adem\u00e1s, es importante tener cuidado al compartir ubicaciones, especialmente nidos de p\u00e1jaros o madrigueras de animales, que podr\u00edan atraer a m\u00e1s personas a ese sitio y, sin querer, alejar a los padres de sus cr\u00edas. Poner Nature First tambi\u00e9n es mirar el posible impacto de tus acciones al compartir im\u00e1genes con el p\u00fablico.<\/p>\t\t\t\t\t\t\t\t<\/div>\n\t\t\t\t<\/div>\n\t\t\t\t<div class=\"elementor-element elementor-element-a247b66 elementor-widget elementor-widget-image\" data-id=\"a247b66\" data-element_type=\"widget\" data-e-type=\"widget\" data-widget_type=\"image.default\">\n\t\t\t\t<div class=\"elementor-widget-container\">\n\t\t\t\t\t\t\t\t\t\t\t\t<figure class=\"wp-caption\">\n\t\t\t\t\t\t\t\t\t\t<img loading=\"lazy\" decoding=\"async\" width=\"1024\" height=\"690\" src=\"https:\/\/naturefirst.org\/wp-content\/uploads\/Sunset_Call-1024x690.jpg\" class=\"attachment-large size-large wp-image-2216\" alt=\"\" srcset=\"https:\/\/naturefirst.org\/wp-content\/uploads\/Sunset_Call-1024x690.jpg 1024w, https:\/\/naturefirst.org\/wp-content\/uploads\/Sunset_Call-500x337.jpg 500w, https:\/\/naturefirst.org\/wp-content\/uploads\/Sunset_Call-768x518.jpg 768w, https:\/\/naturefirst.org\/wp-content\/uploads\/Sunset_Call-1536x1035.jpg 1536w, https:\/\/naturefirst.org\/wp-content\/uploads\/Sunset_Call-18x12.jpg 18w, https:\/\/naturefirst.org\/wp-content\/uploads\/Sunset_Call.jpg 1920w\" sizes=\"(max-width: 1024px) 100vw, 1024px\" \/>\t\t\t\t\t\t\t\t\t\t\t<figcaption class=\"widget-image-caption wp-caption-text\">Llamada al atardecer \u00a9 Stephanie Becker 2022. Todos los derechos reservados. <\/figcaption>\n\t\t\t\t\t\t\t\t\t\t<\/figure>\n\t\t\t\t\t\t\t\t\t<\/div>\n\t\t\t\t<\/div>\n\t\t\t\t<div class=\"elementor-element elementor-element-01d3810 elementor-widget elementor-widget-text-editor\" data-id=\"01d3810\" data-element_type=\"widget\" data-e-type=\"widget\" data-widget_type=\"text-editor.default\">\n\t\t\t\t<div class=\"elementor-widget-container\">\n\t\t\t\t\t\t\t\t\t<p>Como fot\u00f3grafos, hay mucho que podemos hacer para crear im\u00e1genes hermosas, \u00e9ticas e impactantes:<\/p>\n<ul>\n<li>Investiga el tema que te gustar\u00eda fotografiar.<\/li>\n<li>Investigue la ubicaci\u00f3n de su sujeto y las normas y reglamentos, y adhi\u00e9rase a las <a href=\"https:\/\/lnt.org\/\">No dejar rastro<\/a><\/li>\n<li>Observe a su sujeto antes de hacer clic manteniendo una distancia segura, tomando nota de su entorno y lenguaje corporal.<\/li>\n<li>Cuando comparta sus fotos, intente brindar educaci\u00f3n sobre el tema y use subt\u00edtulos apropiados.<\/li>\n<li>Evite compartir ubicaciones de h\u00e1bitats sensibles y vida silvestre.<\/li>\n<li>Sigue siempre la <a href=\"https:\/\/naturefirst.org\/es\/principles\/\">Principios Nature First<\/a><\/li>\n<\/ul>\n<p>Todas las im\u00e1genes que ve en este art\u00edculo fueron fotografiadas con una lente larga y recortadas para darle espacio al sujeto.<\/p>\t\t\t\t\t\t\t\t<\/div>\n\t\t\t\t<\/div>\n\t\t\t\t\t<\/div>\n\t\t<\/div>\n\t\t\t\t\t<\/div>\n\t\t<\/section>\n\t\t\t\t<\/div>","protected":false},"excerpt":{"rendered":"<p>Durante la pandemia, muchas personas redescubrieron la naturaleza como un escape acogedor del refugio en casa. Las personas caminaron por senderos locales, caminaron por sus vecindarios o simplemente se sentaron afuera para observar la naturaleza en sus propios patios traseros. Para m\u00ed, fue un momento en el que desempolv\u00e9 mi c\u00e1mara y redescubr\u00ed mi pasi\u00f3n por capturar bellas im\u00e1genes en exteriores.\u00a0<\/p>","protected":false},"author":3301,"featured_media":2210,"comment_status":"closed","ping_status":"open","sticky":false,"template":"","format":"standard","meta":{"_mo_disable_npp":"","site-sidebar-layout":"default","site-content-layout":"","ast-site-content-layout":"default","site-content-style":"default","site-sidebar-style":"default","ast-global-header-display":"","ast-banner-title-visibility":"","ast-main-header-display":"","ast-hfb-above-header-display":"","ast-hfb-below-header-display":"","ast-hfb-mobile-header-display":"","site-post-title":"","ast-breadcrumbs-content":"","ast-featured-img":"","footer-sml-layout":"","ast-disable-related-posts":"","theme-transparent-header-meta":"","adv-header-id-meta":"","stick-header-meta":"","header-above-stick-meta":"","header-main-stick-meta":"","header-below-stick-meta":"","astra-migrate-meta-layouts":"default","ast-page-background-enabled":"default","ast-page-background-meta":{"desktop":{"background-color":"","background-image":"","background-repeat":"repeat","background-position":"center center","background-size":"auto","background-attachment":"scroll","background-type":"","background-media":"","overlay-type":"","overlay-color":"","overlay-opacity":"","overlay-gradient":""},"tablet":{"background-color":"","background-image":"","background-repeat":"repeat","background-position":"center center","background-size":"auto","background-attachment":"scroll","background-type":"","background-media":"","overlay-type":"","overlay-color":"","overlay-opacity":"","overlay-gradient":""},"mobile":{"background-color":"","background-image":"","background-repeat":"repeat","background-position":"center center","background-size":"auto","background-attachment":"scroll","background-type":"","background-media":"","overlay-type":"","overlay-color":"","overlay-opacity":"","overlay-gradient":""}},"ast-content-background-meta":{"desktop":{"background-color":"var(--ast-global-color-5)","background-image":"","background-repeat":"repeat","background-position":"center center","background-size":"auto","background-attachment":"scroll","background-type":"","background-media":"","overlay-type":"","overlay-color":"","overlay-opacity":"","overlay-gradient":""},"tablet":{"background-color":"var(--ast-global-color-5)","background-image":"","background-repeat":"repeat","background-position":"center center","background-size":"auto","background-attachment":"scroll","background-type":"","background-media":"","overlay-type":"","overlay-color":"","overlay-opacity":"","overlay-gradient":""},"mobile":{"background-color":"var(--ast-global-color-5)","background-image":"","background-repeat":"repeat","background-position":"center center","background-size":"auto","background-attachment":"scroll","background-type":"","background-media":"","overlay-type":"","overlay-color":"","overlay-opacity":"","overlay-gradient":""}},"footnotes":""},"categories":[67],"tags":[],"ppma_author":[62],"class_list":["post-2202","post","type-post","status-publish","format-standard","has-post-thumbnail","hentry","category-wildlife"],"aioseo_notices":[],"authors":[{"term_id":62,"user_id":3301,"is_guest":0,"slug":"stephaniesbeckergmail-com","display_name":"Stephanie Becker","avatar_url":"https:\/\/naturefirst.org\/wp-content\/litespeed\/avatar\/acdff86ab94d8bae54a04777b5835587.jpg?ver=1777194142","0":null,"1":"","2":"","3":"","4":"","5":"","6":"","7":"","8":""}],"_links":{"self":[{"href":"https:\/\/naturefirst.org\/es\/wp-json\/wp\/v2\/posts\/2202","targetHints":{"allow":["GET"]}}],"collection":[{"href":"https:\/\/naturefirst.org\/es\/wp-json\/wp\/v2\/posts"}],"about":[{"href":"https:\/\/naturefirst.org\/es\/wp-json\/wp\/v2\/types\/post"}],"author":[{"embeddable":true,"href":"https:\/\/naturefirst.org\/es\/wp-json\/wp\/v2\/users\/3301"}],"replies":[{"embeddable":true,"href":"https:\/\/naturefirst.org\/es\/wp-json\/wp\/v2\/comments?post=2202"}],"version-history":[{"count":20,"href":"https:\/\/naturefirst.org\/es\/wp-json\/wp\/v2\/posts\/2202\/revisions"}],"predecessor-version":[{"id":4998,"href":"https:\/\/naturefirst.org\/es\/wp-json\/wp\/v2\/posts\/2202\/revisions\/4998"}],"wp:featuredmedia":[{"embeddable":true,"href":"https:\/\/naturefirst.org\/es\/wp-json\/wp\/v2\/media\/2210"}],"wp:attachment":[{"href":"https:\/\/naturefirst.org\/es\/wp-json\/wp\/v2\/media?parent=2202"}],"wp:term":[{"taxonomy":"category","embeddable":true,"href":"https:\/\/naturefirst.org\/es\/wp-json\/wp\/v2\/categories?post=2202"},{"taxonomy":"post_tag","embeddable":true,"href":"https:\/\/naturefirst.org\/es\/wp-json\/wp\/v2\/tags?post=2202"},{"taxonomy":"author","embeddable":true,"href":"https:\/\/naturefirst.org\/es\/wp-json\/wp\/v2\/ppma_author?post=2202"}],"curies":[{"name":"gracias","href":"https:\/\/api.w.org\/{rel}","templated":true}]}}