{"id":1250,"date":"2020-10-16T22:04:00","date_gmt":"2020-10-16T22:04:00","guid":{"rendered":"https:\/\/naturefirst.org\/2020-11-3-2020-autumn-newsletter\/"},"modified":"2022-12-02T14:16:49","modified_gmt":"2022-12-02T21:16:49","slug":"2020-autumn-newsletter","status":"publish","type":"post","link":"https:\/\/naturefirst.org\/fr\/news-items\/2020\/10\/16\/2020-autumn-newsletter\/","title":{"rendered":"Bulletin Automne 2020"},"content":{"rendered":"<div data-elementor-type=\"wp-post\" data-elementor-id=\"1250\" class=\"elementor elementor-1250\" data-elementor-post-type=\"post\">\n\t\t\t\t\t\t<section class=\"elementor-section elementor-top-section elementor-element elementor-element-b222d40 elementor-section-boxed elementor-section-height-default elementor-section-height-default\" data-id=\"b222d40\" data-element_type=\"section\" data-e-type=\"section\">\n\t\t\t\t\t\t<div class=\"elementor-container elementor-column-gap-default\">\n\t\t\t\t\t<div class=\"elementor-column elementor-col-100 elementor-top-column elementor-element elementor-element-6f28dfd\" data-id=\"6f28dfd\" data-element_type=\"column\" data-e-type=\"column\">\n\t\t\t<div class=\"elementor-widget-wrap elementor-element-populated\">\n\t\t\t\t\t\t<div class=\"elementor-element elementor-element-9ae4b14 elementor-widget elementor-widget-post-info\" data-id=\"9ae4b14\" data-element_type=\"widget\" data-e-type=\"widget\" data-widget_type=\"post-info.default\">\n\t\t\t\t<div class=\"elementor-widget-container\">\n\t\t\t\t\t\t\t<ul class=\"elementor-inline-items elementor-icon-list-items elementor-post-info\">\n\t\t\t\t\t\t\t\t<li class=\"elementor-icon-list-item elementor-repeater-item-bdcbafd elementor-inline-item\" itemprop=\"datePublished\">\n\t\t\t\t\t\t<a href=\"https:\/\/naturefirst.org\/fr\/news-items\/2020\/10\/16\/\">\n\t\t\t\t\t\t\t\t\t\t\t<span class=\"elementor-icon-list-icon\">\n\t\t\t\t\t\t\t\t<i aria-hidden=\"true\" class=\"fas fa-calendar\"><\/i>\t\t\t\t\t\t\t<\/span>\n\t\t\t\t\t\t\t\t\t<span class=\"elementor-icon-list-text elementor-post-info__item elementor-post-info__item--type-date\">\n\t\t\t\t\t\t\t\t\t\t<time>16 octobre 2020<\/time>\t\t\t\t\t<\/span>\n\t\t\t\t\t\t\t\t\t<\/a>\n\t\t\t\t<\/li>\n\t\t\t\t<\/ul>\n\t\t\t\t\t\t<\/div>\n\t\t\t\t<\/div>\n\t\t\t\t<div class=\"elementor-element elementor-element-d200baa elementor-widget elementor-widget-image\" data-id=\"d200baa\" data-element_type=\"widget\" data-e-type=\"widget\" data-widget_type=\"image.default\">\n\t\t\t\t<div class=\"elementor-widget-container\">\n\t\t\t\t\t\t\t\t\t\t\t\t\t\t\t<img fetchpriority=\"high\" decoding=\"async\" width=\"1000\" height=\"667\" src=\"https:\/\/naturefirst.org\/wp-content\/uploads\/nl1.jpg\" class=\"attachment-large size-large wp-image-1251\" alt=\"\" srcset=\"https:\/\/naturefirst.org\/wp-content\/uploads\/nl1.jpg 1000w, https:\/\/naturefirst.org\/wp-content\/uploads\/nl1-500x334.jpg 500w, https:\/\/naturefirst.org\/wp-content\/uploads\/nl1-768x512.jpg 768w, https:\/\/naturefirst.org\/wp-content\/uploads\/nl1-18x12.jpg 18w\" sizes=\"(max-width: 1000px) 100vw, 1000px\" \/>\t\t\t\t\t\t\t\t\t\t\t\t\t\t\t<\/div>\n\t\t\t\t<\/div>\n\t\t\t\t\t<\/div>\n\t\t<\/div>\n\t\t\t\t\t<\/div>\n\t\t<\/section>\n\t\t\t\t<section class=\"elementor-section elementor-top-section elementor-element elementor-element-ff3b253 elementor-section-boxed elementor-section-height-default elementor-section-height-default\" data-id=\"ff3b253\" data-element_type=\"section\" data-e-type=\"section\">\n\t\t\t\t\t\t<div class=\"elementor-container elementor-column-gap-default\">\n\t\t\t\t\t<div class=\"elementor-column elementor-col-100 elementor-top-column elementor-element elementor-element-b06c7f8\" data-id=\"b06c7f8\" data-element_type=\"column\" data-e-type=\"column\">\n\t\t\t<div class=\"elementor-widget-wrap elementor-element-populated\">\n\t\t\t\t\t\t<div class=\"elementor-element elementor-element-9b4ac98 elementor-widget elementor-widget-text-editor\" data-id=\"9b4ac98\" data-element_type=\"widget\" data-e-type=\"widget\" data-widget_type=\"text-editor.default\">\n\t\t\t\t<div class=\"elementor-widget-container\">\n\t\t\t\t\t\t\t\t\t<p class=\"\">Les feuilles de tremble dor\u00e9, le wapiti bramant et les premi\u00e8res chutes de neige font tous partie de l&#039;automne ici au Colorado. C&#039;est une saison charg\u00e9e pour les photographes de paysage dans cette partie du monde. J&#039;ai r\u00e9cemment visit\u00e9 une belle vall\u00e9e du sud-ouest du Colorado et partout o\u00f9 vous regardiez, il y avait des photographes avec leurs tr\u00e9pieds. Dans tant de conversations que j&#039;ai eues, Nature First \u00e9tait un sujet de discussion. Les photographes sont de plus en plus soucieux de r\u00e9duire leur impact. Nous voyons \u00e9galement des articles de photographes bien connus tels que John Sexton et William Neil faisant la promotion de Nature First. Lentement, ce mouvement prend de l&#039;ampleur parmi les photographes non seulement aux \u00c9tats-Unis mais dans des endroits comme l&#039;Argentine, la Chine, le Chili, la Slov\u00e9nie, la Roumanie, le Royaume-Uni, etc. Il devient lentement un mouvement mondial gr\u00e2ce \u00e0 vous et \u00e0 votre partage enthousiaste. des valeurs et des principes Nature First.<\/p><h3><strong>LA MISSION DE LA NATURE D&#039;ABORD<\/strong><\/h3><p class=\"\"><strong>Nature First promeut la protection et la pr\u00e9servation des lieux naturels et sauvages du monde en inspirant, \u00e9duquant et unissant tous ceux qui r\u00e9alisent des photographies et des vid\u00e9os dans la nature\u00a0; leur permettant d&#039;\u00eatre des ambassadeurs du monde naturel.<\/strong><\/p>\t\t\t\t\t\t\t\t<\/div>\n\t\t\t\t<\/div>\n\t\t\t\t\t<\/div>\n\t\t<\/div>\n\t\t\t\t\t<\/div>\n\t\t<\/section>\n\t\t\t\t<section class=\"elementor-section elementor-top-section elementor-element elementor-element-9041000 elementor-section-boxed elementor-section-height-default elementor-section-height-default\" data-id=\"9041000\" data-element_type=\"section\" data-e-type=\"section\">\n\t\t\t\t\t\t<div class=\"elementor-container elementor-column-gap-default\">\n\t\t\t\t\t<div class=\"elementor-column elementor-col-100 elementor-top-column elementor-element elementor-element-9bdef11\" data-id=\"9bdef11\" data-element_type=\"column\" data-e-type=\"column\">\n\t\t\t<div class=\"elementor-widget-wrap elementor-element-populated\">\n\t\t\t\t\t\t<div class=\"elementor-element elementor-element-bc5ac2d elementor-widget elementor-widget-image\" data-id=\"bc5ac2d\" data-element_type=\"widget\" data-e-type=\"widget\" data-widget_type=\"image.default\">\n\t\t\t\t<div class=\"elementor-widget-container\">\n\t\t\t\t\t\t\t\t\t\t\t\t\t\t\t<img decoding=\"async\" width=\"1000\" height=\"667\" src=\"https:\/\/naturefirst.org\/wp-content\/uploads\/nl2.jpg\" class=\"attachment-large size-large wp-image-1499\" alt=\"\" srcset=\"https:\/\/naturefirst.org\/wp-content\/uploads\/nl2.jpg 1000w, https:\/\/naturefirst.org\/wp-content\/uploads\/nl2-500x334.jpg 500w, https:\/\/naturefirst.org\/wp-content\/uploads\/nl2-768x512.jpg 768w, https:\/\/naturefirst.org\/wp-content\/uploads\/nl2-18x12.jpg 18w\" sizes=\"(max-width: 1000px) 100vw, 1000px\" \/>\t\t\t\t\t\t\t\t\t\t\t\t\t\t\t<\/div>\n\t\t\t\t<\/div>\n\t\t\t\t\t<\/div>\n\t\t<\/div>\n\t\t\t\t\t<\/div>\n\t\t<\/section>\n\t\t\t\t<section class=\"elementor-section elementor-top-section elementor-element elementor-element-3a03a62 elementor-section-boxed elementor-section-height-default elementor-section-height-default\" data-id=\"3a03a62\" data-element_type=\"section\" data-e-type=\"section\">\n\t\t\t\t\t\t<div class=\"elementor-container elementor-column-gap-default\">\n\t\t\t\t\t<div class=\"elementor-column elementor-col-100 elementor-top-column elementor-element elementor-element-4a6e542\" data-id=\"4a6e542\" data-element_type=\"column\" data-e-type=\"column\">\n\t\t\t<div class=\"elementor-widget-wrap elementor-element-populated\">\n\t\t\t\t\t\t<div class=\"elementor-element elementor-element-cc03013 elementor-widget elementor-widget-text-editor\" data-id=\"cc03013\" data-element_type=\"widget\" data-e-type=\"widget\" data-widget_type=\"text-editor.default\">\n\t\t\t\t<div class=\"elementor-widget-container\">\n\t\t\t\t\t\t\t\t\t<h3><strong>PROGRAMME DE PARTENARIAT<\/strong><\/h3><p class=\"\">Nous sommes ravis d&#039;annoncer enfin que le programme de partenariat Nature First est op\u00e9rationnel. Ce programme s&#039;adresse aux organisations qui souhaitent aider \u00e0 prot\u00e9ger le monde naturel en promouvant une photographie responsable de la nature. Ce programme de partenariat est con\u00e7u pour presque tous les types d&#039;organisations, des ateliers photo aux voyagistes, en passant par les festivals, les conf\u00e9rences, les fabricants d&#039;\u00e9quipement et les organisations environnementales. Si votre organisation est impliqu\u00e9e dans le monde naturel et la photographie ou utilise simplement des photos de la nature, cela vous est ouvert. C&#039;est une fa\u00e7on pour vous d&#039;aider \u00e0 d\u00e9montrer l&#039;engagement de votre organisation \u00e0 prendre soin de la nature.<\/p>\t\t\t\t\t\t\t\t<\/div>\n\t\t\t\t<\/div>\n\t\t\t\t\t<\/div>\n\t\t<\/div>\n\t\t\t\t\t<\/div>\n\t\t<\/section>\n\t\t\t\t<section class=\"elementor-section elementor-top-section elementor-element elementor-element-95a289f elementor-section-boxed elementor-section-height-default elementor-section-height-default\" data-id=\"95a289f\" data-element_type=\"section\" data-e-type=\"section\">\n\t\t\t\t\t\t<div class=\"elementor-container elementor-column-gap-default\">\n\t\t\t\t\t<div class=\"elementor-column elementor-col-100 elementor-top-column elementor-element elementor-element-204dba2\" data-id=\"204dba2\" data-element_type=\"column\" data-e-type=\"column\">\n\t\t\t<div class=\"elementor-widget-wrap elementor-element-populated\">\n\t\t\t\t\t\t<div class=\"elementor-element elementor-element-677f6d8 elementor-widget elementor-widget-image\" data-id=\"677f6d8\" data-element_type=\"widget\" data-e-type=\"widget\" data-widget_type=\"image.default\">\n\t\t\t\t<div class=\"elementor-widget-container\">\n\t\t\t\t\t\t\t\t\t\t\t\t\t\t\t<img decoding=\"async\" width=\"1000\" height=\"281\" src=\"https:\/\/naturefirst.org\/wp-content\/uploads\/bronze.jpg\" class=\"attachment-large size-large wp-image-1500\" alt=\"\" srcset=\"https:\/\/naturefirst.org\/wp-content\/uploads\/bronze.jpg 1000w, https:\/\/naturefirst.org\/wp-content\/uploads\/bronze-500x141.jpg 500w, https:\/\/naturefirst.org\/wp-content\/uploads\/bronze-768x216.jpg 768w, https:\/\/naturefirst.org\/wp-content\/uploads\/bronze-18x5.jpg 18w\" sizes=\"(max-width: 1000px) 100vw, 1000px\" \/>\t\t\t\t\t\t\t\t\t\t\t\t\t\t\t<\/div>\n\t\t\t\t<\/div>\n\t\t\t\t\t<\/div>\n\t\t<\/div>\n\t\t\t\t\t<\/div>\n\t\t<\/section>\n\t\t\t\t<section class=\"elementor-section elementor-top-section elementor-element elementor-element-a8d652b elementor-section-boxed elementor-section-height-default elementor-section-height-default\" data-id=\"a8d652b\" data-element_type=\"section\" data-e-type=\"section\">\n\t\t\t\t\t\t<div class=\"elementor-container elementor-column-gap-default\">\n\t\t\t\t\t<div class=\"elementor-column elementor-col-100 elementor-top-column elementor-element elementor-element-9913fae\" data-id=\"9913fae\" data-element_type=\"column\" data-e-type=\"column\">\n\t\t\t<div class=\"elementor-widget-wrap elementor-element-populated\">\n\t\t\t\t\t\t<div class=\"elementor-element elementor-element-eae43ac elementor-widget elementor-widget-text-editor\" data-id=\"eae43ac\" data-element_type=\"widget\" data-e-type=\"widget\" data-widget_type=\"text-editor.default\">\n\t\t\t\t<div class=\"elementor-widget-container\">\n\t\t\t\t\t\t\t\t\t<p class=\"\">Nous avons deux niveaux de partenariat diff\u00e9rents et nous en introduirons un troisi\u00e8me plus tard. Chaque niveau montre un engagement croissant envers la mission de Nature First. Notre partenariat d&#039;entr\u00e9e de gamme est le\u00a0<strong>Partenaire Bronze<\/strong>. Les partenaires \u00e0 ce niveau ont un engagement de responsabilit\u00e9 environnementale et acceptent de nous aider \u00e0 promouvoir les principes Nature First \u00e0 travers leurs r\u00e9seaux. Ils deviennent un moyen essentiel d&#039;aider \u00e0 diffuser ce mouvement.\u00a0<\/p><p class=\"\">Notre\u00a0<strong>Partenaires Argent\u00a0<\/strong>non seulement aider \u00e0 faire passer le mot \u00e0 travers leurs r\u00e9seaux, mais aussi s&#039;engager \u00e0 suivre la norme Responsible Nature Photography Standard. Cela implique un engagement \u00e0 n&#039;utiliser que des photos de nature de photographes membres de Nature First (ceux qui s&#039;engagent \u00e0 suivre les principes de Nature First). Pour ceux qui sont impliqu\u00e9s dans l&#039;\u00e9ducation, cela implique \u00e9galement un engagement \u00e0 int\u00e9grer l&#039;enseignement du Nature First dans leurs programmes. Pour ce niveau, nous posons beaucoup de questions et essayons de v\u00e9rifier comment l&#039;organisation va mettre en \u0153uvre son engagement, avant qu&#039;il ne soit accept\u00e9.\u00a0<\/p><p class=\"\">Finalement, nous esp\u00e9rons avoir un niveau or qui impliquera un programme de certification de photographe et un processus d&#039;audit organisationnel.\u00a0<\/p><p class=\"\">Il n&#039;y a aucun co\u00fbt pour devenir partenaire. \u00c0 l&#039;avenir, nous esp\u00e9rons d\u00e9ployer un programme de parrainage pour aider \u00e0 financer Nature First, mais cela sera distinct de nos programmes de partenariat ou d&#039;adh\u00e9sion. Si vous souhaitez en savoir plus ou devenir partenaire, \u00e9crivez-nous \u00e0 :\u00a0<a href=\"mailto:info@naturefirst.org?subject=Partnership%20Program\" target=\"_blank\" rel=\"noopener\">info@naturefirst.org<\/a>.<\/p>\t\t\t\t\t\t\t\t<\/div>\n\t\t\t\t<\/div>\n\t\t\t\t\t<\/div>\n\t\t<\/div>\n\t\t\t\t\t<\/div>\n\t\t<\/section>\n\t\t\t\t<section class=\"elementor-section elementor-top-section elementor-element elementor-element-7b79544 elementor-section-boxed elementor-section-height-default elementor-section-height-default\" data-id=\"7b79544\" data-element_type=\"section\" data-e-type=\"section\">\n\t\t\t\t\t\t<div class=\"elementor-container elementor-column-gap-default\">\n\t\t\t\t\t<div class=\"elementor-column elementor-col-100 elementor-top-column elementor-element elementor-element-5391c13\" data-id=\"5391c13\" data-element_type=\"column\" data-e-type=\"column\">\n\t\t\t<div class=\"elementor-widget-wrap elementor-element-populated\">\n\t\t\t\t\t\t<div class=\"elementor-element elementor-element-3a74b82 elementor-widget-divider--view-line elementor-widget elementor-widget-divider\" data-id=\"3a74b82\" data-element_type=\"widget\" data-e-type=\"widget\" data-widget_type=\"divider.default\">\n\t\t\t\t<div class=\"elementor-widget-container\">\n\t\t\t\t\t\t\t<div class=\"elementor-divider\">\n\t\t\t<span class=\"elementor-divider-separator\">\n\t\t\t\t\t\t<\/span>\n\t\t<\/div>\n\t\t\t\t\t\t<\/div>\n\t\t\t\t<\/div>\n\t\t\t\t\t<\/div>\n\t\t<\/div>\n\t\t\t\t\t<\/div>\n\t\t<\/section>\n\t\t\t\t<section class=\"elementor-section elementor-top-section elementor-element elementor-element-55e0cd7 elementor-section-boxed elementor-section-height-default elementor-section-height-default\" data-id=\"55e0cd7\" data-element_type=\"section\" data-e-type=\"section\">\n\t\t\t\t\t\t<div class=\"elementor-container elementor-column-gap-default\">\n\t\t\t\t\t<div class=\"elementor-column elementor-col-100 elementor-top-column elementor-element elementor-element-bce2667\" data-id=\"bce2667\" data-element_type=\"column\" data-e-type=\"column\">\n\t\t\t<div class=\"elementor-widget-wrap elementor-element-populated\">\n\t\t\t\t\t\t<div class=\"elementor-element elementor-element-89a1f9b elementor-widget elementor-widget-text-editor\" data-id=\"89a1f9b\" data-element_type=\"widget\" data-e-type=\"widget\" data-widget_type=\"text-editor.default\">\n\t\t\t\t<div class=\"elementor-widget-container\">\n\t\t\t\t\t\t\t\t\t<h3><strong>RENCONTREZ NOTRE PERSONNEL S\u00c9RIE #1\u00a0: KRISTEL SCHNEIDER<\/strong><\/h3><p class=\"\">Nous commen\u00e7ons une nouvelle s\u00e9rie ici au Nature First pour vous aider \u00e0 conna\u00eetre certaines des personnes qui travaillent dans les coulisses. Presque tous nos b\u00e9n\u00e9voles sont des photographes extr\u00eamement talentueux. Je pense que vous appr\u00e9cierez de les conna\u00eetre. Cette premi\u00e8re interview est avec une photographe incroyable et leader de notre programme Community Advocate : Kristel Schneider. L&#039;interview a \u00e9t\u00e9 r\u00e9alis\u00e9e par une autre photographe prim\u00e9e : Jennifer Renwick.<\/p><p class=\"\"><img loading=\"lazy\" decoding=\"async\" class=\"alignright wp-image-1501\" src=\"https:\/\/naturefirst.org\/wp-content\/uploads\/moss-500x419.jpg\" alt=\"\" width=\"350\" height=\"293\" srcset=\"https:\/\/naturefirst.org\/wp-content\/uploads\/moss-500x419.jpg 500w, https:\/\/naturefirst.org\/wp-content\/uploads\/moss-768x644.jpg 768w, https:\/\/naturefirst.org\/wp-content\/uploads\/moss-14x12.jpg 14w, https:\/\/naturefirst.org\/wp-content\/uploads\/moss.jpg 940w\" sizes=\"(max-width: 350px) 100vw, 350px\" \/>Jennifer : Parlez-nous un peu de vous. D&#039;o\u00f9 venez-vous et comment \u00eates-vous venu \u00e0 la photographie de nature ?\u00a0<\/p><p class=\"\">Kristel : Je suis n\u00e9e aux Pays-Bas et j&#039;ai v\u00e9cu une grande partie de ma vie d&#039;adulte \u00e0 Amsterdam. J&#039;ai \u00e9tudi\u00e9 la gestion des ressources humaines et la communication et travaill\u00e9 les six derni\u00e8res ann\u00e9es de mon autre carri\u00e8re professionnelle en tant que conseiller en communication pour une entreprise pharmaceutique. Ma photographie \u00e0 l&#039;\u00e9poque \u00e9tait principalement de la \u00ab photographie de rue \u00bb. Tout a chang\u00e9 lorsque j&#039;ai commenc\u00e9 \u00e0 suivre des cours de peinture \u00e0 Amsterdam, ma ville natale. Malheureusement, je me suis vite rendu compte que je ne savais pas tr\u00e8s bien dessiner, et disons que je suis devenu tr\u00e8s vite un peintre abstrait. La bonne chose \u00e0 ce sujet \u00e9tait qu&#039;il avait une grande influence sur ma photographie. J&#039;ai commenc\u00e9 \u00e0 regarder d&#039;autres sujets, plus en d\u00e9tail et je suis devenu attir\u00e9 par les structures et les textures. Appelez cela le moment d&#039;ensemencement de ma photographie abstraite. Le moment qui a tout chang\u00e9 dans ma vie, et par cons\u00e9quent dans ma photographie aussi, c&#039;est quand je suis pass\u00e9 des Pays-Bas \u00e0 la France, de la grande ville \u00e0 la campagne. L&#039;ann\u00e9e de mes quarante ans, j&#039;ai d\u00e9cid\u00e9 d&#039;abandonner mon m\u00e9tier de communicant pour me consacrer totalement \u00e0 ma passion : la photographie. Apr\u00e8s deux ans, je suis devenu photographe d&#039;art et de nature \u00e0 plein temps et instructeur d&#039;ateliers\/tours photo. J&#039;ai eu la chance de voir mon travail publi\u00e9 et de pouvoir pr\u00e9senter mon travail dans toute l&#039;Europe et m\u00eame au-del\u00e0. M\u00eame dans des moments difficiles comme celui-ci, je ne regrette jamais d&#039;avoir pris la d\u00e9cision de &quot;changer ma vie&quot;.\u00a0<\/p><p class=\"\"><a href=\"https:\/\/naturefirst.org\/fr\/news-items\/2020\/10\/15\/meet-our-staff-kristel-schneider\/\" target=\"_blank\" rel=\"noopener\">Vous pouvez lire l&#039;interview compl\u00e8te de Kristel et voir certaines de ses photographies inspirantes ici.<\/a><\/p>\t\t\t\t\t\t\t\t<\/div>\n\t\t\t\t<\/div>\n\t\t\t\t\t<\/div>\n\t\t<\/div>\n\t\t\t\t\t<\/div>\n\t\t<\/section>\n\t\t\t\t<section class=\"elementor-section elementor-top-section elementor-element elementor-element-3c7c9e5 elementor-section-boxed elementor-section-height-default elementor-section-height-default\" data-id=\"3c7c9e5\" data-element_type=\"section\" data-e-type=\"section\">\n\t\t\t\t\t\t<div class=\"elementor-container elementor-column-gap-default\">\n\t\t\t\t\t<div class=\"elementor-column elementor-col-100 elementor-top-column elementor-element elementor-element-e7f5cbd\" data-id=\"e7f5cbd\" data-element_type=\"column\" data-e-type=\"column\">\n\t\t\t<div class=\"elementor-widget-wrap elementor-element-populated\">\n\t\t\t\t\t\t<div class=\"elementor-element elementor-element-e3bcbfb elementor-widget-divider--view-line elementor-widget elementor-widget-divider\" data-id=\"e3bcbfb\" data-element_type=\"widget\" data-e-type=\"widget\" data-widget_type=\"divider.default\">\n\t\t\t\t<div class=\"elementor-widget-container\">\n\t\t\t\t\t\t\t<div class=\"elementor-divider\">\n\t\t\t<span class=\"elementor-divider-separator\">\n\t\t\t\t\t\t<\/span>\n\t\t<\/div>\n\t\t\t\t\t\t<\/div>\n\t\t\t\t<\/div>\n\t\t\t\t\t<\/div>\n\t\t<\/div>\n\t\t\t\t\t<\/div>\n\t\t<\/section>\n\t\t\t\t<section class=\"elementor-section elementor-top-section elementor-element elementor-element-a26843a elementor-section-boxed elementor-section-height-default elementor-section-height-default\" data-id=\"a26843a\" data-element_type=\"section\" data-e-type=\"section\">\n\t\t\t\t\t\t<div class=\"elementor-container elementor-column-gap-default\">\n\t\t\t\t\t<div class=\"elementor-column elementor-col-100 elementor-top-column elementor-element elementor-element-25ad596\" data-id=\"25ad596\" data-element_type=\"column\" data-e-type=\"column\">\n\t\t\t<div class=\"elementor-widget-wrap elementor-element-populated\">\n\t\t\t\t\t\t<div class=\"elementor-element elementor-element-57e2f14 elementor-widget elementor-widget-image\" data-id=\"57e2f14\" data-element_type=\"widget\" data-e-type=\"widget\" data-widget_type=\"image.default\">\n\t\t\t\t<div class=\"elementor-widget-container\">\n\t\t\t\t\t\t\t\t\t\t\t\t\t\t\t<img loading=\"lazy\" decoding=\"async\" width=\"1000\" height=\"667\" src=\"https:\/\/naturefirst.org\/wp-content\/uploads\/2_image-asset.jpg\" class=\"attachment-large size-large wp-image-1502\" alt=\"\" srcset=\"https:\/\/naturefirst.org\/wp-content\/uploads\/2_image-asset.jpg 1000w, https:\/\/naturefirst.org\/wp-content\/uploads\/2_image-asset-500x334.jpg 500w, https:\/\/naturefirst.org\/wp-content\/uploads\/2_image-asset-768x512.jpg 768w, https:\/\/naturefirst.org\/wp-content\/uploads\/2_image-asset-18x12.jpg 18w\" sizes=\"(max-width: 1000px) 100vw, 1000px\" \/>\t\t\t\t\t\t\t\t\t\t\t\t\t\t\t<\/div>\n\t\t\t\t<\/div>\n\t\t\t\t\t<\/div>\n\t\t<\/div>\n\t\t\t\t\t<\/div>\n\t\t<\/section>\n\t\t\t\t<section class=\"elementor-section elementor-top-section elementor-element elementor-element-6ef79f6 elementor-section-boxed elementor-section-height-default elementor-section-height-default\" data-id=\"6ef79f6\" data-element_type=\"section\" data-e-type=\"section\">\n\t\t\t\t\t\t<div class=\"elementor-container elementor-column-gap-default\">\n\t\t\t\t\t<div class=\"elementor-column elementor-col-100 elementor-top-column elementor-element elementor-element-8035188\" data-id=\"8035188\" data-element_type=\"column\" data-e-type=\"column\">\n\t\t\t<div class=\"elementor-widget-wrap elementor-element-populated\">\n\t\t\t\t\t\t<div class=\"elementor-element elementor-element-9ff58d5 elementor-widget elementor-widget-text-editor\" data-id=\"9ff58d5\" data-element_type=\"widget\" data-e-type=\"widget\" data-widget_type=\"text-editor.default\">\n\t\t\t\t<div class=\"elementor-widget-container\">\n\t\t\t\t\t\t\t\t\t<h3><strong>NOUS AVONS BESOIN DE VOTRE AIDE<\/strong><\/h3><p class=\"\">Alors que Nature First continue de cro\u00eetre, l&#039;\u00e9quipe Nature First continue de grandir. Nous avons actuellement plus de 30 personnes du monde entier qui donnent de leur temps pour aider \u00e0 faire avancer cette mission. Bien que vous ne voyiez peut-\u00eatre qu&#039;une newsletter ou une publication occasionnelle sur les r\u00e9seaux sociaux, il se passe beaucoup de choses dans les coulisses alors que nous essayons de cr\u00e9er un mouvement mondial pour faire avancer la mission d&#039;une photographie responsable de la nature. \u00c0 mesure que nous grandissons, nous continuons d&#039;avoir besoin d&#039;aide suppl\u00e9mentaire. Si vous souhaitez vous joindre \u00e0 l&#039;\u00e9quipe, voici quelques-uns des besoins que nous avons actuellement.<\/p><ul data-rte-list=\"default\"><li><p class=\"\"><strong>Coordonnatrice du programme de partenariat\u00a0:<\/strong> Comme vous l&#039;avez lu ci-dessus, nous venons de d\u00e9ployer notre nouveau programme de partenariat. Promouvoir ce programme, communiquer avec tous les candidats et les v\u00e9rifier est un gros travail. Nous aimerions faire appel \u00e0 quelqu&#039;un qui peut jouer ce r\u00f4le et superviser le fonctionnement de notre programme de partenariat. Si vous avez de grandes comp\u00e9tences en communication et une exp\u00e9rience de travail avec des organisations grandes et petites, alors <a href=\"https:\/\/naturefirst.org\/fr\/contact\/\" target=\"_blank\" rel=\"noopener\">Contactez nous s&#039;il vous plait<\/a>.<\/p><\/li><\/ul><ul data-rte-list=\"default\"><li><p class=\"\"><strong>D\u00e9fenseur de la communaut\u00e9\u00a0: <\/strong>Notre programme de d\u00e9fense de la communaut\u00e9 est au c\u0153ur de ce que nous faisons au Nature First. Nous construisons des communaut\u00e9s de personnes autour de la plan\u00e8te qui s&#039;engagent pour une photographie responsable de la nature. Ces communaut\u00e9s contribuent \u00e0 diffuser la vision et les valeurs dans leur nation. Jusqu&#039;\u00e0 pr\u00e9sent, nous avons des communaut\u00e9s actives dans 23 r\u00e9gions du monde, mais cela signifie qu&#039;il y a beaucoup de nations et de r\u00e9gions o\u00f9 nous n&#039;avons toujours personne pour aider \u00e0 cr\u00e9er une communaut\u00e9 locale pour promouvoir ces valeurs. Si vous venez de l&#039;un des pays sans communaut\u00e9 Nature First active et que vous souhaitez aider \u00e0 en cr\u00e9er une, veuillez nous contacter.<\/p><\/li><\/ul><p class=\"\">Pour postuler pour faire partie de l&#039;\u00e9quipe des ambassadeurs, veuillez <a href=\"https:\/\/naturefirst.org\/fr\/contact\/\">contact<\/a> nous, et nous organiserons un entretien avec vous pour voir si vous \u00eates le bon candidat pour l&#039;un de ces domaines.<\/p>\t\t\t\t\t\t\t\t<\/div>\n\t\t\t\t<\/div>\n\t\t\t\t\t<\/div>\n\t\t<\/div>\n\t\t\t\t\t<\/div>\n\t\t<\/section>\n\t\t\t\t<section class=\"elementor-section elementor-top-section elementor-element elementor-element-2363434 elementor-section-boxed elementor-section-height-default elementor-section-height-default\" data-id=\"2363434\" data-element_type=\"section\" data-e-type=\"section\">\n\t\t\t\t\t\t<div class=\"elementor-container elementor-column-gap-default\">\n\t\t\t\t\t<div class=\"elementor-column elementor-col-100 elementor-top-column elementor-element elementor-element-25f9f9a\" data-id=\"25f9f9a\" data-element_type=\"column\" data-e-type=\"column\">\n\t\t\t<div class=\"elementor-widget-wrap elementor-element-populated\">\n\t\t\t\t\t\t<div class=\"elementor-element elementor-element-0d2381d elementor-widget elementor-widget-image\" data-id=\"0d2381d\" data-element_type=\"widget\" data-e-type=\"widget\" data-widget_type=\"image.default\">\n\t\t\t\t<div class=\"elementor-widget-container\">\n\t\t\t\t\t\t\t\t\t\t\t\t\t\t\t<img loading=\"lazy\" decoding=\"async\" width=\"800\" height=\"600\" src=\"https:\/\/naturefirst.org\/wp-content\/uploads\/3_image-asset.jpg\" class=\"attachment-large size-large wp-image-1503\" alt=\"\" srcset=\"https:\/\/naturefirst.org\/wp-content\/uploads\/3_image-asset.jpg 800w, https:\/\/naturefirst.org\/wp-content\/uploads\/3_image-asset-500x375.jpg 500w, https:\/\/naturefirst.org\/wp-content\/uploads\/3_image-asset-768x576.jpg 768w, https:\/\/naturefirst.org\/wp-content\/uploads\/3_image-asset-16x12.jpg 16w\" sizes=\"(max-width: 800px) 100vw, 800px\" \/>\t\t\t\t\t\t\t\t\t\t\t\t\t\t\t<\/div>\n\t\t\t\t<\/div>\n\t\t\t\t\t<\/div>\n\t\t<\/div>\n\t\t\t\t\t<\/div>\n\t\t<\/section>\n\t\t\t\t<section class=\"elementor-section elementor-top-section elementor-element elementor-element-08aaf58 elementor-section-boxed elementor-section-height-default elementor-section-height-default\" data-id=\"08aaf58\" data-element_type=\"section\" data-e-type=\"section\">\n\t\t\t\t\t\t<div class=\"elementor-container elementor-column-gap-default\">\n\t\t\t\t\t<div class=\"elementor-column elementor-col-100 elementor-top-column elementor-element elementor-element-e580a22\" data-id=\"e580a22\" data-element_type=\"column\" data-e-type=\"column\">\n\t\t\t<div class=\"elementor-widget-wrap elementor-element-populated\">\n\t\t\t\t\t\t<div class=\"elementor-element elementor-element-e0bdbc3 elementor-widget elementor-widget-text-editor\" data-id=\"e0bdbc3\" data-element_type=\"widget\" data-e-type=\"widget\" data-widget_type=\"text-editor.default\">\n\t\t\t\t<div class=\"elementor-widget-container\">\n\t\t\t\t\t\t\t\t\t<h3><strong>PHOTOS N\u00c9CESSAIRES<\/strong><\/h3><p class=\"\">Nous l&#039;avons tous vu, de beaux endroits que nous connaissons et aimons ont \u00e9t\u00e9 gravement endommag\u00e9s par la sur-visite et les abus. Pourtant, peu d&#039;entre nous pensent \u00e0 obtenir des photos montrant les changements qui ont eu lieu. Chez Nature First, nous recherchons des photos \u00ab\u00a0avant et apr\u00e8s\u00a0\u00bb qui d\u00e9montrent l&#039;impact que nous avons sur les lieux sauvages et naturels de notre monde. Si vous avez de bonnes photos avant et apr\u00e8s que vous seriez pr\u00eat \u00e0 nous laisser utiliser pour \u00e9duquer les autres, veuillez les envoyer \u00e0 <a href=\"mailto:info@naturefirst.org?subject=Before%20and%20After%20Photos\" target=\"_blank\" rel=\"noopener\">info@naturefirst.org<\/a> accompagn\u00e9e d&#039;une note indiquant que vous nous autorisez \u00e0 utiliser ces photos. Merci! Nous appr\u00e9cions vraiment cela!<\/p><h3><strong>FERMETURE<\/strong><\/h3><p class=\"\">Nous appr\u00e9cions beaucoup votre participation \u00e0 ce mouvement. Parce que vous avez contribu\u00e9 \u00e0 diffuser ce message, nous entendons de plus en plus de personnes dans des endroits de plus en plus divers parler du Nature First et de ses principes. Ensemble, nous progressons dans le changement des attitudes et la r\u00e9duction de nos impacts n\u00e9gatifs sur le monde naturel. Continuons sur cette lanc\u00e9e.<\/p><p class=\"\"><strong>Erik Stensland<\/strong> - Directeur g\u00e9n\u00e9ral<\/p>\t\t\t\t\t\t\t\t<\/div>\n\t\t\t\t<\/div>\n\t\t\t\t\t<\/div>\n\t\t<\/div>\n\t\t\t\t\t<\/div>\n\t\t<\/section>\n\t\t\t\t<\/div>","protected":false},"excerpt":{"rendered":"<p class=\"\">Les feuilles de tremble dor\u00e9, le wapiti bramant et les premi\u00e8res chutes de neige font tous partie de l&#039;automne ici au Colorado. C&#039;est une saison charg\u00e9e pour les photographes de paysage dans cette partie du monde. J&#039;ai r\u00e9cemment visit\u00e9 une belle vall\u00e9e du sud-ouest du Colorado et partout o\u00f9 vous regardiez, il y avait des photographes avec leurs tr\u00e9pieds. Dans tant de conversations que j&#039;ai eues, Nature First \u00e9tait un sujet de discussion. Les photographes sont de plus en plus soucieux de r\u00e9duire leur impact.<\/p>","protected":false},"author":41,"featured_media":1251,"comment_status":"closed","ping_status":"open","sticky":false,"template":"","format":"standard","meta":{"_mo_disable_npp":"","site-sidebar-layout":"default","site-content-layout":"","ast-site-content-layout":"default","site-content-style":"default","site-sidebar-style":"default","ast-global-header-display":"","ast-banner-title-visibility":"","ast-main-header-display":"","ast-hfb-above-header-display":"","ast-hfb-below-header-display":"","ast-hfb-mobile-header-display":"","site-post-title":"","ast-breadcrumbs-content":"","ast-featured-img":"","footer-sml-layout":"","ast-disable-related-posts":"","theme-transparent-header-meta":"","adv-header-id-meta":"","stick-header-meta":"","header-above-stick-meta":"","header-main-stick-meta":"","header-below-stick-meta":"","astra-migrate-meta-layouts":"default","ast-page-background-enabled":"default","ast-page-background-meta":{"desktop":{"background-color":"","background-image":"","background-repeat":"repeat","background-position":"center center","background-size":"auto","background-attachment":"scroll","background-type":"","background-media":"","overlay-type":"","overlay-color":"","overlay-opacity":"","overlay-gradient":""},"tablet":{"background-color":"","background-image":"","background-repeat":"repeat","background-position":"center center","background-size":"auto","background-attachment":"scroll","background-type":"","background-media":"","overlay-type":"","overlay-color":"","overlay-opacity":"","overlay-gradient":""},"mobile":{"background-color":"","background-image":"","background-repeat":"repeat","background-position":"center center","background-size":"auto","background-attachment":"scroll","background-type":"","background-media":"","overlay-type":"","overlay-color":"","overlay-opacity":"","overlay-gradient":""}},"ast-content-background-meta":{"desktop":{"background-color":"var(--ast-global-color-5)","background-image":"","background-repeat":"repeat","background-position":"center center","background-size":"auto","background-attachment":"scroll","background-type":"","background-media":"","overlay-type":"","overlay-color":"","overlay-opacity":"","overlay-gradient":""},"tablet":{"background-color":"var(--ast-global-color-5)","background-image":"","background-repeat":"repeat","background-position":"center center","background-size":"auto","background-attachment":"scroll","background-type":"","background-media":"","overlay-type":"","overlay-color":"","overlay-opacity":"","overlay-gradient":""},"mobile":{"background-color":"var(--ast-global-color-5)","background-image":"","background-repeat":"repeat","background-position":"center center","background-size":"auto","background-attachment":"scroll","background-type":"","background-media":"","overlay-type":"","overlay-color":"","overlay-opacity":"","overlay-gradient":""}},"footnotes":""},"categories":[1],"tags":[],"ppma_author":[50],"class_list":["post-1250","post","type-post","status-publish","format-standard","has-post-thumbnail","hentry","category-uncategorized"],"aioseo_notices":[],"authors":[{"term_id":50,"user_id":41,"is_guest":0,"slug":"malok","display_name":"Erik Stensland","avatar_url":"https:\/\/naturefirst.org\/wp-content\/litespeed\/avatar\/dc919d09faceea080d4922c2a13f75e5.jpg?ver=1777152786","0":null,"1":"","2":"","3":"","4":"","5":"","6":"","7":"","8":""}],"_links":{"self":[{"href":"https:\/\/naturefirst.org\/fr\/wp-json\/wp\/v2\/posts\/1250","targetHints":{"allow":["GET"]}}],"collection":[{"href":"https:\/\/naturefirst.org\/fr\/wp-json\/wp\/v2\/posts"}],"about":[{"href":"https:\/\/naturefirst.org\/fr\/wp-json\/wp\/v2\/types\/post"}],"author":[{"embeddable":true,"href":"https:\/\/naturefirst.org\/fr\/wp-json\/wp\/v2\/users\/41"}],"replies":[{"embeddable":true,"href":"https:\/\/naturefirst.org\/fr\/wp-json\/wp\/v2\/comments?post=1250"}],"version-history":[{"count":11,"href":"https:\/\/naturefirst.org\/fr\/wp-json\/wp\/v2\/posts\/1250\/revisions"}],"predecessor-version":[{"id":2950,"href":"https:\/\/naturefirst.org\/fr\/wp-json\/wp\/v2\/posts\/1250\/revisions\/2950"}],"wp:featuredmedia":[{"embeddable":true,"href":"https:\/\/naturefirst.org\/fr\/wp-json\/wp\/v2\/media\/1251"}],"wp:attachment":[{"href":"https:\/\/naturefirst.org\/fr\/wp-json\/wp\/v2\/media?parent=1250"}],"wp:term":[{"taxonomy":"category","embeddable":true,"href":"https:\/\/naturefirst.org\/fr\/wp-json\/wp\/v2\/categories?post=1250"},{"taxonomy":"post_tag","embeddable":true,"href":"https:\/\/naturefirst.org\/fr\/wp-json\/wp\/v2\/tags?post=1250"},{"taxonomy":"author","embeddable":true,"href":"https:\/\/naturefirst.org\/fr\/wp-json\/wp\/v2\/ppma_author?post=1250"}],"curies":[{"name":"wp","href":"https:\/\/api.w.org\/{rel}","templated":true}]}}