{"id":1252,"date":"2020-10-15T14:18:54","date_gmt":"2020-10-15T14:18:54","guid":{"rendered":"https:\/\/naturefirst.org\/2020-10-10-meet-our-staff-1-kristel-schneider\/"},"modified":"2022-12-02T14:17:19","modified_gmt":"2022-12-02T21:17:19","slug":"meet-our-staff-kristel-schneider","status":"publish","type":"post","link":"https:\/\/naturefirst.org\/fr\/news-items\/2020\/10\/15\/meet-our-staff-kristel-schneider\/","title":{"rendered":"Rencontrez notre personnel\u00a0: Kristel Schneider"},"content":{"rendered":"<div data-elementor-type=\"wp-post\" data-elementor-id=\"1252\" class=\"elementor elementor-1252\" data-elementor-post-type=\"post\">\n\t\t\t\t\t\t<section class=\"elementor-section elementor-top-section elementor-element elementor-element-3de055c elementor-section-boxed elementor-section-height-default elementor-section-height-default\" data-id=\"3de055c\" data-element_type=\"section\" data-e-type=\"section\">\n\t\t\t\t\t\t<div class=\"elementor-container elementor-column-gap-default\">\n\t\t\t\t\t<div class=\"elementor-column elementor-col-100 elementor-top-column elementor-element elementor-element-0d6b7b2\" data-id=\"0d6b7b2\" data-element_type=\"column\" data-e-type=\"column\">\n\t\t\t<div class=\"elementor-widget-wrap elementor-element-populated\">\n\t\t\t\t\t\t<div class=\"elementor-element elementor-element-45faf89 elementor-widget elementor-widget-post-info\" data-id=\"45faf89\" data-element_type=\"widget\" data-e-type=\"widget\" data-widget_type=\"post-info.default\">\n\t\t\t\t<div class=\"elementor-widget-container\">\n\t\t\t\t\t\t\t<ul class=\"elementor-inline-items elementor-icon-list-items elementor-post-info\">\n\t\t\t\t\t\t\t\t<li class=\"elementor-icon-list-item elementor-repeater-item-54fea90 elementor-inline-item\" itemprop=\"datePublished\">\n\t\t\t\t\t\t<a href=\"https:\/\/naturefirst.org\/fr\/news-items\/2020\/10\/15\/\">\n\t\t\t\t\t\t\t\t\t\t\t<span class=\"elementor-icon-list-icon\">\n\t\t\t\t\t\t\t\t<i aria-hidden=\"true\" class=\"fas fa-calendar\"><\/i>\t\t\t\t\t\t\t<\/span>\n\t\t\t\t\t\t\t\t\t<span class=\"elementor-icon-list-text elementor-post-info__item elementor-post-info__item--type-date\">\n\t\t\t\t\t\t\t\t\t\t<time>15 octobre 2020<\/time>\t\t\t\t\t<\/span>\n\t\t\t\t\t\t\t\t\t<\/a>\n\t\t\t\t<\/li>\n\t\t\t\t<\/ul>\n\t\t\t\t\t\t<\/div>\n\t\t\t\t<\/div>\n\t\t\t\t<div class=\"elementor-element elementor-element-c485f67 elementor-widget elementor-widget-text-editor\" data-id=\"c485f67\" data-element_type=\"widget\" data-e-type=\"widget\" data-widget_type=\"text-editor.default\">\n\t\t\t\t<div class=\"elementor-widget-container\">\n\t\t\t\t\t\t\t\t\t<div id=\"yui_3_17_2_1_1668098440692_379\" class=\"row sqs-row\"><div class=\"col sqs-col-5 span-5\"><div id=\"block-ad6fe91b2d4c6a861dcc\" class=\"sqs-block html-block sqs-block-html\" data-block-type=\"2\"><div class=\"sqs-block-content\"><p class=\"\"><img fetchpriority=\"high\" decoding=\"async\" class=\"alignleft wp-image-1505\" src=\"https:\/\/naturefirst.org\/wp-content\/uploads\/NatureFirst_MeetourStaff_KristelSchneider-500x419.jpg\" alt=\"\" width=\"400\" height=\"335\" srcset=\"https:\/\/naturefirst.org\/wp-content\/uploads\/NatureFirst_MeetourStaff_KristelSchneider-500x419.jpg 500w, https:\/\/naturefirst.org\/wp-content\/uploads\/NatureFirst_MeetourStaff_KristelSchneider-768x644.jpg 768w, https:\/\/naturefirst.org\/wp-content\/uploads\/NatureFirst_MeetourStaff_KristelSchneider-14x12.jpg 14w, https:\/\/naturefirst.org\/wp-content\/uploads\/NatureFirst_MeetourStaff_KristelSchneider.jpg 940w\" sizes=\"(max-width: 400px) 100vw, 400px\" \/>Chez Nature First, nous avons une merveilleuse communaut\u00e9 compos\u00e9e de personnes qui se soucient profond\u00e9ment de la protection de la nature que nous aimons et qui travaillent dur pour rendre cette alliance possible. Kristel Schneider a commenc\u00e9 comme premi\u00e8re avocate pour les Pays-Bas et la Belgique et est maintenant notre directrice de l&#039;avocate communautaire. Vous pouvez la trouver travaillant avec passion dans les coulisses, connectant les membres et les pays, et nous rassemblant tous pour cette cause passionnante.<\/p><\/div><\/div><\/div><\/div><div id=\"block-yui_3_17_2_1_1602339548225_71114\" class=\"sqs-block html-block sqs-block-html\" data-block-type=\"2\"><div class=\"sqs-block-content\"><p class=\"\">J&#039;ai eu la chance passionnante de poser des questions sur son parcours pour mieux la conna\u00eetre et comprendre ce qu&#039;elle fait pour Nature First\u2026<\/p><p class=\"\"><strong><em>Jennifer : Parlez-nous un peu de vous. D&#039;o\u00f9 venez-vous et comment \u00eates-vous venu \u00e0 la photographie de nature ?<\/em>\u00a0<\/strong><\/p><p class=\"\"><strong>Kristel\u00a0:<\/strong>\u00a0 Je suis n\u00e9 aux Pays-Bas et j&#039;ai v\u00e9cu une grande partie de ma vie d&#039;adulte \u00e0 Amsterdam. J&#039;ai \u00e9tudi\u00e9 la gestion des ressources humaines et la communication et travaill\u00e9 les six derni\u00e8res ann\u00e9es de mon autre carri\u00e8re professionnelle en tant que conseiller en communication pour une entreprise pharmaceutique. Ma photographie \u00e0 l&#039;\u00e9poque \u00e9tait principalement de la \u00ab photographie de rue \u00bb. Tout a chang\u00e9 lorsque j&#039;ai commenc\u00e9 \u00e0 suivre des cours de peinture \u00e0 Amsterdam, ma ville natale. Malheureusement, je me suis vite rendu compte que je ne savais pas tr\u00e8s bien dessiner, et disons que je suis devenu tr\u00e8s vite un peintre abstrait. La bonne chose \u00e0 ce sujet \u00e9tait qu&#039;il avait une grande influence sur ma photographie. J&#039;ai commenc\u00e9 \u00e0 regarder d&#039;autres sujets, plus en d\u00e9tail et je suis devenu attir\u00e9 par les structures et les textures. Appelez cela le moment d&#039;ensemencement de ma photographie abstraite. Le moment qui a tout chang\u00e9 dans ma vie, et par cons\u00e9quent dans ma photographie aussi, c&#039;est quand je suis pass\u00e9 des Pays-Bas \u00e0 la France, de la grande ville \u00e0 la campagne. L&#039;ann\u00e9e de mes quarante ans, j&#039;ai d\u00e9cid\u00e9 d&#039;abandonner mon m\u00e9tier de communicant pour me consacrer totalement \u00e0 ma passion, la photographie. Apr\u00e8s deux ans, je suis devenu photographe d&#039;art et de nature \u00e0 plein temps et instructeur d&#039;ateliers\/tours photo. Heureux de voir mon travail publi\u00e9 et de pouvoir pr\u00e9senter mon travail dans toute l&#039;Europe et m\u00eame au-del\u00e0. Et m\u00eame dans des moments difficiles comme celui-ci, je ne regrette jamais d&#039;avoir pris la d\u00e9cision de &quot;changer ma vie&quot;.\u00a0<\/p><\/div><\/div>\t\t\t\t\t\t\t\t<\/div>\n\t\t\t\t<\/div>\n\t\t\t\t\t<\/div>\n\t\t<\/div>\n\t\t\t\t\t<\/div>\n\t\t<\/section>\n\t\t\t\t<section class=\"elementor-section elementor-top-section elementor-element elementor-element-701831b elementor-section-boxed elementor-section-height-default elementor-section-height-default\" data-id=\"701831b\" data-element_type=\"section\" data-e-type=\"section\">\n\t\t\t\t\t\t<div class=\"elementor-container elementor-column-gap-default\">\n\t\t\t\t\t<div class=\"elementor-column elementor-col-100 elementor-top-column elementor-element elementor-element-0fe840a\" data-id=\"0fe840a\" data-element_type=\"column\" data-e-type=\"column\">\n\t\t\t<div class=\"elementor-widget-wrap elementor-element-populated\">\n\t\t\t\t\t\t<div class=\"elementor-element elementor-element-7e39d85 elementor-widget elementor-widget-image\" data-id=\"7e39d85\" data-element_type=\"widget\" data-e-type=\"widget\" data-widget_type=\"image.default\">\n\t\t\t\t<div class=\"elementor-widget-container\">\n\t\t\t\t\t\t\t\t\t\t\t\t\t\t\t<img decoding=\"async\" width=\"800\" height=\"450\" src=\"https:\/\/naturefirst.org\/wp-content\/uploads\/Evening-light-forest-by-Kristel-Schneider_800pix.jpg\" class=\"attachment-large size-large wp-image-1506\" alt=\"\" srcset=\"https:\/\/naturefirst.org\/wp-content\/uploads\/Evening-light-forest-by-Kristel-Schneider_800pix.jpg 800w, https:\/\/naturefirst.org\/wp-content\/uploads\/Evening-light-forest-by-Kristel-Schneider_800pix-500x281.jpg 500w, https:\/\/naturefirst.org\/wp-content\/uploads\/Evening-light-forest-by-Kristel-Schneider_800pix-768x432.jpg 768w, https:\/\/naturefirst.org\/wp-content\/uploads\/Evening-light-forest-by-Kristel-Schneider_800pix-18x10.jpg 18w\" sizes=\"(max-width: 800px) 100vw, 800px\" \/>\t\t\t\t\t\t\t\t\t\t\t\t\t\t\t<\/div>\n\t\t\t\t<\/div>\n\t\t\t\t\t<\/div>\n\t\t<\/div>\n\t\t\t\t\t<\/div>\n\t\t<\/section>\n\t\t\t\t<section class=\"elementor-section elementor-top-section elementor-element elementor-element-7ff65a9 elementor-section-boxed elementor-section-height-default elementor-section-height-default\" data-id=\"7ff65a9\" data-element_type=\"section\" data-e-type=\"section\">\n\t\t\t\t\t\t<div class=\"elementor-container elementor-column-gap-default\">\n\t\t\t\t\t<div class=\"elementor-column elementor-col-100 elementor-top-column elementor-element elementor-element-36d75a4\" data-id=\"36d75a4\" data-element_type=\"column\" data-e-type=\"column\">\n\t\t\t<div class=\"elementor-widget-wrap elementor-element-populated\">\n\t\t\t\t\t\t<div class=\"elementor-element elementor-element-5a6b07b elementor-widget elementor-widget-text-editor\" data-id=\"5a6b07b\" data-element_type=\"widget\" data-e-type=\"widget\" data-widget_type=\"text-editor.default\">\n\t\t\t\t<div class=\"elementor-widget-container\">\n\t\t\t\t\t\t\t\t\t<div id=\"block-yui_3_17_2_1_1602339548225_18309\" class=\"sqs-block html-block sqs-block-html\" data-block-type=\"2\"><div class=\"sqs-block-content\"><p class=\"\"><strong><em>Jennifer : Parlez-nous un peu de votre style photographique et des sujets que vous aimez photographier.<\/em><\/strong><em>\u00a0<\/em><\/p><p class=\"\"><strong>Kristel\u00a0: <\/strong>Au cours des deux derni\u00e8res ann\u00e9es, j&#039;ai explor\u00e9 de nombreuses techniques diff\u00e9rentes et j&#039;ai remarqu\u00e9 que je traduisais mes propres sentiments personnels envers la nature dans mon travail. Une grande influence sur mon processus cr\u00e9atif et la d\u00e9cision sur le type d&#039;approche \u00e0 adopter d\u00e9pend, \u00e0 c\u00f4t\u00e9 de la lumi\u00e8re et des conditions m\u00e9t\u00e9orologiques, encore plus de mon humeur personnelle \u00e0 ce moment-l\u00e0. On peut dire que je suis plut\u00f4t un photographe d&#039;entre-saison. Quand la Nature montre le d\u00e9but ou la fin d&#039;une saison. Vous pouvez souvent me trouver inspir\u00e9 par les sc\u00e8nes intimes, les d\u00e9tails de la nature ou simplement certaines textures graphiques. J&#039;aime le contraste des couleurs pendant ces entre-saisons avec des bourgeons de feuilles qui s&#039;ouvrent, cr\u00e9ant une lueur rose ou rouge dans une vall\u00e9e ou les premiers verts frais avec des chutes de neige tardives se refl\u00e9tant dans un cours d&#039;eau. Ce qui peut m&#039;exciter, c&#039;est la combinaison de vents violents et de chutes de neige. Ma partie abstraite du cerveau se met imm\u00e9diatement en marche. Lorsque je travaille sur un projet, j&#039;aime photographier localement et choisir des sujets qui nous sont communs et qui nous tiennent \u00e0 c\u0153ur. J&#039;essaie de faire en sorte que les gens regardent leur environnement direct diff\u00e9remment, que la beaut\u00e9 naturelle soit partout. Avec mon premier projet <a href=\"https:\/\/www.kristelschneiderphotography.com\/p\/book-variations-in\">&#039;Variations dans les arbres,&#039;<\/a> J&#039;ai travaill\u00e9 pendant pr\u00e8s de cinq ans dans ma nouvelle r\u00e9gion d&#039;adoption, cr\u00e9ant des compositions d&#039;arbres communs. Il en a r\u00e9sult\u00e9 deux expositions et un livre. Pour mon nouveau projet, que j&#039;ai commenc\u00e9 juste avant que le virus Covid-19 ne nous frappe, j&#039;ai choisi \u00e0 nouveau un sujet commun et local. Cette fois, une approche diff\u00e9rente de celle du projet des arbres. Plus de planification et de scoutisme mais toujours en laissant la nature m&#039;inspirer. Je partagerai plus sur le nouveau projet, quand je serai un peu plus loin.\u00a0<\/p><\/div><\/div><div id=\"yui_3_17_2_1_1668098440692_422\" class=\"row sqs-row\"><div id=\"yui_3_17_2_1_1668098440692_762\" class=\"col sqs-col-5 span-5\"><div id=\"block-yui_3_17_2_1_1602339548225_27754\" class=\"sqs-block quote-block sqs-block-quote null\" data-block-type=\"31\"><div class=\"sqs-block-content\"><figure class=\"block-animation-none\"><blockquote data-animation-role=\"quote\">&quot;Quand la nature montre le d\u00e9but ou la fin d&#039;une saison. Vous pouvez souvent me trouver inspir\u00e9 par les sc\u00e8nes intimes, les d\u00e9tails de la nature ou simplement certaines textures graphiques.<\/blockquote><\/figure><\/div><\/div><\/div><\/div>\t\t\t\t\t\t\t\t<\/div>\n\t\t\t\t<\/div>\n\t\t\t\t\t<\/div>\n\t\t<\/div>\n\t\t\t\t\t<\/div>\n\t\t<\/section>\n\t\t\t\t<section class=\"elementor-section elementor-top-section elementor-element elementor-element-3065654 elementor-section-boxed elementor-section-height-default elementor-section-height-default\" data-id=\"3065654\" data-element_type=\"section\" data-e-type=\"section\">\n\t\t\t\t\t\t<div class=\"elementor-container elementor-column-gap-default\">\n\t\t\t\t\t<div class=\"elementor-column elementor-col-100 elementor-top-column elementor-element elementor-element-9504c0d\" data-id=\"9504c0d\" data-element_type=\"column\" data-e-type=\"column\">\n\t\t\t<div class=\"elementor-widget-wrap elementor-element-populated\">\n\t\t\t\t\t\t<div class=\"elementor-element elementor-element-c1f9b67 elementor-widget elementor-widget-image\" data-id=\"c1f9b67\" data-element_type=\"widget\" data-e-type=\"widget\" data-widget_type=\"image.default\">\n\t\t\t\t<div class=\"elementor-widget-container\">\n\t\t\t\t\t\t\t\t\t\t\t\t\t\t\t<img decoding=\"async\" width=\"800\" height=\"533\" src=\"https:\/\/naturefirst.org\/wp-content\/uploads\/Two-seasons-meet-by-Kristel-Schneider_800px.jpg\" class=\"attachment-large size-large wp-image-1507\" alt=\"\" srcset=\"https:\/\/naturefirst.org\/wp-content\/uploads\/Two-seasons-meet-by-Kristel-Schneider_800px.jpg 800w, https:\/\/naturefirst.org\/wp-content\/uploads\/Two-seasons-meet-by-Kristel-Schneider_800px-500x333.jpg 500w, https:\/\/naturefirst.org\/wp-content\/uploads\/Two-seasons-meet-by-Kristel-Schneider_800px-768x512.jpg 768w, https:\/\/naturefirst.org\/wp-content\/uploads\/Two-seasons-meet-by-Kristel-Schneider_800px-18x12.jpg 18w\" sizes=\"(max-width: 800px) 100vw, 800px\" \/>\t\t\t\t\t\t\t\t\t\t\t\t\t\t\t<\/div>\n\t\t\t\t<\/div>\n\t\t\t\t\t<\/div>\n\t\t<\/div>\n\t\t\t\t\t<\/div>\n\t\t<\/section>\n\t\t\t\t<section class=\"elementor-section elementor-top-section elementor-element elementor-element-8a049f7 elementor-section-boxed elementor-section-height-default elementor-section-height-default\" data-id=\"8a049f7\" data-element_type=\"section\" data-e-type=\"section\">\n\t\t\t\t\t\t<div class=\"elementor-container elementor-column-gap-default\">\n\t\t\t\t\t<div class=\"elementor-column elementor-col-100 elementor-top-column elementor-element elementor-element-534caa0\" data-id=\"534caa0\" data-element_type=\"column\" data-e-type=\"column\">\n\t\t\t<div class=\"elementor-widget-wrap elementor-element-populated\">\n\t\t\t\t\t\t<div class=\"elementor-element elementor-element-4919087 elementor-widget elementor-widget-text-editor\" data-id=\"4919087\" data-element_type=\"widget\" data-e-type=\"widget\" data-widget_type=\"text-editor.default\">\n\t\t\t\t<div class=\"elementor-widget-container\">\n\t\t\t\t\t\t\t\t\t<p class=\"\"><strong><em>Jennifer\u00a0: Qu&#039;est-ce qui vous a amen\u00e9e \u00e0 d\u00e9fendre Nature First\u00a0? Pourquoi Nature First est-il important pour vous\u00a0?\u00a0<\/em><\/strong><\/p><p class=\"\"><strong>Kristel\u00a0:\u00a0 <\/strong>Apr\u00e8s avoir lu sur Nature First, je me suis inscrit en tant que membre l&#039;ann\u00e9e derni\u00e8re. La photographie de nature responsable est un enjeu global et complexe. Nous ne pouvons pas le r\u00e9soudre avec une seule action simple. En tant que photographe professionnel et instructeur d&#039;ateliers\/tourn\u00e9es photo, je peux voir l&#039;\u00e9volution rapide de mon domaine de travail. Notre monde naturel a inspir\u00e9 de nombreux photographes \u00e0 sortir, \u00e0 se connecter et \u00e0 \u00eatre cr\u00e9atifs. Cela a clairement chang\u00e9 le domaine de la photographie de nature, non seulement par les dommages que notre pr\u00e9sence massive cause \u00e0 la nature, mais aussi par la fa\u00e7on dont nous nous comportons. Le besoin de jolies photos, la chasse aux \u00ab j&#039;aime \u00bb sur Facebook et Instagram, les images imitatrices des destinations populaires, et la n\u00e9cessit\u00e9 d&#039;\u00eatre le premier \u00e0 publier un lieu rare. Certains photographes vont toujours plus loin pour obtenir des images d&#039;endroits sauvages, arrachant de la v\u00e9g\u00e9tation, sautant des cl\u00f4tures sur des aires de reproduction d&#039;oiseaux, d\u00e9rangeant la faune\u2026 la liste est longue. Tout \u00e7a pour de belles photos nature ? Cela m&#039;a donn\u00e9 envie de faire plus que simplement inscrire mon nom sur une liste de membres. En tant que photographe professionnel, je pense que nous avons tous un r\u00f4le important. Promouvoir ces principes Nature First et les mettre en \u0153uvre dans notre travail est une premi\u00e8re \u00e9tape, mais cela seul ne suffit pas. Nous devons susciter une prise de conscience en \u00e9duquant les autres sur l&#039;importance d&#039;une bonne intendance et en montrant qu&#039;il est possible de faire des images de la nature sans la d\u00e9truire. Esp\u00e9rons qu&#039;\u00e0 l&#039;avenir, nous pourrons faire de la photographie responsable \u00ab\u00a0LE STANDARD\u00a0\u00bb dans la photographie de nature.\u00a0<\/p>\t\t\t\t\t\t\t\t<\/div>\n\t\t\t\t<\/div>\n\t\t\t\t\t<\/div>\n\t\t<\/div>\n\t\t\t\t\t<\/div>\n\t\t<\/section>\n\t\t\t\t<section class=\"elementor-section elementor-top-section elementor-element elementor-element-3ddb09c elementor-section-boxed elementor-section-height-default elementor-section-height-default\" data-id=\"3ddb09c\" data-element_type=\"section\" data-e-type=\"section\">\n\t\t\t\t\t\t<div class=\"elementor-container elementor-column-gap-default\">\n\t\t\t\t\t<div class=\"elementor-column elementor-col-100 elementor-top-column elementor-element elementor-element-e5f3009\" data-id=\"e5f3009\" data-element_type=\"column\" data-e-type=\"column\">\n\t\t\t<div class=\"elementor-widget-wrap elementor-element-populated\">\n\t\t\t\t\t\t<div class=\"elementor-element elementor-element-fb2ff36 elementor-widget elementor-widget-image\" data-id=\"fb2ff36\" data-element_type=\"widget\" data-e-type=\"widget\" data-widget_type=\"image.default\">\n\t\t\t\t<div class=\"elementor-widget-container\">\n\t\t\t\t\t\t\t\t\t\t\t\t\t\t\t<img loading=\"lazy\" decoding=\"async\" width=\"800\" height=\"533\" src=\"https:\/\/naturefirst.org\/wp-content\/uploads\/Fairytale-forest-by-Kristel-Schneider_800px.jpg\" class=\"attachment-large size-large wp-image-106\" alt=\"\" srcset=\"https:\/\/naturefirst.org\/wp-content\/uploads\/Fairytale-forest-by-Kristel-Schneider_800px.jpg 800w, https:\/\/naturefirst.org\/wp-content\/uploads\/Fairytale-forest-by-Kristel-Schneider_800px-500x333.jpg 500w, https:\/\/naturefirst.org\/wp-content\/uploads\/Fairytale-forest-by-Kristel-Schneider_800px-768x512.jpg 768w, https:\/\/naturefirst.org\/wp-content\/uploads\/Fairytale-forest-by-Kristel-Schneider_800px-18x12.jpg 18w\" sizes=\"(max-width: 800px) 100vw, 800px\" \/>\t\t\t\t\t\t\t\t\t\t\t\t\t\t\t<\/div>\n\t\t\t\t<\/div>\n\t\t\t\t\t<\/div>\n\t\t<\/div>\n\t\t\t\t\t<\/div>\n\t\t<\/section>\n\t\t\t\t<section class=\"elementor-section elementor-top-section elementor-element elementor-element-f73bacd elementor-section-boxed elementor-section-height-default elementor-section-height-default\" data-id=\"f73bacd\" data-element_type=\"section\" data-e-type=\"section\">\n\t\t\t\t\t\t<div class=\"elementor-container elementor-column-gap-default\">\n\t\t\t\t\t<div class=\"elementor-column elementor-col-100 elementor-top-column elementor-element elementor-element-d6dcf20\" data-id=\"d6dcf20\" data-element_type=\"column\" data-e-type=\"column\">\n\t\t\t<div class=\"elementor-widget-wrap elementor-element-populated\">\n\t\t\t\t\t\t<div class=\"elementor-element elementor-element-9f495fd elementor-widget elementor-widget-text-editor\" data-id=\"9f495fd\" data-element_type=\"widget\" data-e-type=\"widget\" data-widget_type=\"text-editor.default\">\n\t\t\t\t<div class=\"elementor-widget-container\">\n\t\t\t\t\t\t\t\t\t<div id=\"block-yui_3_17_2_1_1602339548225_41493\" class=\"sqs-block html-block sqs-block-html\" data-block-type=\"2\"><div class=\"sqs-block-content\"><p class=\"\"><strong><em>Jennifer : En tant que notre Community Advocate Director Nature First, vous communiquez avec d&#039;autres membres Nature First du monde entier. Ce doit \u00eatre excitant de voir la camaraderie se former autour d&#039;un objectif commun de pr\u00e9server nos lieux sauvages. Qu&#039;est-ce qui vous pla\u00eet le plus dans l&#039;interaction avec ces autres membres\u00a0?<\/em><\/strong><\/p><p class=\"\"><strong>Kristel\u00a0:\u00a0 <\/strong>Apr\u00e8s \u00eatre devenu un membre actif de Nature First, dans le r\u00f4le de Community Advocate pour les Pays-Bas et la Belgique et maintenant dans mon nouveau r\u00f4le de Community Advocate Director, je vois plus clairement la mission, la vision et l&#039;importance du mouvement Nature First. Je parle beaucoup avec des coll\u00e8gues photographes et des amoureux de la nature du monde entier, qui souhaitent tous s&#039;impliquer plus activement et rejoindre notre programme Advocate. Ces discussions me rendent vraiment enthousiaste \u00e0 l&#039;id\u00e9e que nous reprenions le r\u00f4le de protection et de pr\u00e9servation que nous avions dans la photographie de nature. Je me rends compte aussi que cela prend du temps, mais en unissant les r\u00e9gions, les nations et m\u00eame les continents, nous pouvons inspirer, \u00e9duquer et unir tous ceux qui font des photographies et des vid\u00e9os dans la nature de mani\u00e8re responsable.\u00a0<\/p><\/div><\/div><div id=\"block-yui_3_17_2_1_1602339548225_121264\" class=\"sqs-block quote-block sqs-block-quote null\" data-block-type=\"31\"><div class=\"sqs-block-content\"><figure class=\"block-animation-none\"><blockquote data-animation-role=\"quote\">&quot;Je parle beaucoup avec des coll\u00e8gues photographes et des amoureux de la nature du monde entier, qui souhaitent tous s&#039;impliquer plus activement et rejoindre notre programme Advocate.<\/blockquote><\/figure><\/div><\/div><div id=\"block-yui_3_17_2_1_1602339548225_121328\" class=\"sqs-block html-block sqs-block-html\" data-block-type=\"2\"><div class=\"sqs-block-content\"><p class=\"\"><strong><em>Jennifer\u00a0: Lorsqu&#039;ils communiquent avec d&#039;autres membres d&#039;autres pays, expriment-ils des pr\u00e9occupations similaires concernant les dommages caus\u00e9s \u00e0 leurs espaces sauvages, comme nous le constatons dans nos propres pays\u00a0?\u00a0<\/em><\/strong><\/p><p class=\"\"><strong>Kristel\u00a0:<\/strong>\u00a0 Malheureusement, oui, peu importe si je parle \u00e0 un membre du Chili, d&#039;Argentine, de Roumanie, de France ou des \u00c9tats-Unis. Ils \u00e9voquent tous le m\u00eame type de probl\u00e8mes. Des foules de photographes qui s&#039;alignent l\u00e0 o\u00f9 un animal sp\u00e9cial a \u00e9t\u00e9 rep\u00e9r\u00e9, des parterres de fleurs sauvages pi\u00e9tin\u00e9s, des d\u00e9chets partout dans la nature, ne connaissant pas ou ne respectant pas les r\u00e8gles du parc r\u00e9gional ou m\u00eame les lois ou un manque g\u00e9n\u00e9ral de respect en ne s&#039;en souciant tout simplement pas. Souvent juste pour ce moment de gloire ou de reconnaissance, obtenir les &quot;j&#039;aime&quot; ou cette image &quot;gagnante&quot;. Les membres qui souhaitent rejoindre le programme Advocate veulent essayer de changer ce comportement en sensibilisant les gens \u00e0 leur impact en \u00e9duquant les gens sur les endroits qu&#039;ils aiment. Parce qu&#039;ils r\u00e9alisent tous que si nous ne changeons pas nos habitudes, nous n&#039;aurons peut-\u00eatre pas de seconde chance. Je tiens \u00e9galement \u00e0 mentionner que ces membres assument un r\u00f4le stimulant, avec des moments de c\u00e9l\u00e9brations et, au d\u00e9but, peut-\u00eatre des revers et des d\u00e9ceptions. Ils investissent tous volontairement 3 \u00e0 5 heures par semaine dans Nature First, \u00e0 c\u00f4t\u00e9 de leur travail charg\u00e9 et de leur vie quotidienne. C&#039;est aussi l&#039;une des raisons pour lesquelles les choses prennent du temps, et certains membres peuvent \u00eatre hospitalis\u00e9s, mais r\u00e9alisons qu&#039;avec tous nos petits pas de b\u00e9b\u00e9, nous pouvons faire un grand pas en avant vers nos objectifs.<\/p><\/div><\/div>\t\t\t\t\t\t\t\t<\/div>\n\t\t\t\t<\/div>\n\t\t\t\t\t<\/div>\n\t\t<\/div>\n\t\t\t\t\t<\/div>\n\t\t<\/section>\n\t\t\t\t<section class=\"elementor-section elementor-top-section elementor-element elementor-element-f7d0f9a elementor-section-boxed elementor-section-height-default elementor-section-height-default\" data-id=\"f7d0f9a\" data-element_type=\"section\" data-e-type=\"section\">\n\t\t\t\t\t\t<div class=\"elementor-container elementor-column-gap-default\">\n\t\t\t\t\t<div class=\"elementor-column elementor-col-100 elementor-top-column elementor-element elementor-element-03162e9\" data-id=\"03162e9\" data-element_type=\"column\" data-e-type=\"column\">\n\t\t\t<div class=\"elementor-widget-wrap elementor-element-populated\">\n\t\t\t\t\t\t<div class=\"elementor-element elementor-element-27ec28f elementor-widget elementor-widget-image\" data-id=\"27ec28f\" data-element_type=\"widget\" data-e-type=\"widget\" data-widget_type=\"image.default\">\n\t\t\t\t<div class=\"elementor-widget-container\">\n\t\t\t\t\t\t\t\t\t\t\t\t\t\t\t<img loading=\"lazy\" decoding=\"async\" width=\"800\" height=\"533\" src=\"https:\/\/naturefirst.org\/wp-content\/uploads\/Morning-mist-by-Kristel-Schneider-_800pix.jpg\" class=\"attachment-large size-large wp-image-1508\" alt=\"\" srcset=\"https:\/\/naturefirst.org\/wp-content\/uploads\/Morning-mist-by-Kristel-Schneider-_800pix.jpg 800w, https:\/\/naturefirst.org\/wp-content\/uploads\/Morning-mist-by-Kristel-Schneider-_800pix-500x333.jpg 500w, https:\/\/naturefirst.org\/wp-content\/uploads\/Morning-mist-by-Kristel-Schneider-_800pix-768x512.jpg 768w, https:\/\/naturefirst.org\/wp-content\/uploads\/Morning-mist-by-Kristel-Schneider-_800pix-18x12.jpg 18w\" sizes=\"(max-width: 800px) 100vw, 800px\" \/>\t\t\t\t\t\t\t\t\t\t\t\t\t\t\t<\/div>\n\t\t\t\t<\/div>\n\t\t\t\t\t<\/div>\n\t\t<\/div>\n\t\t\t\t\t<\/div>\n\t\t<\/section>\n\t\t\t\t<section class=\"elementor-section elementor-top-section elementor-element elementor-element-9d305da elementor-section-boxed elementor-section-height-default elementor-section-height-default\" data-id=\"9d305da\" data-element_type=\"section\" data-e-type=\"section\">\n\t\t\t\t\t\t<div class=\"elementor-container elementor-column-gap-default\">\n\t\t\t\t\t<div class=\"elementor-column elementor-col-100 elementor-top-column elementor-element elementor-element-4eda966\" data-id=\"4eda966\" data-element_type=\"column\" data-e-type=\"column\">\n\t\t\t<div class=\"elementor-widget-wrap elementor-element-populated\">\n\t\t\t\t\t\t<div class=\"elementor-element elementor-element-c2827b4 elementor-widget elementor-widget-text-editor\" data-id=\"c2827b4\" data-element_type=\"widget\" data-e-type=\"widget\" data-widget_type=\"text-editor.default\">\n\t\t\t\t<div class=\"elementor-widget-container\">\n\t\t\t\t\t\t\t\t\t<p class=\"\"><strong><em>Jennifer\u00a0: Quels sont, selon vous, les objectifs que vous aimeriez atteindre cette ann\u00e9e avec le programme Advocate\u00a0?<\/em>\u00a0<\/strong><\/p><p class=\"\"><strong>Kristel\u00a0:\u00a0 <\/strong>Cette ann\u00e9e sera une ann\u00e9e tr\u00e8s difficile pour nous en raison de la pand\u00e9mie. Alors que certains d&#039;entre nous profitent \u00e0 nouveau de la nature, d&#039;autres doivent rester \u00e0 la maison pour le virus. Ce n&#039;est pas une situation id\u00e9ale pour mettre votre mentalit\u00e9 sur la promotion de Nature First dans une r\u00e9gion. Cela dit, les gens ont \u00e9galement eu le temps de r\u00e9fl\u00e9chir aux probl\u00e8mes qui sont importants pour eux dans la vie et, heureusement, nous voyons le nombre de nos membres augmenter dans le monde entier. Je continue \u00e0 recevoir de plus en plus de questions sur le programme de d\u00e9fense des droits et je demande \u00e0 m&#039;impliquer. Au cours des deux derniers mois, j&#039;ai accueilli de nombreux nouveaux d\u00e9fenseurs de diff\u00e9rentes parties du monde, comme la Slov\u00e9nie, le Chili, le nord-est des \u00c9tats-Unis, le Midwest am\u00e9ricain, l&#039;Italie, la Roumanie, la Pologne et la communaut\u00e9 de langue chinoise. J&#039;ai aussi trouv\u00e9 un rempla\u00e7ant pour moi dans ce r\u00f4le pour les Pays-Bas et la Belgique. L&#039;objectif est d&#039;\u00e9tendre notre programme de plaidoyer \u00e0 30 nations. Je n&#039;ai pas mis de date \u00e0 ce sujet, mais j&#039;esp\u00e8re avoir plus de nations sur la liste d&#039;ici la fin de l&#039;ann\u00e9e. Je vois maintenant que certains d\u00e9fenseurs de la communaut\u00e9 qui travaillent seuls ont du mal \u00e0 gagner du temps et ont du mal \u00e0 d\u00e9velopper des id\u00e9es, \u00e0 obtenir plus de membres locaux ou \u00e0 diffuser les id\u00e9es Nature First dans leur r\u00e9gion. Par cons\u00e9quent, j&#039;essaie de motiver les Community Advocates \u00e0 mettre en place une \u00e9quipe locale, comme nous l&#039;avons fait aux Pays-Bas, en France, en Italie et dans la communaut\u00e9 de langue chinoise. De cette fa\u00e7on, ils peuvent combiner leurs efforts et leurs id\u00e9es pour \u00e9laborer leurs plans locaux Nature First. J&#039;aime aussi voir les membres locaux faire appel au programme de plaidoyer lorsqu&#039;ils souhaitent s&#039;impliquer plus activement mais ne se voient pas diriger une petite \u00e9quipe ou \u00eatre autant sous les projecteurs. Nous avons tellement de diversit\u00e9 dans les ant\u00e9c\u00e9dents, le travail et les exp\u00e9riences au sein de notre communaut\u00e9 de membres qu&#039;il serait formidable de les voir rejoindre les Community Advocates. <a href=\"https:\/\/naturefirst.org\/fr\/news-items\/2020\/07\/24\/2020-summer-newsletter\/\">Notre feuille de route<\/a> a beaucoup de bonnes id\u00e9es, comme faciliter la cr\u00e9ation de principes r\u00e9gionaux et sp\u00e9cifiques au genre. Je vois ici un r\u00f4le important pour les Community Advocates et leurs \u00e9quipes locales. Tout cela demande du temps, de la recherche et des efforts. Comme je l&#039;ai dit plus haut, de petits pas de b\u00e9b\u00e9 peuvent faire un grand pas, et prenons le temps dont nous avons besoin pour que, esp\u00e9rons-le, nous puissions refaire de la photographie responsable la norme dans la photographie de nature dans un proche avenir.\u00a0<\/p>\t\t\t\t\t\t\t\t<\/div>\n\t\t\t\t<\/div>\n\t\t\t\t\t<\/div>\n\t\t<\/div>\n\t\t\t\t\t<\/div>\n\t\t<\/section>\n\t\t\t\t<section class=\"elementor-section elementor-top-section elementor-element elementor-element-8b1aca9 elementor-section-boxed elementor-section-height-default elementor-section-height-default\" data-id=\"8b1aca9\" data-element_type=\"section\" data-e-type=\"section\">\n\t\t\t\t\t\t<div class=\"elementor-container elementor-column-gap-default\">\n\t\t\t\t\t<div class=\"elementor-column elementor-col-100 elementor-top-column elementor-element elementor-element-f8e1abb\" data-id=\"f8e1abb\" data-element_type=\"column\" data-e-type=\"column\">\n\t\t\t<div class=\"elementor-widget-wrap elementor-element-populated\">\n\t\t\t\t\t\t<div class=\"elementor-element elementor-element-f04cb86 elementor-widget elementor-widget-image\" data-id=\"f04cb86\" data-element_type=\"widget\" data-e-type=\"widget\" data-widget_type=\"image.default\">\n\t\t\t\t<div class=\"elementor-widget-container\">\n\t\t\t\t\t\t\t\t\t\t\t\t\t\t\t<img loading=\"lazy\" decoding=\"async\" width=\"800\" height=\"533\" src=\"https:\/\/naturefirst.org\/wp-content\/uploads\/Evening-cloud-By-kirstel-schneider_800pix.jpg\" class=\"attachment-large size-large wp-image-1509\" alt=\"\" srcset=\"https:\/\/naturefirst.org\/wp-content\/uploads\/Evening-cloud-By-kirstel-schneider_800pix.jpg 800w, https:\/\/naturefirst.org\/wp-content\/uploads\/Evening-cloud-By-kirstel-schneider_800pix-500x333.jpg 500w, https:\/\/naturefirst.org\/wp-content\/uploads\/Evening-cloud-By-kirstel-schneider_800pix-768x512.jpg 768w, https:\/\/naturefirst.org\/wp-content\/uploads\/Evening-cloud-By-kirstel-schneider_800pix-18x12.jpg 18w\" sizes=\"(max-width: 800px) 100vw, 800px\" \/>\t\t\t\t\t\t\t\t\t\t\t\t\t\t\t<\/div>\n\t\t\t\t<\/div>\n\t\t\t\t\t<\/div>\n\t\t<\/div>\n\t\t\t\t\t<\/div>\n\t\t<\/section>\n\t\t\t\t<section class=\"elementor-section elementor-top-section elementor-element elementor-element-f298377 elementor-section-boxed elementor-section-height-default elementor-section-height-default\" data-id=\"f298377\" data-element_type=\"section\" data-e-type=\"section\">\n\t\t\t\t\t\t<div class=\"elementor-container elementor-column-gap-default\">\n\t\t\t\t\t<div class=\"elementor-column elementor-col-100 elementor-top-column elementor-element elementor-element-0263321\" data-id=\"0263321\" data-element_type=\"column\" data-e-type=\"column\">\n\t\t\t<div class=\"elementor-widget-wrap elementor-element-populated\">\n\t\t\t\t\t\t<div class=\"elementor-element elementor-element-26400d1 elementor-widget elementor-widget-text-editor\" data-id=\"26400d1\" data-element_type=\"widget\" data-e-type=\"widget\" data-widget_type=\"text-editor.default\">\n\t\t\t\t<div class=\"elementor-widget-container\">\n\t\t\t\t\t\t\t\t\t<p class=\"\">L&#039;enthousiasme de Kristel pour Nature First est la raison d&#039;\u00eatre de cette alliance\u00a0: se rassembler pour aider \u00e0 \u00eatre de meilleurs ambassadeurs des endroits que nous aimons et photographions, afin que les g\u00e9n\u00e9rations futures de photographes puissent se connecter et interagir avec la nature.<\/p><p class=\"\">Kristel est \u00e9galement une photographe accomplie et elle anime des visites et des ateliers. Sa photographie est tr\u00e8s inspirante et son travail illustre la beaut\u00e9 tranquille de la nature. Pour entrer en contact avec Kristel et voir son travail, visitez <a href=\"http:\/\/www.kristelschneider.com\/\" target=\"_blank\" rel=\"noopener\">www.kristelschneider.com<\/a>.<\/p><p class=\"\">Merci, Kristel, pour tout ce que tu fais pour Nature First, et d&#039;avoir pris le temps de parler avec moi\u00a0!<\/p>\t\t\t\t\t\t\t\t<\/div>\n\t\t\t\t<\/div>\n\t\t\t\t\t<\/div>\n\t\t<\/div>\n\t\t\t\t\t<\/div>\n\t\t<\/section>\n\t\t\t\t<\/div>","protected":false},"excerpt":{"rendered":"<p>Chez Nature First, nous avons une merveilleuse communaut\u00e9 compos\u00e9e de personnes qui se soucient profond\u00e9ment de la protection de la nature que nous aimons et qui travaillent dur pour rendre cette alliance possible. Kristel Schneider a commenc\u00e9 comme premi\u00e8re avocate pour les Pays-Bas et la Belgique et est maintenant notre directrice de l&#039;avocate communautaire. Vous pouvez la trouver travaillant avec passion dans les coulisses, connectant les membres et les pays, et nous rassemblant tous pour cette cause passionnante.<\/p>","protected":false},"author":36,"featured_media":106,"comment_status":"closed","ping_status":"open","sticky":false,"template":"","format":"standard","meta":{"_mo_disable_npp":"","site-sidebar-layout":"default","site-content-layout":"","ast-site-content-layout":"default","site-content-style":"default","site-sidebar-style":"default","ast-global-header-display":"","ast-banner-title-visibility":"","ast-main-header-display":"","ast-hfb-above-header-display":"","ast-hfb-below-header-display":"","ast-hfb-mobile-header-display":"","site-post-title":"","ast-breadcrumbs-content":"","ast-featured-img":"","footer-sml-layout":"","ast-disable-related-posts":"","theme-transparent-header-meta":"","adv-header-id-meta":"","stick-header-meta":"","header-above-stick-meta":"","header-main-stick-meta":"","header-below-stick-meta":"","astra-migrate-meta-layouts":"default","ast-page-background-enabled":"default","ast-page-background-meta":{"desktop":{"background-color":"","background-image":"","background-repeat":"repeat","background-position":"center center","background-size":"auto","background-attachment":"scroll","background-type":"","background-media":"","overlay-type":"","overlay-color":"","overlay-opacity":"","overlay-gradient":""},"tablet":{"background-color":"","background-image":"","background-repeat":"repeat","background-position":"center center","background-size":"auto","background-attachment":"scroll","background-type":"","background-media":"","overlay-type":"","overlay-color":"","overlay-opacity":"","overlay-gradient":""},"mobile":{"background-color":"","background-image":"","background-repeat":"repeat","background-position":"center center","background-size":"auto","background-attachment":"scroll","background-type":"","background-media":"","overlay-type":"","overlay-color":"","overlay-opacity":"","overlay-gradient":""}},"ast-content-background-meta":{"desktop":{"background-color":"var(--ast-global-color-5)","background-image":"","background-repeat":"repeat","background-position":"center center","background-size":"auto","background-attachment":"scroll","background-type":"","background-media":"","overlay-type":"","overlay-color":"","overlay-opacity":"","overlay-gradient":""},"tablet":{"background-color":"var(--ast-global-color-5)","background-image":"","background-repeat":"repeat","background-position":"center center","background-size":"auto","background-attachment":"scroll","background-type":"","background-media":"","overlay-type":"","overlay-color":"","overlay-opacity":"","overlay-gradient":""},"mobile":{"background-color":"var(--ast-global-color-5)","background-image":"","background-repeat":"repeat","background-position":"center center","background-size":"auto","background-attachment":"scroll","background-type":"","background-media":"","overlay-type":"","overlay-color":"","overlay-opacity":"","overlay-gradient":""}},"footnotes":""},"categories":[1],"tags":[],"ppma_author":[48],"class_list":["post-1252","post","type-post","status-publish","format-standard","has-post-thumbnail","hentry","category-uncategorized"],"aioseo_notices":[],"authors":[{"term_id":48,"user_id":36,"is_guest":0,"slug":"jonnorris-nf","display_name":"Jon Norris","avatar_url":"https:\/\/naturefirst.org\/wp-content\/litespeed\/avatar\/5a1f8e7595e193d9f04032a8a8742e36.jpg?ver=1777143006","0":null,"1":"","2":"","3":"","4":"","5":"","6":"","7":"","8":""}],"_links":{"self":[{"href":"https:\/\/naturefirst.org\/fr\/wp-json\/wp\/v2\/posts\/1252","targetHints":{"allow":["GET"]}}],"collection":[{"href":"https:\/\/naturefirst.org\/fr\/wp-json\/wp\/v2\/posts"}],"about":[{"href":"https:\/\/naturefirst.org\/fr\/wp-json\/wp\/v2\/types\/post"}],"author":[{"embeddable":true,"href":"https:\/\/naturefirst.org\/fr\/wp-json\/wp\/v2\/users\/36"}],"replies":[{"embeddable":true,"href":"https:\/\/naturefirst.org\/fr\/wp-json\/wp\/v2\/comments?post=1252"}],"version-history":[{"count":14,"href":"https:\/\/naturefirst.org\/fr\/wp-json\/wp\/v2\/posts\/1252\/revisions"}],"predecessor-version":[{"id":2953,"href":"https:\/\/naturefirst.org\/fr\/wp-json\/wp\/v2\/posts\/1252\/revisions\/2953"}],"wp:featuredmedia":[{"embeddable":true,"href":"https:\/\/naturefirst.org\/fr\/wp-json\/wp\/v2\/media\/106"}],"wp:attachment":[{"href":"https:\/\/naturefirst.org\/fr\/wp-json\/wp\/v2\/media?parent=1252"}],"wp:term":[{"taxonomy":"category","embeddable":true,"href":"https:\/\/naturefirst.org\/fr\/wp-json\/wp\/v2\/categories?post=1252"},{"taxonomy":"post_tag","embeddable":true,"href":"https:\/\/naturefirst.org\/fr\/wp-json\/wp\/v2\/tags?post=1252"},{"taxonomy":"author","embeddable":true,"href":"https:\/\/naturefirst.org\/fr\/wp-json\/wp\/v2\/ppma_author?post=1252"}],"curies":[{"name":"wp","href":"https:\/\/api.w.org\/{rel}","templated":true}]}}