{"id":2050,"date":"2022-10-17T23:25:04","date_gmt":"2022-10-17T23:25:04","guid":{"rendered":"https:\/\/naturefirst.org\/?p=2050"},"modified":"2023-04-22T07:04:48","modified_gmt":"2023-04-22T13:04:48","slug":"meet-jonathan-fearer-nature-first-ambassador","status":"publish","type":"post","link":"https:\/\/naturefirst.org\/fr\/news-items\/2022\/10\/17\/meet-jonathan-fearer-nature-first-ambassador\/","title":{"rendered":"Rencontrez Jonathan Fearer \u2013 Ambassadeur Nature First"},"content":{"rendered":"<div data-elementor-type=\"wp-post\" data-elementor-id=\"2050\" class=\"elementor elementor-2050\" data-elementor-post-type=\"post\">\n\t\t\t\t\t\t<section class=\"elementor-section elementor-top-section elementor-element elementor-element-ff96bdd elementor-section-boxed elementor-section-height-default elementor-section-height-default\" data-id=\"ff96bdd\" data-element_type=\"section\" data-e-type=\"section\">\n\t\t\t\t\t\t<div class=\"elementor-container elementor-column-gap-default\">\n\t\t\t\t\t<div class=\"elementor-column elementor-col-100 elementor-top-column elementor-element elementor-element-35de6df\" data-id=\"35de6df\" data-element_type=\"column\" data-e-type=\"column\">\n\t\t\t<div class=\"elementor-widget-wrap elementor-element-populated\">\n\t\t\t\t\t\t<div class=\"elementor-element elementor-element-3561788 elementor-widget elementor-widget-post-info\" data-id=\"3561788\" data-element_type=\"widget\" data-e-type=\"widget\" data-widget_type=\"post-info.default\">\n\t\t\t\t<div class=\"elementor-widget-container\">\n\t\t\t\t\t\t\t<ul class=\"elementor-inline-items elementor-icon-list-items elementor-post-info\">\n\t\t\t\t\t\t\t\t<li class=\"elementor-icon-list-item elementor-repeater-item-675441d elementor-inline-item\" itemprop=\"datePublished\">\n\t\t\t\t\t\t<a href=\"https:\/\/naturefirst.org\/fr\/news-items\/2022\/10\/17\/\">\n\t\t\t\t\t\t\t\t\t\t\t<span class=\"elementor-icon-list-icon\">\n\t\t\t\t\t\t\t\t<i aria-hidden=\"true\" class=\"fas fa-calendar\"><\/i>\t\t\t\t\t\t\t<\/span>\n\t\t\t\t\t\t\t\t\t<span class=\"elementor-icon-list-text elementor-post-info__item elementor-post-info__item--type-date\">\n\t\t\t\t\t\t\t\t\t\t<time>17 octobre 2022<\/time>\t\t\t\t\t<\/span>\n\t\t\t\t\t\t\t\t\t<\/a>\n\t\t\t\t<\/li>\n\t\t\t\t<\/ul>\n\t\t\t\t\t\t<\/div>\n\t\t\t\t<\/div>\n\t\t\t\t<section class=\"elementor-section elementor-inner-section elementor-element elementor-element-16e04e9 elementor-section-boxed elementor-section-height-default elementor-section-height-default\" data-id=\"16e04e9\" data-element_type=\"section\" data-e-type=\"section\">\n\t\t\t\t\t\t<div class=\"elementor-container elementor-column-gap-default\">\n\t\t\t\t\t<div class=\"elementor-column elementor-col-50 elementor-inner-column elementor-element elementor-element-daecf94\" data-id=\"daecf94\" data-element_type=\"column\" data-e-type=\"column\">\n\t\t\t<div class=\"elementor-widget-wrap elementor-element-populated\">\n\t\t\t\t\t\t<div class=\"elementor-element elementor-element-71c5b80 elementor-widget elementor-widget-image\" data-id=\"71c5b80\" data-element_type=\"widget\" data-e-type=\"widget\" data-widget_type=\"image.default\">\n\t\t\t\t<div class=\"elementor-widget-container\">\n\t\t\t\t\t\t\t\t\t\t\t\t\t\t\t<img fetchpriority=\"high\" decoding=\"async\" width=\"500\" height=\"500\" src=\"https:\/\/naturefirst.org\/wp-content\/uploads\/Jonathan-Fearer_500px.jpg\" class=\"attachment-large size-large wp-image-2052\" alt=\"\" srcset=\"https:\/\/naturefirst.org\/wp-content\/uploads\/Jonathan-Fearer_500px.jpg 500w, https:\/\/naturefirst.org\/wp-content\/uploads\/Jonathan-Fearer_500px-150x150.jpg 150w, https:\/\/naturefirst.org\/wp-content\/uploads\/Jonathan-Fearer_500px-12x12.jpg 12w\" sizes=\"(max-width: 500px) 100vw, 500px\" \/>\t\t\t\t\t\t\t\t\t\t\t\t\t\t\t<\/div>\n\t\t\t\t<\/div>\n\t\t\t\t<div class=\"elementor-element elementor-element-13ad3f1 elementor-widget elementor-widget-text-editor\" data-id=\"13ad3f1\" data-element_type=\"widget\" data-e-type=\"widget\" data-widget_type=\"text-editor.default\">\n\t\t\t\t<div class=\"elementor-widget-container\">\n\t\t\t\t\t\t\t\t\t<p class=\"\">La toile: <a href=\"http:\/\/jfearer.com\">jfearer.com<\/a><br \/>Instagram : <a id=\"yui_3_17_2_1_1666235795555_686\" href=\"https:\/\/www.instagram.com\/jfearer_photo\/\" target=\"_blank\" rel=\"noopener\">@jfearer_photo<\/a><\/p>\t\t\t\t\t\t\t\t<\/div>\n\t\t\t\t<\/div>\n\t\t\t\t\t<\/div>\n\t\t<\/div>\n\t\t\t\t<div class=\"elementor-column elementor-col-50 elementor-inner-column elementor-element elementor-element-f26e419\" data-id=\"f26e419\" data-element_type=\"column\" data-e-type=\"column\">\n\t\t\t<div class=\"elementor-widget-wrap elementor-element-populated\">\n\t\t\t\t\t\t<div class=\"elementor-element elementor-element-872e5d6 elementor-widget elementor-widget-text-editor\" data-id=\"872e5d6\" data-element_type=\"widget\" data-e-type=\"widget\" data-widget_type=\"text-editor.default\">\n\t\t\t\t<div class=\"elementor-widget-container\">\n\t\t\t\t\t\t\t\t\t<p>Jonathan a \u00e9lu domicile dans le nord-ouest du Pacifique il y a une dizaine d&#039;ann\u00e9es et est depuis tomb\u00e9 amoureux de sa diversit\u00e9 g\u00e9ographique et g\u00e9ologique. Il utilise principalement une cam\u00e9ra grand format traditionnelle pour cr\u00e9er des images qui montrent la nature telle qu&#039;elle est, s&#039;exprimant tout en conservant l&#039;int\u00e9grit\u00e9 et la splendeur de la nature sauvage. Jonathan a rejoint Nature First en 2022 parce que son \u00e9thique personnelle \u00e9tait parfaitement align\u00e9e sur celle de l&#039;organisation, et il est frustr\u00e9 par le manque d&#039;intendance et la marchandisation continue de la nature par les photographes et le grand public.<\/p>\t\t\t\t\t\t\t\t<\/div>\n\t\t\t\t<\/div>\n\t\t\t\t\t<\/div>\n\t\t<\/div>\n\t\t\t\t\t<\/div>\n\t\t<\/section>\n\t\t\t\t<div class=\"elementor-element elementor-element-4bfacec elementor-widget elementor-widget-text-editor\" data-id=\"4bfacec\" data-element_type=\"widget\" data-e-type=\"widget\" data-widget_type=\"text-editor.default\">\n\t\t\t\t<div class=\"elementor-widget-container\">\n\t\t\t\t\t\t\t\t\t<p class=\"\"><strong>Quel \u00e2ge aviez-vous lorsque vous avez d\u00e9couvert votre amour de la nature ? Qu&#039;est-ce qui a provoqu\u00e9 cela\u00a0?<\/strong><\/p><p class=\"\">J&#039;ai grandi dans les Appalaches rurales de Pennsylvanie, toujours entour\u00e9e de for\u00eats denses et de montagnes vallonn\u00e9es. J&#039;avais un respect pour la nature mais elle \u00e9tait omnipr\u00e9sente dans mon \u00e9ducation. Lorsque la vie m&#039;a d\u00e9plac\u00e9 vers le nord-ouest du Pacifique il y a un peu moins de dix ans, la diversit\u00e9 g\u00e9ographique a revigor\u00e9 mon amour de la nature. Comment ne pas \u00eatre captiv\u00e9 par les montagnes escarp\u00e9es \u00e0 feuilles persistantes entour\u00e9es de volcans actifs spectaculaires et les eaux invitantes de Puget Sound ?! C&#039;\u00e9tait le coup de foudre lorsque l&#039;avion a atterri \u00e0 Seattle et je n&#039;ai pas regard\u00e9 en arri\u00e8re depuis.<\/p><p class=\"\"><strong>Depuis combien de temps \u00eates-vous photographe ? Qu&#039;est-ce qui vous a int\u00e9ress\u00e9 \u00e0 la photographie ?<\/strong><\/p><p id=\"yui_3_17_2_1_1666152920698_302\" class=\"\">J&#039;ai depuis longtemps un int\u00e9r\u00eat \u00e0 avoir un appareil photo en main depuis que je suis tr\u00e8s jeune, mais l&#039;id\u00e9e de faire de la photographie une passion est n\u00e9e en 2013 alors que j&#039;\u00e9tudiais \u00e0 l&#039;\u00e9tranger dans le nord de la Su\u00e8de. Les hivers sombres et froids se sont ouverts \u00e0 des aurores bor\u00e9ales impressionnantes et \u00e0 partir de l\u00e0, j&#039;ai commenc\u00e9 mon voyage photographique.chold<\/p>\t\t\t\t\t\t\t\t<\/div>\n\t\t\t\t<\/div>\n\t\t\t\t<div class=\"elementor-element elementor-element-c8781a5 elementor-widget elementor-widget-image\" data-id=\"c8781a5\" data-element_type=\"widget\" data-e-type=\"widget\" data-widget_type=\"image.default\">\n\t\t\t\t<div class=\"elementor-widget-container\">\n\t\t\t\t\t\t\t\t\t\t\t\t<figure class=\"wp-caption\">\n\t\t\t\t\t\t\t\t\t\t<img decoding=\"async\" width=\"1024\" height=\"614\" src=\"https:\/\/naturefirst.org\/wp-content\/uploads\/DSF0170_LR-1024x614.jpg\" class=\"attachment-large size-large wp-image-2063\" alt=\"\" srcset=\"https:\/\/naturefirst.org\/wp-content\/uploads\/DSF0170_LR-1024x614.jpg 1024w, https:\/\/naturefirst.org\/wp-content\/uploads\/DSF0170_LR-500x300.jpg 500w, https:\/\/naturefirst.org\/wp-content\/uploads\/DSF0170_LR-768x461.jpg 768w, https:\/\/naturefirst.org\/wp-content\/uploads\/DSF0170_LR-18x12.jpg 18w, https:\/\/naturefirst.org\/wp-content\/uploads\/DSF0170_LR.jpg 1200w\" sizes=\"(max-width: 1024px) 100vw, 1024px\" \/>\t\t\t\t\t\t\t\t\t\t\t<figcaption class=\"widget-image-caption wp-caption-text\">\u00a9 Jonathan Fearer 2022. Tous droits r\u00e9serv\u00e9s.<\/figcaption>\n\t\t\t\t\t\t\t\t\t\t<\/figure>\n\t\t\t\t\t\t\t\t\t<\/div>\n\t\t\t\t<\/div>\n\t\t\t\t<div class=\"elementor-element elementor-element-a34156b elementor-widget elementor-widget-text-editor\" data-id=\"a34156b\" data-element_type=\"widget\" data-e-type=\"widget\" data-widget_type=\"text-editor.default\">\n\t\t\t\t<div class=\"elementor-widget-container\">\n\t\t\t\t\t\t\t\t\t<p class=\"\"><strong>Qu&#039;est-ce qui vous a amen\u00e9 \u00e0 devenir actif au sein de Nature First ?<\/strong><\/p><p class=\"\">Je suis un fervent partisan et adepte des principes Leave No Trace, et en d\u00e9couvrant Nature First, j&#039;ai r\u00e9alis\u00e9 que les principes directeurs de l&#039;organisation \u00e9taient \u00e9galement align\u00e9s sur mes propres convictions. Lors de la visite d&#039;espaces naturels, je deviens frustr\u00e9 et d\u00e9sempar\u00e9 par le mauvais comportement des visiteurs et par le manque d&#039;intendance et la marchandisation continue de ces espaces naturels sacr\u00e9s. \u00catre un participant actif dans une organisation plus grande que moi m&#039;a donn\u00e9 un sens renouvel\u00e9 et je crois qu&#039;il est possible d&#039;influencer le changement pour de bon afin de pr\u00e9server la nature sauvage.<\/p><p class=\"\"><strong>Quel genre de comportement vous perturbe le plus ? Avez-vous un exemple de cela? Comment feriez-vous le lien avec les principes Nature First\u00a0?<\/strong><\/p><p class=\"\">Je vois constamment des touristes dans les parcs nationaux nourrir la faune et sortir inutilement des sentiers dans des \u00e9cosyst\u00e8mes fragiles o\u00f9 il n&#039;est tout simplement pas n\u00e9cessaire de sortir des sentiers battus. Cependant, un probl\u00e8me primordial dont je suis t\u00e9moin est la marchandisation de la nature en tant que toile de fond des m\u00e9dias sociaux, par exemple la culture \u00ab influenceuse \u00bb. Non seulement certaines de ces personnes se soucient peu de la nature et de leur impact ult\u00e9rieur sur elle, mais comme le sugg\u00e8re leur titre autoproclam\u00e9, elles influencent les autres \u00e0 se comporter \u00e9galement mal, d&#039;o\u00f9 le mal perp\u00e9tuel \u00e0 notre nature sauvage bien-aim\u00e9e et son traitement comme une marchandise.<\/p>\t\t\t\t\t\t\t\t<\/div>\n\t\t\t\t<\/div>\n\t\t\t\t<div class=\"elementor-element elementor-element-6a5061f elementor-widget elementor-widget-image\" data-id=\"6a5061f\" data-element_type=\"widget\" data-e-type=\"widget\" data-widget_type=\"image.default\">\n\t\t\t\t<div class=\"elementor-widget-container\">\n\t\t\t\t\t\t\t\t\t\t\t\t<figure class=\"wp-caption\">\n\t\t\t\t\t\t\t\t\t\t<img decoding=\"async\" width=\"1024\" height=\"614\" src=\"https:\/\/naturefirst.org\/wp-content\/uploads\/HC110_LR-1024x614.jpg\" class=\"attachment-large size-large wp-image-2064\" alt=\"\" srcset=\"https:\/\/naturefirst.org\/wp-content\/uploads\/HC110_LR-1024x614.jpg 1024w, https:\/\/naturefirst.org\/wp-content\/uploads\/HC110_LR-500x300.jpg 500w, https:\/\/naturefirst.org\/wp-content\/uploads\/HC110_LR-768x461.jpg 768w, https:\/\/naturefirst.org\/wp-content\/uploads\/HC110_LR-18x12.jpg 18w, https:\/\/naturefirst.org\/wp-content\/uploads\/HC110_LR.jpg 1200w\" sizes=\"(max-width: 1024px) 100vw, 1024px\" \/>\t\t\t\t\t\t\t\t\t\t\t<figcaption class=\"widget-image-caption wp-caption-text\">\u00a9 Jonathan Fearer 2022. Tous droits r\u00e9serv\u00e9s.<\/figcaption>\n\t\t\t\t\t\t\t\t\t\t<\/figure>\n\t\t\t\t\t\t\t\t\t<\/div>\n\t\t\t\t<\/div>\n\t\t\t\t<div class=\"elementor-element elementor-element-6116a17 elementor-widget elementor-widget-text-editor\" data-id=\"6116a17\" data-element_type=\"widget\" data-e-type=\"widget\" data-widget_type=\"text-editor.default\">\n\t\t\t\t<div class=\"elementor-widget-container\">\n\t\t\t\t\t\t\t\t\t<p id=\"yui_3_17_2_1_1666235795555_747\" class=\"\"><strong id=\"yui_3_17_2_1_1666235795555_746\">Si vous aviez une baguette magique qui vous t\u00e9l\u00e9portait n&#039;importe o\u00f9, o\u00f9 prendriez-vous des photos maintenant\u00a0? Pourquoi l\u00e0-bas?<\/strong><\/p><p class=\"\">J&#039;ai visit\u00e9 l&#039;Utah pour la premi\u00e8re fois de ma vie en octobre 2021 et mon \u00e2me s&#039;est enflamm\u00e9e pour le haut d\u00e9sert et la roche rouge. J&#039;ai fait le voyage de deux semaines en solo et j&#039;ai compt\u00e9 les jours o\u00f9 la vie me permettra de revenir, cette fois avec mon partenaire bien-aim\u00e9 et compagnon d&#039;aventure. Je souhaite retourner dans les parcs nationaux Arches et Canyonlands, tout en visitant des endroits du sud-ouest de l&#039;Utah et du nord de l&#039;Arizona.<\/p><p class=\"\"><strong>Si nous devions manger un morceau ensemble, de quoi serions-nous susceptibles de parler en dehors de la photographie et du Nature First ?<\/strong><\/p><p class=\"\">Voyons voir\u2026 il serait tr\u00e8s probable que le caf\u00e9 soit \u00e9voqu\u00e9 dans la conversation. Je suis un snob de caf\u00e9 autoproclam\u00e9. J&#039;ai investi du temps et de l&#039;argent pour trouver le meilleur caf\u00e9 de troisi\u00e8me vague possible aupr\u00e8s de torr\u00e9facteurs locaux et r\u00e9gionaux. Je mets l&#039;accent sur l&#039;approvisionnement d&#039;origine unique et \u00e9quitable o\u00f9 la r\u00e9gion, le terroir, l&#039;agriculteur et le torr\u00e9facteur jouent tous un r\u00f4le essentiel dans le produit final. Chaque tasse de caf\u00e9 est une exp\u00e9rience et je souhaite que chacun ait la possibilit\u00e9 de se faire plaisir avec une tasse. Je recommanderais une vari\u00e9t\u00e9 \u00e9thiopienne transform\u00e9e naturelle.<\/p><p class=\"\"><strong>Une image que vous aimeriez partager avec nous et qui a un historique li\u00e9 \u00e0 nos principes, avec un court texte la d\u00e9crivant.<\/strong><\/p>\t\t\t\t\t\t\t\t<\/div>\n\t\t\t\t<\/div>\n\t\t\t\t<div class=\"elementor-element elementor-element-59154dc elementor-widget elementor-widget-image\" data-id=\"59154dc\" data-element_type=\"widget\" data-e-type=\"widget\" data-widget_type=\"image.default\">\n\t\t\t\t<div class=\"elementor-widget-container\">\n\t\t\t\t\t\t\t\t\t\t\t\t<figure class=\"wp-caption\">\n\t\t\t\t\t\t\t\t\t\t<img loading=\"lazy\" decoding=\"async\" width=\"1024\" height=\"788\" src=\"https:\/\/naturefirst.org\/wp-content\/uploads\/Jonathan-Fearer-Anasazi-Ruin_FI-1-1024x788.jpg\" class=\"attachment-large size-large wp-image-2065\" alt=\"\" srcset=\"https:\/\/naturefirst.org\/wp-content\/uploads\/Jonathan-Fearer-Anasazi-Ruin_FI-1-1024x788.jpg 1024w, https:\/\/naturefirst.org\/wp-content\/uploads\/Jonathan-Fearer-Anasazi-Ruin_FI-1-500x385.jpg 500w, https:\/\/naturefirst.org\/wp-content\/uploads\/Jonathan-Fearer-Anasazi-Ruin_FI-1-768x591.jpg 768w, https:\/\/naturefirst.org\/wp-content\/uploads\/Jonathan-Fearer-Anasazi-Ruin_FI-1-16x12.jpg 16w, https:\/\/naturefirst.org\/wp-content\/uploads\/Jonathan-Fearer-Anasazi-Ruin_FI-1.jpg 1200w\" sizes=\"(max-width: 1024px) 100vw, 1024px\" \/>\t\t\t\t\t\t\t\t\t\t\t<figcaption class=\"widget-image-caption wp-caption-text\">Ruine Anasazi \u00a9 Jonathan Fearer 2022. Tous droits r\u00e9serv\u00e9s.<\/figcaption>\n\t\t\t\t\t\t\t\t\t\t<\/figure>\n\t\t\t\t\t\t\t\t\t<\/div>\n\t\t\t\t<\/div>\n\t\t\t\t\t<\/div>\n\t\t<\/div>\n\t\t\t\t\t<\/div>\n\t\t<\/section>\n\t\t\t\t<\/div>","protected":false},"excerpt":{"rendered":"<p>Jonathan a \u00e9lu domicile dans le nord-ouest du Pacifique il y a une dizaine d&#039;ann\u00e9es et est depuis tomb\u00e9 amoureux de sa diversit\u00e9 g\u00e9ographique et g\u00e9ologique. Il utilise principalement une cam\u00e9ra grand format traditionnelle pour cr\u00e9er des images qui montrent la nature telle qu&#039;elle est, s&#039;exprimant tout en conservant l&#039;int\u00e9grit\u00e9 et la splendeur de la nature sauvage. <\/p>","protected":false},"author":32,"featured_media":2057,"comment_status":"closed","ping_status":"open","sticky":false,"template":"","format":"standard","meta":{"_mo_disable_npp":"","site-sidebar-layout":"default","site-content-layout":"","ast-site-content-layout":"default","site-content-style":"default","site-sidebar-style":"default","ast-global-header-display":"","ast-banner-title-visibility":"","ast-main-header-display":"","ast-hfb-above-header-display":"","ast-hfb-below-header-display":"","ast-hfb-mobile-header-display":"","site-post-title":"","ast-breadcrumbs-content":"","ast-featured-img":"","footer-sml-layout":"","ast-disable-related-posts":"","theme-transparent-header-meta":"","adv-header-id-meta":"","stick-header-meta":"","header-above-stick-meta":"","header-main-stick-meta":"","header-below-stick-meta":"","astra-migrate-meta-layouts":"default","ast-page-background-enabled":"default","ast-page-background-meta":{"desktop":{"background-color":"","background-image":"","background-repeat":"repeat","background-position":"center center","background-size":"auto","background-attachment":"scroll","background-type":"","background-media":"","overlay-type":"","overlay-color":"","overlay-opacity":"","overlay-gradient":""},"tablet":{"background-color":"","background-image":"","background-repeat":"repeat","background-position":"center center","background-size":"auto","background-attachment":"scroll","background-type":"","background-media":"","overlay-type":"","overlay-color":"","overlay-opacity":"","overlay-gradient":""},"mobile":{"background-color":"","background-image":"","background-repeat":"repeat","background-position":"center center","background-size":"auto","background-attachment":"scroll","background-type":"","background-media":"","overlay-type":"","overlay-color":"","overlay-opacity":"","overlay-gradient":""}},"ast-content-background-meta":{"desktop":{"background-color":"var(--ast-global-color-5)","background-image":"","background-repeat":"repeat","background-position":"center center","background-size":"auto","background-attachment":"scroll","background-type":"","background-media":"","overlay-type":"","overlay-color":"","overlay-opacity":"","overlay-gradient":""},"tablet":{"background-color":"var(--ast-global-color-5)","background-image":"","background-repeat":"repeat","background-position":"center center","background-size":"auto","background-attachment":"scroll","background-type":"","background-media":"","overlay-type":"","overlay-color":"","overlay-opacity":"","overlay-gradient":""},"mobile":{"background-color":"var(--ast-global-color-5)","background-image":"","background-repeat":"repeat","background-position":"center center","background-size":"auto","background-attachment":"scroll","background-type":"","background-media":"","overlay-type":"","overlay-color":"","overlay-opacity":"","overlay-gradient":""}},"footnotes":""},"categories":[21],"tags":[],"ppma_author":[61],"class_list":["post-2050","post","type-post","status-publish","format-standard","has-post-thumbnail","hentry","category-nature-first-ambassador"],"aioseo_notices":[],"authors":[{"term_id":61,"user_id":32,"is_guest":0,"slug":"jonathan-fearer","display_name":"Jonathan Fearer","avatar_url":"https:\/\/naturefirst.org\/wp-content\/litespeed\/avatar\/a566168ed0058323b903a6026d221c3b.jpg?ver=1777150131","0":null,"1":"","2":"","3":"","4":"","5":"","6":"","7":"","8":""}],"_links":{"self":[{"href":"https:\/\/naturefirst.org\/fr\/wp-json\/wp\/v2\/posts\/2050","targetHints":{"allow":["GET"]}}],"collection":[{"href":"https:\/\/naturefirst.org\/fr\/wp-json\/wp\/v2\/posts"}],"about":[{"href":"https:\/\/naturefirst.org\/fr\/wp-json\/wp\/v2\/types\/post"}],"author":[{"embeddable":true,"href":"https:\/\/naturefirst.org\/fr\/wp-json\/wp\/v2\/users\/32"}],"replies":[{"embeddable":true,"href":"https:\/\/naturefirst.org\/fr\/wp-json\/wp\/v2\/comments?post=2050"}],"version-history":[{"count":19,"href":"https:\/\/naturefirst.org\/fr\/wp-json\/wp\/v2\/posts\/2050\/revisions"}],"predecessor-version":[{"id":4291,"href":"https:\/\/naturefirst.org\/fr\/wp-json\/wp\/v2\/posts\/2050\/revisions\/4291"}],"wp:featuredmedia":[{"embeddable":true,"href":"https:\/\/naturefirst.org\/fr\/wp-json\/wp\/v2\/media\/2057"}],"wp:attachment":[{"href":"https:\/\/naturefirst.org\/fr\/wp-json\/wp\/v2\/media?parent=2050"}],"wp:term":[{"taxonomy":"category","embeddable":true,"href":"https:\/\/naturefirst.org\/fr\/wp-json\/wp\/v2\/categories?post=2050"},{"taxonomy":"post_tag","embeddable":true,"href":"https:\/\/naturefirst.org\/fr\/wp-json\/wp\/v2\/tags?post=2050"},{"taxonomy":"author","embeddable":true,"href":"https:\/\/naturefirst.org\/fr\/wp-json\/wp\/v2\/ppma_author?post=2050"}],"curies":[{"name":"wp","href":"https:\/\/api.w.org\/{rel}","templated":true}]}}