{"id":23,"date":"2022-04-22T07:01:00","date_gmt":"2022-04-22T07:01:00","guid":{"rendered":"https:\/\/naturefirst.org\/2022-4-22-earth-day-2022-uk\/"},"modified":"2026-01-16T13:55:05","modified_gmt":"2026-01-16T20:55:05","slug":"earth-day-2022-uk","status":"publish","type":"post","link":"https:\/\/naturefirst.org\/fr\/news-items\/2022\/04\/22\/earth-day-2022-uk\/","title":{"rendered":"Jour de la Terre 2022 \u2013 Royaume-Uni"},"content":{"rendered":"<div data-elementor-type=\"wp-post\" data-elementor-id=\"23\" class=\"elementor elementor-23\" data-elementor-post-type=\"post\">\n\t\t\t\t\t\t<section class=\"elementor-section elementor-top-section elementor-element elementor-element-328dcfb3 elementor-section-boxed elementor-section-height-default elementor-section-height-default\" data-id=\"328dcfb3\" data-element_type=\"section\" data-e-type=\"section\">\n\t\t\t\t\t\t<div class=\"elementor-container elementor-column-gap-default\">\n\t\t\t\t\t<div class=\"elementor-column elementor-col-100 elementor-top-column elementor-element elementor-element-55cec465\" data-id=\"55cec465\" data-element_type=\"column\" data-e-type=\"column\">\n\t\t\t<div class=\"elementor-widget-wrap elementor-element-populated\">\n\t\t\t\t\t\t<div class=\"elementor-element elementor-element-cd5969b elementor-widget elementor-widget-post-info\" data-id=\"cd5969b\" data-element_type=\"widget\" data-e-type=\"widget\" data-widget_type=\"post-info.default\">\n\t\t\t\t<div class=\"elementor-widget-container\">\n\t\t\t\t\t\t\t<ul class=\"elementor-inline-items elementor-icon-list-items elementor-post-info\">\n\t\t\t\t\t\t\t\t<li class=\"elementor-icon-list-item elementor-repeater-item-0835cdb elementor-inline-item\" itemprop=\"datePublished\">\n\t\t\t\t\t\t<a href=\"https:\/\/naturefirst.org\/fr\/news-items\/2022\/04\/22\/\">\n\t\t\t\t\t\t\t\t\t\t\t<span class=\"elementor-icon-list-icon\">\n\t\t\t\t\t\t\t\t<i aria-hidden=\"true\" class=\"fas fa-calendar\"><\/i>\t\t\t\t\t\t\t<\/span>\n\t\t\t\t\t\t\t\t\t<span class=\"elementor-icon-list-text elementor-post-info__item elementor-post-info__item--type-date\">\n\t\t\t\t\t\t\t\t\t\t<time>22 avril 2022<\/time>\t\t\t\t\t<\/span>\n\t\t\t\t\t\t\t\t\t<\/a>\n\t\t\t\t<\/li>\n\t\t\t\t<\/ul>\n\t\t\t\t\t\t<\/div>\n\t\t\t\t<\/div>\n\t\t\t\t<section class=\"elementor-section elementor-inner-section elementor-element elementor-element-7351537 elementor-section-boxed elementor-section-height-default elementor-section-height-default\" data-id=\"7351537\" data-element_type=\"section\" data-e-type=\"section\">\n\t\t\t\t\t\t<div class=\"elementor-container elementor-column-gap-default\">\n\t\t\t\t\t<div class=\"elementor-column elementor-col-50 elementor-inner-column elementor-element elementor-element-0e5701a\" data-id=\"0e5701a\" data-element_type=\"column\" data-e-type=\"column\">\n\t\t\t<div class=\"elementor-widget-wrap elementor-element-populated\">\n\t\t\t\t\t\t<div class=\"elementor-element elementor-element-6e4a714 elementor-widget elementor-widget-image\" data-id=\"6e4a714\" data-element_type=\"widget\" data-e-type=\"widget\" data-widget_type=\"image.default\">\n\t\t\t\t<div class=\"elementor-widget-container\">\n\t\t\t\t\t\t\t\t\t\t\t\t\t\t\t<img fetchpriority=\"high\" decoding=\"async\" width=\"960\" height=\"960\" src=\"https:\/\/naturefirst.org\/wp-content\/uploads\/JamesLane.jpg\" class=\"attachment-large size-large wp-image-1305\" alt=\"\" srcset=\"https:\/\/naturefirst.org\/wp-content\/uploads\/JamesLane.jpg.webp 960w, https:\/\/naturefirst.org\/wp-content\/uploads\/JamesLane-500x500.jpg.webp 500w, https:\/\/naturefirst.org\/wp-content\/uploads\/JamesLane-150x150.jpg.webp 150w, https:\/\/naturefirst.org\/wp-content\/uploads\/JamesLane-768x768.jpg.webp 768w, https:\/\/naturefirst.org\/wp-content\/uploads\/JamesLane-12x12.jpg.webp 12w\" sizes=\"(max-width: 960px) 100vw, 960px\" \/>\t\t\t\t\t\t\t\t\t\t\t\t\t\t\t<\/div>\n\t\t\t\t<\/div>\n\t\t\t\t<div class=\"elementor-element elementor-element-9844776 elementor-widget elementor-widget-text-editor\" data-id=\"9844776\" data-element_type=\"widget\" data-e-type=\"widget\" data-widget_type=\"text-editor.default\">\n\t\t\t\t<div class=\"elementor-widget-container\">\n\t\t\t\t\t\t\t\t\t<p>Site web : jameslanephotography.com<br \/>Instagram : <a href=\"https:\/\/www.instagram.com\/jameslanephotography\/\" target=\"_blank\" rel=\"noopener\">@jameslanephotography<\/a><\/p>\t\t\t\t\t\t\t\t<\/div>\n\t\t\t\t<\/div>\n\t\t\t\t\t<\/div>\n\t\t<\/div>\n\t\t\t\t<div class=\"elementor-column elementor-col-50 elementor-inner-column elementor-element elementor-element-f8c3656\" data-id=\"f8c3656\" data-element_type=\"column\" data-e-type=\"column\">\n\t\t\t<div class=\"elementor-widget-wrap elementor-element-populated\">\n\t\t\t\t\t\t<div class=\"elementor-element elementor-element-04ad9b7 elementor-widget elementor-widget-text-editor\" data-id=\"04ad9b7\" data-element_type=\"widget\" data-e-type=\"widget\" data-widget_type=\"text-editor.default\">\n\t\t\t\t<div class=\"elementor-widget-container\">\n\t\t\t\t\t\t\t\t\t<p>Bonjour, je m&#039;appelle James Lane et je suis ambassadeur Nature First et photographe paysagiste du Yorkshire au Royaume-Uni. Cet article a pour but de vous donner l&#039;occasion de r\u00e9fl\u00e9chir \u00e0 votre relation avec notre paysage et de vous fournir des ressources utiles sp\u00e9cifiques au Royaume-Uni pour en savoir plus sur les zones que vous photographiez.<\/p>\t\t\t\t\t\t\t\t<\/div>\n\t\t\t\t<\/div>\n\t\t\t\t\t<\/div>\n\t\t<\/div>\n\t\t\t\t\t<\/div>\n\t\t<\/section>\n\t\t\t\t<div class=\"elementor-element elementor-element-edfbc2a elementor-widget elementor-widget-text-editor\" data-id=\"edfbc2a\" data-element_type=\"widget\" data-e-type=\"widget\" data-widget_type=\"text-editor.default\">\n\t\t\t\t<div class=\"elementor-widget-container\">\n\t\t\t\t\t\t\t\t\t<p>Depuis la naissance de Nature First le Jour de la Terre en 2019, le Royaume-Uni a eu une relation incroyablement turbulente avec sa campagne, ses parcs nationaux et ses espaces sauvages. Aujourd&#039;hui plus que jamais, les photographes du Royaume-Uni (y compris ceux qui choisissent de visiter nos \u00eeles) doivent s&#039;efforcer de suivre les <a href=\"https:\/\/naturefirst.org\/fr\/principles\/\" target=\"_blank\" rel=\"noopener\"><strong>Nature First<\/strong><\/a> et <a href=\"https:\/\/lnt.org\/why\/7-principles\/\" target=\"_blank\" rel=\"noopener\"><strong>Principes de Ne laisser aucune trace<\/strong><\/a> et donner le bon exemple aux autres qu&#039;ils pourraient conna\u00eetre ou influencer.<\/p><h3>QUELS SONT LES ENJEUX ACTUELS ?<\/h3><p class=\"\">Au cours des derni\u00e8res ann\u00e9es, le paysage, les for\u00eats et les zones c\u00f4ti\u00e8res du Royaume-Uni ont connu une fr\u00e9quentation record. Ceci est bien s\u00fbr directement li\u00e9 aux restrictions de voyage impos\u00e9es pendant la pand\u00e9mie. Personne ne d\u00e9plorerait que des gens profitent de ce que la nature a \u00e0 leur offrir dans leur propre pays ; c&#039;est g\u00e9nial de voir plus de gens d\u00e9couvrir et photographier notre beau pays. Non seulement cette augmentation des visites soutient les entreprises locales, mais elle a \u00e9galement pour effet d&#039;exposer davantage de personnes \u00e0 la nature, potentiellement pour la premi\u00e8re fois. \u00catre expos\u00e9 \u00e0 la nature est essentiel pour d\u00e9velopper une v\u00e9ritable empathie et m\u00eame un sens de l&#039;intendance.<\/p><p class=\"\">Cependant, cette fr\u00e9quentation accrue est une \u00e9p\u00e9e \u00e0 double tranchant. Une plus grande fr\u00e9quentation s&#039;accompagne souvent de plus de photographies (qu&#039;il s&#039;agisse d&#039;un smartphone ou d&#039;un appareil photo). Ce n&#039;est pas un ricanement \u00e9litiste envers les nouveaux photographes dans les r\u00e9gions, et je ne dis pas non plus que le paysage ne devrait \u00eatre que le domaine des photographes avec des appareils photo et des tr\u00e9pieds co\u00fbteux. Le probl\u00e8me de l&#039;augmentation de la photographie est un probl\u00e8me avec le partage accru de lieux \u00e9cologiquement sensibles sur les m\u00e9dias sociaux - souvent fait innocemment. Cela am\u00e8ne alors plus de personnes dans ces zones et avant que vous ne vous en rendiez compte, il y a une augmentation exponentielle de la fr\u00e9quentation dans une zone qui peut ne pas \u00eatre en mesure de faire face ou de se r\u00e9tablir. Ou pire, c&#039;est un site d&#039;int\u00e9r\u00eat scientifique sp\u00e9cial ou une zone sp\u00e9ciale pour la conservation (plus sur ces derniers plus tard).<\/p>\t\t\t\t\t\t\t\t<\/div>\n\t\t\t\t<\/div>\n\t\t\t\t<section class=\"elementor-section elementor-inner-section elementor-element elementor-element-613db66 elementor-section-boxed elementor-section-height-default elementor-section-height-default\" data-id=\"613db66\" data-element_type=\"section\" data-e-type=\"section\">\n\t\t\t\t\t\t<div class=\"elementor-container elementor-column-gap-default\">\n\t\t\t\t\t<div class=\"elementor-column elementor-col-50 elementor-inner-column elementor-element elementor-element-324d3fd\" data-id=\"324d3fd\" data-element_type=\"column\" data-e-type=\"column\">\n\t\t\t<div class=\"elementor-widget-wrap elementor-element-populated\">\n\t\t\t\t\t\t<div class=\"elementor-element elementor-element-91a81d3 elementor-widget elementor-widget-text-editor\" data-id=\"91a81d3\" data-element_type=\"widget\" data-e-type=\"widget\" data-widget_type=\"text-editor.default\">\n\t\t\t\t<div class=\"elementor-widget-container\">\n\t\t\t\t\t\t\t\t\t<p>Pour donner un exemple, j&#039;ai la chance de vivre tout pr\u00e8s d&#039;une incroyable for\u00eat de jacinthes des bois. Si vous ne le saviez pas, les jacinthes des bois sont incroyablement sensibles aux dommages et mettent jusqu&#039;\u00e0 sept ans \u00e0 se r\u00e9tablir si elles sont pi\u00e9tin\u00e9es. Il est en fait ill\u00e9gal de cueillir ou de pi\u00e9tiner intentionnellement des jacinthes des bois au Royaume-Uni en raison de leur statut d&#039;esp\u00e8ce prot\u00e9g\u00e9e. Si je devais partager l&#039;emplacement de cette for\u00eat sur les r\u00e9seaux sociaux, il y a de fortes chances que quatre ou cinq photographes fassent le voyage pour prendre leurs propres photos. Et si l&#039;un de ces photographes est irresponsable ou ne comprend pas \u00e0 quel point ces plantes sont sensibles ?<\/p>\t\t\t\t\t\t\t\t<\/div>\n\t\t\t\t<\/div>\n\t\t\t\t\t<\/div>\n\t\t<\/div>\n\t\t\t\t<div class=\"elementor-column elementor-col-50 elementor-inner-column elementor-element elementor-element-152a58d\" data-id=\"152a58d\" data-element_type=\"column\" data-e-type=\"column\">\n\t\t\t<div class=\"elementor-widget-wrap elementor-element-populated\">\n\t\t\t\t\t\t<div class=\"elementor-element elementor-element-e07fe15 elementor-widget elementor-widget-image\" data-id=\"e07fe15\" data-element_type=\"widget\" data-e-type=\"widget\" data-widget_type=\"image.default\">\n\t\t\t\t<div class=\"elementor-widget-container\">\n\t\t\t\t\t\t\t\t\t\t\t\t<figure class=\"wp-caption\">\n\t\t\t\t\t\t\t\t\t\t<img decoding=\"async\" width=\"768\" height=\"1024\" src=\"https:\/\/naturefirst.org\/wp-content\/uploads\/BluebellWoodland28JamesLaneimageprmissiongranted29_web-768x1024.jpg\" class=\"attachment-large size-large wp-image-1306\" alt=\"\" srcset=\"https:\/\/naturefirst.org\/wp-content\/uploads\/BluebellWoodland28JamesLaneimageprmissiongranted29_web-768x1024.jpg.webp 768w, https:\/\/naturefirst.org\/wp-content\/uploads\/BluebellWoodland28JamesLaneimageprmissiongranted29_web-375x500.jpg.webp 375w, https:\/\/naturefirst.org\/wp-content\/uploads\/BluebellWoodland28JamesLaneimageprmissiongranted29_web-1152x1536.jpg.webp 1152w, https:\/\/naturefirst.org\/wp-content\/uploads\/BluebellWoodland28JamesLaneimageprmissiongranted29_web-9x12.jpg.webp 9w, https:\/\/naturefirst.org\/wp-content\/uploads\/BluebellWoodland28JamesLaneimageprmissiongranted29_web.jpg.webp 1536w\" sizes=\"(max-width: 768px) 100vw, 768px\" \/>\t\t\t\t\t\t\t\t\t\t\t<figcaption class=\"widget-image-caption wp-caption-text\">Bluebell Woodland \u00a9 James Lane 2022. Tous droits r\u00e9serv\u00e9s.<\/figcaption>\n\t\t\t\t\t\t\t\t\t\t<\/figure>\n\t\t\t\t\t\t\t\t\t<\/div>\n\t\t\t\t<\/div>\n\t\t\t\t\t<\/div>\n\t\t<\/div>\n\t\t\t\t\t<\/div>\n\t\t<\/section>\n\t\t\t\t<div class=\"elementor-element elementor-element-92989ee elementor-widget elementor-widget-text-editor\" data-id=\"92989ee\" data-element_type=\"widget\" data-e-type=\"widget\" data-widget_type=\"text-editor.default\">\n\t\t\t\t<div class=\"elementor-widget-container\">\n\t\t\t\t\t\t\t\t\t<p>Et si trois d&#039;entre eux partagent le lieu et que douze autres photographes visitent la for\u00eat ? Cela peut rapidement devenir incontr\u00f4lable et avant longtemps, la for\u00eat est soumise \u00e0 un stress immense, le tout caus\u00e9 par mes actions.<\/p><p>Comme \u00e9tude de cas, il y a une for\u00eat tr\u00e8s ancienne et magnifique dans le sud de l&#039;Angleterre qui a \u00e9t\u00e9 photographi\u00e9e par un petit nombre de photographes. Bien que les images de cette for\u00eat soient magnifiques et que les photographes ne veuillent pas intentionnellement nuire \u00e0 la for\u00eat, la fr\u00e9quentation est devenue si \u00e9lev\u00e9e parmi ces arbres anciens que les autorit\u00e9s locales ont ferm\u00e9 des zones de la for\u00eat en 2021 en raison de dommages irresponsables. Cela aurait pu \u00eatre att\u00e9nu\u00e9 ou enti\u00e8rement \u00e9vit\u00e9 si la discr\u00e9tion avait \u00e9t\u00e9 appliqu\u00e9e dans le partage de l&#039;emplacement. Le dernier clou dans le cercueil de cette for\u00eat \u00e9tait un grand concours de photographie nommant son emplacement. Par la suite, des milliers de photographes auront vu une image de cette for\u00eat remporter un prix et ont d\u00e9cid\u00e9 de se rendre eux-m\u00eames dans la for\u00eat. Un an plus tard, la fermeture \u00e9tait annonc\u00e9e. Bien s\u00fbr, personne n&#039;a intentionnellement entrepris de nuire \u00e0 la for\u00eat, mais veuillez lire ceci comme un r\u00e9cit de pr\u00e9caution pour d\u00e9montrer le pouvoir de la discr\u00e9tion lors du partage d&#039;emplacements, l&#039;un des principes fondamentaux de Nature First.<\/p><h3>EN PLUS DE NE PAS PARTAGER L&#039;EMPLACEMENT, COMMENT PUIS-JE AIDER\u00a0?<\/h3><p class=\"\">L&#039;une des principales choses que vous pouvez faire est de vous renseigner sur les lieux et les zones que vous choisissez de visiter. Je ne pense pas qu&#039;il soit particuli\u00e8rement connu que de vastes r\u00e9gions du Royaume-Uni sont d\u00e9sign\u00e9es comme sites d&#039;int\u00e9r\u00eat scientifique sp\u00e9cial (SSSI, ASSI en Irlande du Nord). Un SSSI est une zone qui a g\u00e9n\u00e9ralement une concentration importante d&#039;esp\u00e8ces rares de plantes, d&#039;animaux ou m\u00eame de champignons. Il peut \u00e9galement couvrir des zones de g\u00e9ologie scientifiquement significatives. La for\u00eat de jacinthes des bois locale et la for\u00eat ancienne du sud de l&#039;Angleterre d\u00e9crites pr\u00e9c\u00e9demment sont toutes deux des SSSI. Vous trouverez ci-dessous une ventilation du nombre de SSSI (<em>Source\u00a0: Fiducie des bois<\/em>) ainsi qu&#039;un lien vers une liste de tous les SSSI du Royaume-Uni et des cartes interactives\u00a0:<\/p><ul id=\"yui_3_17_2_1_1667891782321_825\" data-rte-list=\"default\"><li><p class=\"\"><strong>Angleterre<\/strong>: 4 100 SSSI<\/p><\/li><li><p class=\"\"><strong>\u00c9cosse<\/strong>: 1 400 SSSI (ceux-ci couvrent 12% du territoire en \u00c9cosse\u00a0!)<\/p><\/li><li><p class=\"\"><strong>Pays de Galles<\/strong>: 1 000 SSSI<\/p><\/li><li><p class=\"\"><strong>Irlande du Nord<\/strong>: 400 ASS<\/p><\/li><li><p class=\"\"><strong>Liste de tous les SSSI du Royaume-Uni<\/strong>:\u00a0 <a href=\"https:\/\/en.wikipedia.org\/wiki\/List_of_Sites_of_Special_Scientific_Interest_by_Area_of_Search\" target=\"_blank\" rel=\"noopener\"><strong>Cliquez ici<\/strong><\/a><\/p><\/li><li><p class=\"\"><strong>Carte interactive des SSSI britanniques (sauf Irlande du Nord)<\/strong>: <a href=\"https:\/\/magic.defra.gov.uk\/MagicMap.aspx\" target=\"_blank\" rel=\"noopener\"><strong>Cliquez ici<\/strong><\/a>. (<em>Pour voir les SSSI, cochez D\u00e9signations, d\u00e9veloppez la case + et cochez D\u00e9signations bas\u00e9es sur la terre, cochez et d\u00e9veloppez Statutaires, puis s\u00e9lectionnez les SSSI pour l&#039;Angleterre, l&#039;\u00c9cosse et le Pays de Galles et ils appara\u00eetront sur la carte sous forme de points verts<\/em>)<\/p><\/li><li><p class=\"\"><strong>Carte interactive des ASSI d&#039;Irlande du Nord<\/strong>: <a href=\"https:\/\/gis.daera-ni.gov.uk\/arcgis\/apps\/webappviewer\/index.html?id=bb721449cb8949e7a4f90c722bd2d80b\" target=\"_blank\" rel=\"noopener\"><strong>Cliquez ici<\/strong><\/a>.\u00a0 (<em>Pour voir les ASSI, s\u00e9lectionnez le bouton des couches dans la barre lat\u00e9rale, s\u00e9lectionnez les zones prot\u00e9g\u00e9es, puis cochez Zone d&#039;int\u00e9r\u00eat scientifique particulier<\/em>)<\/p><\/li><\/ul>\t\t\t\t\t\t\t\t<\/div>\n\t\t\t\t<\/div>\n\t\t\t\t<div class=\"elementor-element elementor-element-9849a9c elementor-widget elementor-widget-text-editor\" data-id=\"9849a9c\" data-element_type=\"widget\" data-e-type=\"widget\" data-widget_type=\"text-editor.default\">\n\t\t\t\t<div class=\"elementor-widget-container\">\n\t\t\t\t\t\t\t\t\t<p class=\"\">Une fois que vous savez si une zone que vous visitez est un SSSI (ou ASSI en Irlande du Nord), vous pouvez la rechercher sp\u00e9cifiquement sur le site Web du gouvernement appropri\u00e9 pour la r\u00e9gion et d\u00e9couvrir pr\u00e9cis\u00e9ment pourquoi la zone est un SSSI. Vous pouvez apprendre quelque chose de nouveau sur un domaine que vous connaissez tr\u00e8s bien. Vous pouvez apprendre \u00e0 \u00eatre prudent dans une certaine vall\u00e9e en raison d&#039;une esp\u00e8ce v\u00e9g\u00e9tale en voie de disparition. Si vous organisez des ateliers, vous pouvez conseiller vos clients et leur apprendre l&#039;\u00e9cologie sensible de la r\u00e9gion. L&#039;un des principes fondamentaux de Nature First est de promouvoir et d&#039;\u00e9duquer activement les autres, que vous recherchiez la plus petite parcelle de bois ou le plus grand vallon. Certaines zones sont si sensibles qu&#039;elles sont m\u00eame d\u00e9sign\u00e9es comme zones sp\u00e9ciales de conservation (ZSC) - comme Glen Sligachan sur l&#039;\u00eele de Skye qui est prot\u00e9g\u00e9e pour sa tourbi\u00e8re, ce qui signifie qu&#039;il est essentiel que des sentiers p\u00e9destres soient utilis\u00e9s pour pr\u00e9server la terre.<\/p><p class=\"\">En tant qu&#039;ambassadeur britannique pour Nature First, je travaillerai avec un r\u00e9seau de personnes partageant les m\u00eames id\u00e9es pour produire des guides utiles pour les photographes visitant des zones sensibles au Royaume-Uni. Celles-ci ne seront pas un guide pour trouver des compositions pour vos images, mais plut\u00f4t une information sur des zones populaires telles que l&#039;\u00eele de Skye ou la r\u00e9gion de Glencoe.\u00a0<\/p><p class=\"\">Si vous allez faire une promesse le Jour de la Terre 2022, veuillez v\u00e9rifier que vous v\u00e9rifierez toujours si une zone que vous pr\u00e9voyez de photographier (ou que vous photographiez d\u00e9j\u00e0) est un SSSI, et apprenez ce que vous pouvez faire pour ne laisser aucune trace et assurer la protection et la pr\u00e9servation de la flore, de la faune et de la g\u00e9ologie rares.<\/p><h3>QU&#039;EN DISENT LES PROFESSIONNELS ?<\/h3><p class=\"\">Pour cette discussion sp\u00e9cifique au Royaume-Uni sur <a href=\"https:\/\/naturefirst.org\/fr\/principles\/\" target=\"_blank\" rel=\"noopener\"><strong>Principes Nature First<\/strong><\/a>, il a sembl\u00e9 appropri\u00e9 de contacter certains photographes professionnels bas\u00e9s au Royaume-Uni qui non seulement comptent sur nos belles \u00eeles pour leur profession, mais qui se soucient \u00e9galement profond\u00e9ment d&#039;eux. Ci-dessous, Thomas Heaton, Rachael Talibart et Alex Nail d\u00e9crivent les probl\u00e8mes qu&#039;ils constatent et ce qu&#039;ils font pour aider\u00a0:<\/p>\t\t\t\t\t\t\t\t<\/div>\n\t\t\t\t<\/div>\n\t\t\t\t<section class=\"elementor-section elementor-inner-section elementor-element elementor-element-ccf00b9 elementor-section-boxed elementor-section-height-default elementor-section-height-default\" data-id=\"ccf00b9\" data-element_type=\"section\" data-e-type=\"section\">\n\t\t\t\t\t\t<div class=\"elementor-container elementor-column-gap-default\">\n\t\t\t\t\t<div class=\"elementor-column elementor-col-50 elementor-inner-column elementor-element elementor-element-0f9594b\" data-id=\"0f9594b\" data-element_type=\"column\" data-e-type=\"column\">\n\t\t\t<div class=\"elementor-widget-wrap elementor-element-populated\">\n\t\t\t\t\t\t<div class=\"elementor-element elementor-element-4322f2b elementor-widget elementor-widget-text-editor\" data-id=\"4322f2b\" data-element_type=\"widget\" data-e-type=\"widget\" data-widget_type=\"text-editor.default\">\n\t\t\t\t<div class=\"elementor-widget-container\">\n\t\t\t\t\t\t\t\t\t<h3>Thomas Heaton<\/h3><p>\u00a0<\/p><p><em>Les photographes paysagistes ont la responsabilit\u00e9 de prendre soin de l&#039;environnement qu&#039;ils photographient, mais cela peut \u00eatre un exercice d&#039;\u00e9quilibre difficile. J&#039;ai moi-m\u00eame voyag\u00e9 \u00e0 travers le monde pour d\u00e9couvrir diff\u00e9rentes cultures et paysages, je conduis une camionnette pour acc\u00e9der \u00e0 des endroits au Royaume-Uni et je partage mon travail avec un public mondial, ce qui encourage sans aucun doute les autres \u00e0 voyager, conduire et m\u00eame visiter les endroits m\u00eames que je me rendre visite, provoquant ainsi une forte fr\u00e9quentation.<\/em><\/p>\t\t\t\t\t\t\t\t<\/div>\n\t\t\t\t<\/div>\n\t\t\t\t\t<\/div>\n\t\t<\/div>\n\t\t\t\t<div class=\"elementor-column elementor-col-50 elementor-inner-column elementor-element elementor-element-5e1fc1b\" data-id=\"5e1fc1b\" data-element_type=\"column\" data-e-type=\"column\">\n\t\t\t<div class=\"elementor-widget-wrap elementor-element-populated\">\n\t\t\t\t\t\t<div class=\"elementor-element elementor-element-bbe06af elementor-widget elementor-widget-image\" data-id=\"bbe06af\" data-element_type=\"widget\" data-e-type=\"widget\" data-widget_type=\"image.default\">\n\t\t\t\t<div class=\"elementor-widget-container\">\n\t\t\t\t\t\t\t\t\t\t\t\t\t\t\t<img decoding=\"async\" width=\"900\" height=\"900\" src=\"https:\/\/naturefirst.org\/wp-content\/uploads\/ThomasHeaton.jpg\" class=\"attachment-large size-large wp-image-1307\" alt=\"\" srcset=\"https:\/\/naturefirst.org\/wp-content\/uploads\/ThomasHeaton.jpg.webp 900w, https:\/\/naturefirst.org\/wp-content\/uploads\/ThomasHeaton-500x500.jpg.webp 500w, https:\/\/naturefirst.org\/wp-content\/uploads\/ThomasHeaton-150x150.jpg.webp 150w, https:\/\/naturefirst.org\/wp-content\/uploads\/ThomasHeaton-768x768.jpg.webp 768w, https:\/\/naturefirst.org\/wp-content\/uploads\/ThomasHeaton-12x12.jpg.webp 12w\" sizes=\"(max-width: 900px) 100vw, 900px\" \/>\t\t\t\t\t\t\t\t\t\t\t\t\t\t\t<\/div>\n\t\t\t\t<\/div>\n\t\t\t\t\t<\/div>\n\t\t<\/div>\n\t\t\t\t\t<\/div>\n\t\t<\/section>\n\t\t\t\t<div class=\"elementor-element elementor-element-450db08 elementor-widget elementor-widget-text-editor\" data-id=\"450db08\" data-element_type=\"widget\" data-e-type=\"widget\" data-widget_type=\"text-editor.default\">\n\t\t\t\t<div class=\"elementor-widget-container\">\n\t\t\t\t\t\t\t\t\t<p><em>Malheureusement, tout ce qui pr\u00e9c\u00e8de est n\u00e9cessaire pour faire mon travail de photographe de paysage et pour vivre une vie \u00e9panouie en d\u00e9couvrant de nouveaux endroits et en d\u00e9couvrant de nouvelles cultures.<\/em><\/p>\t\t\t\t\t\t\t\t<\/div>\n\t\t\t\t<\/div>\n\t\t\t\t<div class=\"elementor-element elementor-element-4cf68d0 elementor-widget elementor-widget-image\" data-id=\"4cf68d0\" data-element_type=\"widget\" data-e-type=\"widget\" data-widget_type=\"image.default\">\n\t\t\t\t<div class=\"elementor-widget-container\">\n\t\t\t\t\t\t\t\t\t\t\t\t<figure class=\"wp-caption\">\n\t\t\t\t\t\t\t\t\t\t<img loading=\"lazy\" decoding=\"async\" width=\"1010\" height=\"1024\" src=\"https:\/\/naturefirst.org\/wp-content\/uploads\/Thomas_Heaton_Image-1010x1024.jpg\" class=\"attachment-large size-large wp-image-1308\" alt=\"\" srcset=\"https:\/\/naturefirst.org\/wp-content\/uploads\/Thomas_Heaton_Image-1010x1024.jpg.webp 1010w, https:\/\/naturefirst.org\/wp-content\/uploads\/Thomas_Heaton_Image-493x500.jpg.webp 493w, https:\/\/naturefirst.org\/wp-content\/uploads\/Thomas_Heaton_Image-768x779.jpg.webp 768w, https:\/\/naturefirst.org\/wp-content\/uploads\/Thomas_Heaton_Image-1514x1536.jpg.webp 1514w, https:\/\/naturefirst.org\/wp-content\/uploads\/Thomas_Heaton_Image-12x12.jpg.webp 12w, https:\/\/naturefirst.org\/wp-content\/uploads\/Thomas_Heaton_Image.jpg.webp 2019w\" sizes=\"(max-width: 1010px) 100vw, 1010px\" \/>\t\t\t\t\t\t\t\t\t\t\t<figcaption class=\"widget-image-caption wp-caption-text\">\u00a9 Thomas Heaton 2022. Tous droits r\u00e9serv\u00e9s.<\/figcaption>\n\t\t\t\t\t\t\t\t\t\t<\/figure>\n\t\t\t\t\t\t\t\t\t<\/div>\n\t\t\t\t<\/div>\n\t\t\t\t<div class=\"elementor-element elementor-element-723bb48 elementor-widget elementor-widget-text-editor\" data-id=\"723bb48\" data-element_type=\"widget\" data-e-type=\"widget\" data-widget_type=\"text-editor.default\">\n\t\t\t\t<div class=\"elementor-widget-container\">\n\t\t\t\t\t\t\t\t\t<p class=\"\"><em>Je ne crois pas que les individus devraient se sentir coupables ou \u00eatre vilipend\u00e9s pour avoir pris l&#039;avion pour un autre pays ou conduit un v\u00e9hicule \u00e0 moteur \u00e0 combustion, mais je pense que nous devons \u00eatre conscients des probl\u00e8mes environnementaux \u00e0 la fois au niveau mondial et local et, dans la mesure du possible, agir d&#039;une mani\u00e8re qui contribue \u00e0 la nature et \u00e0 l&#039;environnement plus que nous n&#039;en prenons. La v\u00e9rit\u00e9 est que les gens n&#039;abandonneront pas leur iPhone, les soci\u00e9t\u00e9s de t\u00e9l\u00e9vision n&#039;arr\u00eateront pas de produire des documentaires de voyage et les \u00e9diteurs continueront de cr\u00e9er des guides. Alors, que pouvons-nous faire? <\/em><\/p><p class=\"\"><em>Je crois que ce sont les petites choses qui font la diff\u00e9rence. Voici quelques-unes des choses que j&#039;essaie de faire aussi souvent que possible\u00a0: <\/em><\/p><ul data-rte-list=\"default\"><li><p class=\"\"><em>Lorsque je publie une vid\u00e9o ou une photo, je fais attention \u00e0 ne pas divulguer le lieu s&#039;il s&#039;agit d&#039;une zone sensible peu fr\u00e9quent\u00e9e. Pour les zones moins sensibles, comme le sommet du mont Coniston qui voit des milliers de marcheurs par jour et repr\u00e9sente un \u00e9norme effort pour s&#039;y rendre, je suis heureux de partager ma position. De cette fa\u00e7on, je suis en mesure d&#039;offrir de la valeur \u00e0 mon public en lui donnant une id\u00e9e d&#039;un excellent spot de photographie et l&#039;effet d&#039;entra\u00eenement est qu&#039;il pourrait \u00eatre encourag\u00e9 \u00e0 profiter davantage du plein air et \u00e0 adopter un mode de vie plus sain.<\/em><\/p><\/li><li><p class=\"\"><em>Je suis membre de ma fiducie locale pour la faune et je visite r\u00e9guli\u00e8rement leurs sites et je soutiens leur travail.<\/em><\/p><\/li><li><p class=\"\"><em>Je plante des arbres et j&#039;encourage les autres \u00e0 planter un arbre lorsqu&#039;ils visitent mon site Web. Le mois dernier, j&#039;ai vendu une impression et fait don de tous les b\u00e9n\u00e9fices \u00e0 Trees for Life, ce qui a permis de planter pr\u00e8s de 600 arbres. <\/em><\/p><\/li><li><p class=\"\"><em>Je ramasse les d\u00e9chets, c&#039;est important, surtout si d&#039;autres vous voient faire cela car cela les encouragera \u00e0 faire de m\u00eame.<\/em><\/p><\/li><li><p class=\"\"><em>Je laisse TOUJOURS le paysage exactement comme je l&#039;ai trouv\u00e9 ou mieux. Je ne bouge rien, ne coupe rien et n&#039;ajoute rien. Photoshop est un outil merveilleux, je l&#039;utilise donc pour supprimer les morts-vivants plut\u00f4t que de le d\u00e9ranger moi-m\u00eame.<\/em><\/p><\/li><li><p class=\"\"><em>Enfin, je fais toujours la promotion du paysage, de la nature et du plein air dans l&#039;espoir que plus de gens appr\u00e9cieront ce que nous avons.<\/em><\/p><\/li><\/ul>\t\t\t\t\t\t\t\t<\/div>\n\t\t\t\t<\/div>\n\t\t\t\t<section class=\"elementor-section elementor-inner-section elementor-element elementor-element-958385f elementor-section-boxed elementor-section-height-default elementor-section-height-default\" data-id=\"958385f\" data-element_type=\"section\" data-e-type=\"section\">\n\t\t\t\t\t\t<div class=\"elementor-container elementor-column-gap-default\">\n\t\t\t\t\t<div class=\"elementor-column elementor-col-50 elementor-inner-column elementor-element elementor-element-0d82230\" data-id=\"0d82230\" data-element_type=\"column\" data-e-type=\"column\">\n\t\t\t<div class=\"elementor-widget-wrap elementor-element-populated\">\n\t\t\t\t\t\t<div class=\"elementor-element elementor-element-0b1b23b elementor-widget elementor-widget-text-editor\" data-id=\"0b1b23b\" data-element_type=\"widget\" data-e-type=\"widget\" data-widget_type=\"text-editor.default\">\n\t\t\t\t<div class=\"elementor-widget-container\">\n\t\t\t\t\t\t\t\t\t<h3>RACHA\u00cbL TALIBART<br \/><br \/><\/h3><p class=\"\"><em>Pour moi, en tant que photographe de paysages marins, la pollution plastique est le signe le plus \u00e9vident de la crise \u00e9cologique. La sant\u00e9 de nos oc\u00e9ans est vitale pour la vie sur toute la Terre. La crise semble souvent si \u00e9norme que l&#039;on peut se sentir d\u00e9motiv\u00e9, mais j&#039;ai appris que m\u00eame de petites actions peuvent m&#039;aider \u00e0 me sentir mieux, au moins pendant un certain temps. En plus de donner un pourcentage important de mes revenus d&#039;entreprise \u00e0 des associations caritatives de conservation, je refuse activement les plastiques \u00e0 usage unique et je me fais un devoir apr\u00e8s chaque visite \u00e0 la plage d&#039;emporter autant de plastique marin que je peux en transporter.<\/em><\/p>\t\t\t\t\t\t\t\t<\/div>\n\t\t\t\t<\/div>\n\t\t\t\t\t<\/div>\n\t\t<\/div>\n\t\t\t\t<div class=\"elementor-column elementor-col-50 elementor-inner-column elementor-element elementor-element-bcd84d8\" data-id=\"bcd84d8\" data-element_type=\"column\" data-e-type=\"column\">\n\t\t\t<div class=\"elementor-widget-wrap elementor-element-populated\">\n\t\t\t\t\t\t<div class=\"elementor-element elementor-element-31aef4e elementor-widget elementor-widget-image\" data-id=\"31aef4e\" data-element_type=\"widget\" data-e-type=\"widget\" data-widget_type=\"image.default\">\n\t\t\t\t<div class=\"elementor-widget-container\">\n\t\t\t\t\t\t\t\t\t\t\t\t\t\t\t<img loading=\"lazy\" decoding=\"async\" width=\"1024\" height=\"1024\" src=\"https:\/\/naturefirst.org\/wp-content\/uploads\/RachaelTalibart-1024x1024.jpg\" class=\"attachment-large size-large wp-image-1309\" alt=\"\" srcset=\"https:\/\/naturefirst.org\/wp-content\/uploads\/RachaelTalibart-1024x1024.jpg.webp 1024w, https:\/\/naturefirst.org\/wp-content\/uploads\/RachaelTalibart-500x500.jpg.webp 500w, https:\/\/naturefirst.org\/wp-content\/uploads\/RachaelTalibart-150x150.jpg.webp 150w, https:\/\/naturefirst.org\/wp-content\/uploads\/RachaelTalibart-768x768.jpg.webp 768w, https:\/\/naturefirst.org\/wp-content\/uploads\/RachaelTalibart-12x12.jpg.webp 12w, https:\/\/naturefirst.org\/wp-content\/uploads\/RachaelTalibart.jpg.webp 1278w\" sizes=\"(max-width: 1024px) 100vw, 1024px\" \/>\t\t\t\t\t\t\t\t\t\t\t\t\t\t\t<\/div>\n\t\t\t\t<\/div>\n\t\t\t\t\t<\/div>\n\t\t<\/div>\n\t\t\t\t\t<\/div>\n\t\t<\/section>\n\t\t\t\t<div class=\"elementor-element elementor-element-0647ca1 elementor-widget elementor-widget-text-editor\" data-id=\"0647ca1\" data-element_type=\"widget\" data-e-type=\"widget\" data-widget_type=\"text-editor.default\">\n\t\t\t\t<div class=\"elementor-widget-container\">\n\t\t\t\t\t\t\t\t\t<p><em>Il<\/em>&#039;<em>sa <\/em>&#039;<em>tomber dans l&#039;oc\u00e9an<\/em>&#039; <em>mais je me suis senti particuli\u00e8rement bien il y a quelques semaines lorsqu&#039;une famille est venue me voir et m&#039;a demand\u00e9 ce que je faisais, puis a commenc\u00e9 \u00e0 faire de m\u00eame. Peut-\u00eatre que<\/em>&#039;<em>ils ont l&#039;habitude<\/em>&#039;<em>Je vais maintenant continuer. J&#039;aime le penser. Les photographes de plein air sont dans une position unique pour aider, m\u00eame si ce n&#039;est que pour de petits actes comme celui-ci, car nous sommes si souvent en d\u00e9placement dans des lieux naturels.<\/em><\/p>\t\t\t\t\t\t\t\t<\/div>\n\t\t\t\t<\/div>\n\t\t\t\t<div class=\"elementor-element elementor-element-7ae526b elementor-widget elementor-widget-image\" data-id=\"7ae526b\" data-element_type=\"widget\" data-e-type=\"widget\" data-widget_type=\"image.default\">\n\t\t\t\t<div class=\"elementor-widget-container\">\n\t\t\t\t\t\t\t\t\t\t\t\t<figure class=\"wp-caption\">\n\t\t\t\t\t\t\t\t\t\t<img loading=\"lazy\" decoding=\"async\" width=\"1024\" height=\"672\" src=\"https:\/\/naturefirst.org\/wp-content\/uploads\/Rachael-Talibart-image-permission-granted-1024x672.jpg\" class=\"attachment-large size-large wp-image-2240\" alt=\"\" srcset=\"https:\/\/naturefirst.org\/wp-content\/uploads\/Rachael-Talibart-image-permission-granted-1024x672.jpg.webp 1024w, https:\/\/naturefirst.org\/wp-content\/uploads\/Rachael-Talibart-image-permission-granted-500x328.jpg.webp 500w, https:\/\/naturefirst.org\/wp-content\/uploads\/Rachael-Talibart-image-permission-granted-768x504.jpg.webp 768w, https:\/\/naturefirst.org\/wp-content\/uploads\/Rachael-Talibart-image-permission-granted-18x12.jpg.webp 18w, https:\/\/naturefirst.org\/wp-content\/uploads\/Rachael-Talibart-image-permission-granted.jpg.webp 1284w\" sizes=\"(max-width: 1024px) 100vw, 1024px\" \/>\t\t\t\t\t\t\t\t\t\t\t<figcaption class=\"widget-image-caption wp-caption-text\">\u00a9 Rachael Talibart 2022. Tous droits r\u00e9serv\u00e9s.<\/figcaption>\n\t\t\t\t\t\t\t\t\t\t<\/figure>\n\t\t\t\t\t\t\t\t\t<\/div>\n\t\t\t\t<\/div>\n\t\t\t\t<div class=\"elementor-element elementor-element-c7f634e elementor-widget elementor-widget-text-editor\" data-id=\"c7f634e\" data-element_type=\"widget\" data-e-type=\"widget\" data-widget_type=\"text-editor.default\">\n\t\t\t\t<div class=\"elementor-widget-container\">\n\t\t\t\t\t\t\t\t\t<p><em>Nous devons faire plus que traiter la nature comme une ressource \u00e0 exploiter pour nos photos. La nature, et plus particuli\u00e8rement l&#039;oc\u00e9an, m&#039;a tant donn\u00e9. Il est juste de redonner aux merveilleuses plages que je visite. (Au risque d&#039;ali\u00e9ner certains lecteurs, j&#039;ai aussi un r\u00e9gime alimentaire principalement \u00e0 base de plantes. Les engins de p\u00eache jet\u00e9s sont responsables d&#039;une forte proportion de toute la pollution des oc\u00e9ans et cela a gagn\u00e9<\/em>&#039;<em>t s&#039;arr\u00eater tant que la demande de poisson demeure.)<\/em><\/p>\t\t\t\t\t\t\t\t<\/div>\n\t\t\t\t<\/div>\n\t\t\t\t<section class=\"elementor-section elementor-inner-section elementor-element elementor-element-ec83f09 elementor-section-boxed elementor-section-height-default elementor-section-height-default\" data-id=\"ec83f09\" data-element_type=\"section\" data-e-type=\"section\">\n\t\t\t\t\t\t<div class=\"elementor-container elementor-column-gap-default\">\n\t\t\t\t\t<div class=\"elementor-column elementor-col-50 elementor-inner-column elementor-element elementor-element-6b2d25d\" data-id=\"6b2d25d\" data-element_type=\"column\" data-e-type=\"column\">\n\t\t\t<div class=\"elementor-widget-wrap elementor-element-populated\">\n\t\t\t\t\t\t<div class=\"elementor-element elementor-element-d20222e elementor-widget elementor-widget-text-editor\" data-id=\"d20222e\" data-element_type=\"widget\" data-e-type=\"widget\" data-widget_type=\"text-editor.default\">\n\t\t\t\t<div class=\"elementor-widget-container\">\n\t\t\t\t\t\t\t\t\t<h3>ALEX CLOU<\/h3><p class=\"\"><em>Suivre les principes Nature First n&#039;est pas quelque chose auquel je dois activement r\u00e9fl\u00e9chir. Tout photographe qui appr\u00e9cie le plein air devrait de toute fa\u00e7on suivre l&#039;essence des principes Nature First s&#039;il respecte les paysages qu&#039;il photographie. Je consid\u00e8re que le r\u00f4le le plus important de Nature First est une campagne de sensibilisation.<\/em><\/p>\t\t\t\t\t\t\t\t<\/div>\n\t\t\t\t<\/div>\n\t\t\t\t\t<\/div>\n\t\t<\/div>\n\t\t\t\t<div class=\"elementor-column elementor-col-50 elementor-inner-column elementor-element elementor-element-ee489cb\" data-id=\"ee489cb\" data-element_type=\"column\" data-e-type=\"column\">\n\t\t\t<div class=\"elementor-widget-wrap elementor-element-populated\">\n\t\t\t\t\t\t<div class=\"elementor-element elementor-element-1bf95de elementor-widget elementor-widget-image\" data-id=\"1bf95de\" data-element_type=\"widget\" data-e-type=\"widget\" data-widget_type=\"image.default\">\n\t\t\t\t<div class=\"elementor-widget-container\">\n\t\t\t\t\t\t\t\t\t\t\t\t\t\t\t<img loading=\"lazy\" decoding=\"async\" width=\"400\" height=\"400\" src=\"https:\/\/naturefirst.org\/wp-content\/uploads\/AlexNail.jpg\" class=\"attachment-large size-large wp-image-1310\" alt=\"\" srcset=\"https:\/\/naturefirst.org\/wp-content\/uploads\/AlexNail.jpg.webp 400w, https:\/\/naturefirst.org\/wp-content\/uploads\/AlexNail-150x150.jpg.webp 150w, https:\/\/naturefirst.org\/wp-content\/uploads\/AlexNail-12x12.jpg.webp 12w\" sizes=\"(max-width: 400px) 100vw, 400px\" \/>\t\t\t\t\t\t\t\t\t\t\t\t\t\t\t<\/div>\n\t\t\t\t<\/div>\n\t\t\t\t\t<\/div>\n\t\t<\/div>\n\t\t\t\t\t<\/div>\n\t\t<\/section>\n\t\t\t\t<div class=\"elementor-element elementor-element-44a9266 elementor-widget elementor-widget-text-editor\" data-id=\"44a9266\" data-element_type=\"widget\" data-e-type=\"widget\" data-widget_type=\"text-editor.default\">\n\t\t\t\t<div class=\"elementor-widget-container\">\n\t\t\t\t\t\t\t\t\t<p><em>Il est devenu clair au Royaume-Uni, avec le boom du tourisme \u00ab staycation \u00bb des deux derni\u00e8res ann\u00e9es, que les membres du public les plus susceptibles de g\u00e2cher le paysage sont ceux qui y sont nouveaux.<\/em><\/p><p><em>Ils ne connaissent pas bon nombre des r\u00e8gles implicites que nous devrions suivre afin de prot\u00e9ger les espaces ext\u00e9rieurs. C&#039;est \u00e9videmment moins un probl\u00e8me avec les photographes de la nature, mais l&#039;id\u00e9e g\u00e9n\u00e9rale s&#039;applique toujours. De nombreux photographes ne suivront pas certains des principes Nature First les moins \u00e9vidents car ils n&#039;ont pas \u00e9t\u00e9 personnellement expos\u00e9s aux probl\u00e8mes qui les entourent.<\/em><\/p>\t\t\t\t\t\t\t\t<\/div>\n\t\t\t\t<\/div>\n\t\t\t\t<div class=\"elementor-element elementor-element-04281f7 elementor-widget elementor-widget-image\" data-id=\"04281f7\" data-element_type=\"widget\" data-e-type=\"widget\" data-widget_type=\"image.default\">\n\t\t\t\t<div class=\"elementor-widget-container\">\n\t\t\t\t\t\t\t\t\t\t\t\t<figure class=\"wp-caption\">\n\t\t\t\t\t\t\t\t\t\t<img loading=\"lazy\" decoding=\"async\" width=\"1024\" height=\"682\" src=\"https:\/\/naturefirst.org\/wp-content\/uploads\/AlexNailimage28permissiongranted29_web-1024x682.jpg\" class=\"attachment-large size-large wp-image-1311\" alt=\"\" srcset=\"https:\/\/naturefirst.org\/wp-content\/uploads\/AlexNailimage28permissiongranted29_web-1024x682.jpg.webp 1024w, https:\/\/naturefirst.org\/wp-content\/uploads\/AlexNailimage28permissiongranted29_web-500x333.jpg.webp 500w, https:\/\/naturefirst.org\/wp-content\/uploads\/AlexNailimage28permissiongranted29_web-768x511.jpg.webp 768w, https:\/\/naturefirst.org\/wp-content\/uploads\/AlexNailimage28permissiongranted29_web-1536x1022.jpg.webp 1536w, https:\/\/naturefirst.org\/wp-content\/uploads\/AlexNailimage28permissiongranted29_web-2048x1363.jpg.webp 2048w, https:\/\/naturefirst.org\/wp-content\/uploads\/AlexNailimage28permissiongranted29_web-18x12.jpg.webp 18w\" sizes=\"(max-width: 1024px) 100vw, 1024px\" \/>\t\t\t\t\t\t\t\t\t\t\t<figcaption class=\"widget-image-caption wp-caption-text\">\u00a9 Alex Nail 2022. Tous droits r\u00e9serv\u00e9s.<\/figcaption>\n\t\t\t\t\t\t\t\t\t\t<\/figure>\n\t\t\t\t\t\t\t\t\t<\/div>\n\t\t\t\t<\/div>\n\t\t\t\t<div class=\"elementor-element elementor-element-eeaa442 elementor-widget elementor-widget-text-editor\" data-id=\"eeaa442\" data-element_type=\"widget\" data-e-type=\"widget\" data-widget_type=\"text-editor.default\">\n\t\t\t\t<div class=\"elementor-widget-container\">\n\t\t\t\t\t\t\t\t\t<p><em>Le partage de position en est un bon exemple\u00a0; les personnes qui sont photographes depuis de nombreuses ann\u00e9es auront probablement eu une exp\u00e9rience de premi\u00e8re main du partage de position g\u00e2chant une zone sensible. Ce probl\u00e8me m&#039;a vraiment touch\u00e9 lorsque j&#039;ai particip\u00e9 \u00e0 la vulgarisation d&#039;une petite cascade dans une for\u00eat pr\u00e9serv\u00e9e pr\u00e8s de la maison de mes parents, ce qui a entra\u00een\u00e9 des dommages importants aux mousses et aux arbres dans les environs imm\u00e9diats. Par la suite, j&#039;ai r\u00e9alis\u00e9 que garder certains endroits secrets \u00e9tait sens\u00e9 et non \u00e9go\u00efste. J&#039;ai au moins la chance que la plupart des endroits montagneux que je partage soient suffisamment difficiles d&#039;acc\u00e8s pour que je n&#039;aie pas trop \u00e0 m&#039;inqui\u00e9ter\u00a0!<\/em><\/p><h3 id=\"yui_3_17_2_1_1667891782321_965\">EN R\u00c9SUM\u00c9<\/h3><p class=\"\">Ainsi, en ce Jour de la Terre de 2022, vous pouvez soutenir la campagne sensible et les lieux sauvages du Royaume-Uni de plusieurs mani\u00e8res. Vous pouvez vous engager \u00e0 faire preuve de plus de discr\u00e9tion lors du partage de lieux, vous pouvez vous efforcer d&#039;en savoir plus sur les lieux que vous visitez et vous pouvez activement promouvoir les principes Nature First aupr\u00e8s d&#039;amis, de clubs photo, d&#039;ateliers ou sur les r\u00e9seaux sociaux (nous sommes tous des influenceurs, que nous soyons avoir 100 abonn\u00e9s ou 100 000). Et si vous rencontrez quelqu&#039;un qui ne se soucie pas du paysage, ne soyez pas agressif ou agressif, cela ne fonctionne pas, surtout au Royaume-Uni ! Soyez amical, serviable et informatif. Les gens sont beaucoup plus susceptibles d&#039;apprendre de cette fa\u00e7on.<\/p><p class=\"\">Veuillez \u00e9galement envisager de rejoindre l&#039;Alliance Nature First. C&#039;est totalement gratuit ! Avoir plus de membres nous donne plus d&#039;influence aupr\u00e8s des grandes entreprises et des organisations gouvernementales, de sorte que chaque adh\u00e9sion compte. Pour apprendre plus, <a href=\"https:\/\/naturefirst.org\/fr\/\" target=\"_blank\" rel=\"noopener\"><strong>Cliquez ici<\/strong><\/a>.<\/p><p class=\"\">Merci beaucoup pour la lecture,<\/p><p class=\"\"><strong>James<\/strong><\/p>\t\t\t\t\t\t\t\t<\/div>\n\t\t\t\t<\/div>\n\t\t\t\t\t<\/div>\n\t\t<\/div>\n\t\t\t\t\t<\/div>\n\t\t<\/section>\n\t\t\t\t<\/div>","protected":false},"excerpt":{"rendered":"<p class=\"\">Depuis la naissance de Nature First le Jour de la Terre en 2019, le Royaume-Uni a eu une relation incroyablement turbulente avec sa campagne, ses parcs nationaux et ses espaces sauvages. Maintenant, plus que jamais, les photographes du Royaume-Uni (y compris ceux qui choisissent de visiter nos \u00eeles) doivent s&#039;efforcer de suivre les principes Nature First et Leave No Trace et donner le bon exemple aux autres qu&#039;ils pourraient conna\u00eetre ou influencer.<\/p>","protected":false},"author":3429,"featured_media":24,"comment_status":"closed","ping_status":"open","sticky":false,"template":"","format":"standard","meta":{"_mo_disable_npp":"","site-sidebar-layout":"default","site-content-layout":"","ast-site-content-layout":"default","site-content-style":"default","site-sidebar-style":"default","ast-global-header-display":"","ast-banner-title-visibility":"","ast-main-header-display":"","ast-hfb-above-header-display":"","ast-hfb-below-header-display":"","ast-hfb-mobile-header-display":"","site-post-title":"","ast-breadcrumbs-content":"","ast-featured-img":"","footer-sml-layout":"","ast-disable-related-posts":"","theme-transparent-header-meta":"","adv-header-id-meta":"","stick-header-meta":"","header-above-stick-meta":"","header-main-stick-meta":"","header-below-stick-meta":"","astra-migrate-meta-layouts":"default","ast-page-background-enabled":"default","ast-page-background-meta":{"desktop":{"background-color":"","background-image":"","background-repeat":"repeat","background-position":"center center","background-size":"auto","background-attachment":"scroll","background-type":"","background-media":"","overlay-type":"","overlay-color":"","overlay-opacity":"","overlay-gradient":""},"tablet":{"background-color":"","background-image":"","background-repeat":"repeat","background-position":"center center","background-size":"auto","background-attachment":"scroll","background-type":"","background-media":"","overlay-type":"","overlay-color":"","overlay-opacity":"","overlay-gradient":""},"mobile":{"background-color":"","background-image":"","background-repeat":"repeat","background-position":"center center","background-size":"auto","background-attachment":"scroll","background-type":"","background-media":"","overlay-type":"","overlay-color":"","overlay-opacity":"","overlay-gradient":""}},"ast-content-background-meta":{"desktop":{"background-color":"var(--ast-global-color-5)","background-image":"","background-repeat":"repeat","background-position":"center center","background-size":"auto","background-attachment":"scroll","background-type":"","background-media":"","overlay-type":"","overlay-color":"","overlay-opacity":"","overlay-gradient":""},"tablet":{"background-color":"var(--ast-global-color-5)","background-image":"","background-repeat":"repeat","background-position":"center center","background-size":"auto","background-attachment":"scroll","background-type":"","background-media":"","overlay-type":"","overlay-color":"","overlay-opacity":"","overlay-gradient":""},"mobile":{"background-color":"var(--ast-global-color-5)","background-image":"","background-repeat":"repeat","background-position":"center center","background-size":"auto","background-attachment":"scroll","background-type":"","background-media":"","overlay-type":"","overlay-color":"","overlay-opacity":"","overlay-gradient":""}},"footnotes":""},"categories":[23],"tags":[],"ppma_author":[54],"class_list":["post-23","post","type-post","status-publish","format-standard","has-post-thumbnail","hentry","category-earth-day"],"aioseo_notices":[],"authors":[{"term_id":54,"user_id":3429,"is_guest":0,"slug":"james-michael-lanegmail-com","display_name":"James Lane","avatar_url":"https:\/\/naturefirst.org\/wp-content\/litespeed\/avatar\/a896f9338a793b28867d031b5bab6451.jpg?ver=1777150132","0":null,"1":"","2":"","3":"","4":"","5":"","6":"","7":"","8":""}],"_links":{"self":[{"href":"https:\/\/naturefirst.org\/fr\/wp-json\/wp\/v2\/posts\/23","targetHints":{"allow":["GET"]}}],"collection":[{"href":"https:\/\/naturefirst.org\/fr\/wp-json\/wp\/v2\/posts"}],"about":[{"href":"https:\/\/naturefirst.org\/fr\/wp-json\/wp\/v2\/types\/post"}],"author":[{"embeddable":true,"href":"https:\/\/naturefirst.org\/fr\/wp-json\/wp\/v2\/users\/3429"}],"replies":[{"embeddable":true,"href":"https:\/\/naturefirst.org\/fr\/wp-json\/wp\/v2\/comments?post=23"}],"version-history":[{"count":35,"href":"https:\/\/naturefirst.org\/fr\/wp-json\/wp\/v2\/posts\/23\/revisions"}],"predecessor-version":[{"id":5667,"href":"https:\/\/naturefirst.org\/fr\/wp-json\/wp\/v2\/posts\/23\/revisions\/5667"}],"wp:featuredmedia":[{"embeddable":true,"href":"https:\/\/naturefirst.org\/fr\/wp-json\/wp\/v2\/media\/24"}],"wp:attachment":[{"href":"https:\/\/naturefirst.org\/fr\/wp-json\/wp\/v2\/media?parent=23"}],"wp:term":[{"taxonomy":"category","embeddable":true,"href":"https:\/\/naturefirst.org\/fr\/wp-json\/wp\/v2\/categories?post=23"},{"taxonomy":"post_tag","embeddable":true,"href":"https:\/\/naturefirst.org\/fr\/wp-json\/wp\/v2\/tags?post=23"},{"taxonomy":"author","embeddable":true,"href":"https:\/\/naturefirst.org\/fr\/wp-json\/wp\/v2\/ppma_author?post=23"}],"curies":[{"name":"wp","href":"https:\/\/api.w.org\/{rel}","templated":true}]}}