{"id":79,"date":"2021-03-04T22:54:00","date_gmt":"2021-03-04T22:54:00","guid":{"rendered":"https:\/\/naturefirst.org\/2021-3-4-why-become-a-member-of-nature-first\/"},"modified":"2022-12-02T14:10:46","modified_gmt":"2022-12-02T21:10:46","slug":"why-become-a-member-of-nature-first","status":"publish","type":"post","link":"https:\/\/naturefirst.org\/fr\/news-items\/2021\/03\/04\/why-become-a-member-of-nature-first\/","title":{"rendered":"Pourquoi devenir membre de Nature First ?"},"content":{"rendered":"<div data-elementor-type=\"wp-post\" data-elementor-id=\"79\" class=\"elementor elementor-79\" data-elementor-post-type=\"post\">\n\t\t\t\t\t\t<section class=\"elementor-section elementor-top-section elementor-element elementor-element-3993774 elementor-section-boxed elementor-section-height-default elementor-section-height-default\" data-id=\"3993774\" data-element_type=\"section\" data-e-type=\"section\">\n\t\t\t\t\t\t<div class=\"elementor-container elementor-column-gap-default\">\n\t\t\t\t\t<div class=\"elementor-column elementor-col-100 elementor-top-column elementor-element elementor-element-c7c6ca1\" data-id=\"c7c6ca1\" data-element_type=\"column\" data-e-type=\"column\">\n\t\t\t<div class=\"elementor-widget-wrap elementor-element-populated\">\n\t\t\t\t\t\t<div class=\"elementor-element elementor-element-3692d06 elementor-widget elementor-widget-post-info\" data-id=\"3692d06\" data-element_type=\"widget\" data-e-type=\"widget\" data-widget_type=\"post-info.default\">\n\t\t\t\t<div class=\"elementor-widget-container\">\n\t\t\t\t\t\t\t<ul class=\"elementor-inline-items elementor-icon-list-items elementor-post-info\">\n\t\t\t\t\t\t\t\t<li class=\"elementor-icon-list-item elementor-repeater-item-2d72849 elementor-inline-item\" itemprop=\"datePublished\">\n\t\t\t\t\t\t<a href=\"https:\/\/naturefirst.org\/fr\/news-items\/2021\/03\/04\/\">\n\t\t\t\t\t\t\t\t\t\t\t<span class=\"elementor-icon-list-icon\">\n\t\t\t\t\t\t\t\t<i aria-hidden=\"true\" class=\"fas fa-calendar\"><\/i>\t\t\t\t\t\t\t<\/span>\n\t\t\t\t\t\t\t\t\t<span class=\"elementor-icon-list-text elementor-post-info__item elementor-post-info__item--type-date\">\n\t\t\t\t\t\t\t\t\t\t<time>4 mars 2021<\/time>\t\t\t\t\t<\/span>\n\t\t\t\t\t\t\t\t\t<\/a>\n\t\t\t\t<\/li>\n\t\t\t\t<\/ul>\n\t\t\t\t\t\t<\/div>\n\t\t\t\t<\/div>\n\t\t\t\t<div class=\"elementor-element elementor-element-c7ff2b1 elementor-widget elementor-widget-text-editor\" data-id=\"c7ff2b1\" data-element_type=\"widget\" data-e-type=\"widget\" data-widget_type=\"text-editor.default\">\n\t\t\t\t<div class=\"elementor-widget-container\">\n\t\t\t\t\t\t\t\t\t<p class=\"\">Depuis que nous avons lanc\u00e9 Nature First en avril 2019, des milliers de personnes \u00e0 travers le monde ont rejoint ce mouvement, mais nous recevons parfois des questions de personnes qui se demandent s&#039;il y a une vraie raison pour qu&#039;elles s&#039;inscrivent. Alors aujourd&#039;hui, nous allons essayer de r\u00e9pondre \u00e0 certaines de ces questions et d&#039;aborder les raisons qui emp\u00eachent les gens de nous rejoindre. Nous esp\u00e9rons que cela vous sera utile.\u00a0<\/p><h3><strong><em>JE NE SUIS PAS PARFAIT<\/em><\/strong><\/h3><p class=\"\">Si vous lisez les sept principes de Nature First pour une photographie responsable de la nature et que vous pensez que vos actions ne sont pas actuellement conformes aux principes, alors en nous rejoignant, vous \u00eates en bonne compagnie. Les principes sont une norme \u00e0 laquelle nous aspirons et \u00e9chouer dans certains domaines est en fait la meilleure raison de rejoindre Nature First. Nous n&#039;avons pas \u00e9tabli ces principes parce que nous les avons parfaitement mis en pratique. Nous avons reconnu o\u00f9 nos propres actions avaient un impact n\u00e9gatif sur la nature. Nous nous sommes d&#039;abord engag\u00e9s <em>nous-m\u00eames<\/em> \u00e0 devenir de meilleurs intendants de la nature, a ensuite lanc\u00e9 un appel \u00e0 l&#039;action aux autres.<\/p><p class=\"\">En tant que membres de Nature First, nous nous engageons ensemble \u00e0 devenir plus r\u00e9fl\u00e9chis sur la fa\u00e7on dont nos actions affectent le monde naturel. <strong>Aucun de nous n&#039;est parfait, mais ensemble, nous pouvons progresser, rechercher la perfection et, ce faisant, r\u00e9duire notre impact sur les espaces sauvages et naturels du monde.\u00a0<\/strong><\/p><h3><strong><em>JE CROIS D\u00c9J\u00c0 AUX PREMIERS PRINCIPES DE LA NATURE, DONC QUELLE DIFF\u00c9RENCE \u00c7A FAIT-IL SI JE DEVENAIS MEMBRE\u00a0?<\/em>\u00a0\u00a0<\/strong><\/h3><p class=\"\"><em>Chaque<\/em> le membre compte parce que chaque membre suppl\u00e9mentaire amplifie notre voix et aide \u00e0 transformer les principes Nature First d&#039;une id\u00e9e adopt\u00e9e par quelques-uns en une norme accept\u00e9e qui est pratiqu\u00e9e par beaucoup.<\/p><p class=\"\">Au niveau individuel, votre adh\u00e9sion et votre engagement \u00e0 pratiquer les principes Nature First deviennent un exemple pour ceux qui voient votre travail et pour ceux avec qui vous socialisez. Votre responsabilit\u00e9, vos actions et votre plaidoyer deviennent une r\u00e9f\u00e9rence \u00e0 laquelle d&#039;autres aspireront. <strong>Les principes de Nature First ne peuvent avoir un r\u00e9el impact sur le monde que s&#039;ils deviennent une norme reconnue, pratiqu\u00e9e par <em>tous<\/em> photographes,<\/strong> pas seulement quelques-uns. Votre adh\u00e9sion refl\u00e8te un engagement plut\u00f4t qu&#039;un int\u00e9r\u00eat, donnant au mouvement une voix plus forte, une plus grande visibilit\u00e9 et une influence plus significative pour promouvoir une plus grande protection de nos espaces naturels.<\/p>\t\t\t\t\t\t\t\t<\/div>\n\t\t\t\t<\/div>\n\t\t\t\t\t<\/div>\n\t\t<\/div>\n\t\t\t\t\t<\/div>\n\t\t<\/section>\n\t\t\t\t<section class=\"elementor-section elementor-top-section elementor-element elementor-element-208a1a7 elementor-section-boxed elementor-section-height-default elementor-section-height-default\" data-id=\"208a1a7\" data-element_type=\"section\" data-e-type=\"section\">\n\t\t\t\t\t\t<div class=\"elementor-container elementor-column-gap-default\">\n\t\t\t\t\t<div class=\"elementor-column elementor-col-100 elementor-top-column elementor-element elementor-element-29a599a\" data-id=\"29a599a\" data-element_type=\"column\" data-e-type=\"column\">\n\t\t\t<div class=\"elementor-widget-wrap elementor-element-populated\">\n\t\t\t\t\t\t<div class=\"elementor-element elementor-element-1a35af7 elementor-widget elementor-widget-image\" data-id=\"1a35af7\" data-element_type=\"widget\" data-e-type=\"widget\" data-widget_type=\"image.default\">\n\t\t\t\t<div class=\"elementor-widget-container\">\n\t\t\t\t\t\t\t\t\t\t\t\t\t\t\t<img fetchpriority=\"high\" decoding=\"async\" width=\"1024\" height=\"683\" src=\"https:\/\/naturefirst.org\/wp-content\/uploads\/20110729-20-13-42-lg-1024x683.jpg\" class=\"attachment-large size-large wp-image-1451\" alt=\"\" srcset=\"https:\/\/naturefirst.org\/wp-content\/uploads\/20110729-20-13-42-lg-1024x683.jpg.webp 1024w, https:\/\/naturefirst.org\/wp-content\/uploads\/20110729-20-13-42-lg-500x333.jpg.webp 500w, https:\/\/naturefirst.org\/wp-content\/uploads\/20110729-20-13-42-lg-768x512.jpg.webp 768w, https:\/\/naturefirst.org\/wp-content\/uploads\/20110729-20-13-42-lg-1536x1024.jpg.webp 1536w, https:\/\/naturefirst.org\/wp-content\/uploads\/20110729-20-13-42-lg-18x12.jpg.webp 18w, https:\/\/naturefirst.org\/wp-content\/uploads\/20110729-20-13-42-lg.jpg.webp 2048w\" sizes=\"(max-width: 1024px) 100vw, 1024px\" \/>\t\t\t\t\t\t\t\t\t\t\t\t\t\t\t<\/div>\n\t\t\t\t<\/div>\n\t\t\t\t\t<\/div>\n\t\t<\/div>\n\t\t\t\t\t<\/div>\n\t\t<\/section>\n\t\t\t\t<section class=\"elementor-section elementor-top-section elementor-element elementor-element-638400e elementor-section-boxed elementor-section-height-default elementor-section-height-default\" data-id=\"638400e\" data-element_type=\"section\" data-e-type=\"section\">\n\t\t\t\t\t\t<div class=\"elementor-container elementor-column-gap-default\">\n\t\t\t\t\t<div class=\"elementor-column elementor-col-100 elementor-top-column elementor-element elementor-element-609398e\" data-id=\"609398e\" data-element_type=\"column\" data-e-type=\"column\">\n\t\t\t<div class=\"elementor-widget-wrap elementor-element-populated\">\n\t\t\t\t\t\t<div class=\"elementor-element elementor-element-89e7973 elementor-widget elementor-widget-text-editor\" data-id=\"89e7973\" data-element_type=\"widget\" data-e-type=\"widget\" data-widget_type=\"text-editor.default\">\n\t\t\t\t<div class=\"elementor-widget-container\">\n\t\t\t\t\t\t\t\t\t<h3><strong><em>LES PHOTOGRAPHES DE NATURE NE SONT PAS LE PROBL\u00c8ME, C&#039;EST LE GRAND PUBLIC.<\/em><\/strong><\/h3><p class=\"\">S&#039;il est absolument vrai que bon nombre de nos lieux naturels facilement accessibles souffrent d&#039;une sur-visite du grand public, ce sont souvent les photographes de la nature qui popularisent en premier ces lieux \u00e0 travers leurs travaux publi\u00e9s, leurs publications sur les r\u00e9seaux sociaux, leurs ateliers, etc. Encore moins bien -les zones naturelles connues ou difficiles d&#039;acc\u00e8s peuvent \u00eatre endommag\u00e9es par quelques visiteurs ou photographes si l&#039;on ne prend pas soin de se renseigner d&#039;abord sur la zone et de prendre les mesures appropri\u00e9es pour prot\u00e9ger les \u00e9cosyst\u00e8mes sensibles ou d\u00e9licats. Alors que les photographes de la nature recherchent de nouvelles et belles sc\u00e8nes, la fragilit\u00e9 de certains de ces endroits les rend susceptibles d&#039;\u00eatre endommag\u00e9s par des visiteurs m\u00eame bien intentionn\u00e9s. \u00c0 cet \u00e9gard, nous tous - photographes de la nature et le public - jouons un r\u00f4le dans l&#039;impact sur nos lieux naturels.<\/p><p class=\"\"><strong>La bonne nouvelle est que les photographes de la nature - utilisant la m\u00eame influence qui attire les gens dans ces endroits - ont la possibilit\u00e9 d&#039;aider \u00e0 \u00e9duquer les visiteurs<\/strong> de tous types sur la photographie responsable et pour conduire un changement positif. Dans le pass\u00e9, les photographes de la nature utilisaient leurs images pour influencer la cr\u00e9ation de parcs et de protections pour les lieux sauvages et naturels. \u00c0 l&#039;\u00e9poque, les menaces qui pesaient sur ces zones \u00e9taient plus souvent l&#039;am\u00e9nagement du territoire et l&#039;extraction des ressources. Aujourd&#039;hui, les menaces sont diff\u00e9rentes, mais les photographes de la nature ont le pouvoir d&#039;assurer \u00e0 nouveau la protection de ces lieux en adoptant et en d\u00e9fendant les principes Nature First.<\/p>\t\t\t\t\t\t\t\t<\/div>\n\t\t\t\t<\/div>\n\t\t\t\t\t<\/div>\n\t\t<\/div>\n\t\t\t\t\t<\/div>\n\t\t<\/section>\n\t\t\t\t<section class=\"elementor-section elementor-top-section elementor-element elementor-element-6fae312 elementor-section-boxed elementor-section-height-default elementor-section-height-default\" data-id=\"6fae312\" data-element_type=\"section\" data-e-type=\"section\">\n\t\t\t\t\t\t<div class=\"elementor-container elementor-column-gap-default\">\n\t\t\t\t\t<div class=\"elementor-column elementor-col-100 elementor-top-column elementor-element elementor-element-c0efd3b\" data-id=\"c0efd3b\" data-element_type=\"column\" data-e-type=\"column\">\n\t\t\t<div class=\"elementor-widget-wrap elementor-element-populated\">\n\t\t\t\t\t\t<div class=\"elementor-element elementor-element-8fc5fba elementor-widget elementor-widget-image\" data-id=\"8fc5fba\" data-element_type=\"widget\" data-e-type=\"widget\" data-widget_type=\"image.default\">\n\t\t\t\t<div class=\"elementor-widget-container\">\n\t\t\t\t\t\t\t\t\t\t\t\t\t\t\t<img decoding=\"async\" width=\"1024\" height=\"683\" src=\"https:\/\/naturefirst.org\/wp-content\/uploads\/20110826-13-10-29-lg-1024x683.jpg\" class=\"attachment-large size-large wp-image-1452\" alt=\"\" srcset=\"https:\/\/naturefirst.org\/wp-content\/uploads\/20110826-13-10-29-lg-1024x683.jpg.webp 1024w, https:\/\/naturefirst.org\/wp-content\/uploads\/20110826-13-10-29-lg-500x333.jpg.webp 500w, https:\/\/naturefirst.org\/wp-content\/uploads\/20110826-13-10-29-lg-768x512.jpg.webp 768w, https:\/\/naturefirst.org\/wp-content\/uploads\/20110826-13-10-29-lg-1536x1024.jpg.webp 1536w, https:\/\/naturefirst.org\/wp-content\/uploads\/20110826-13-10-29-lg-18x12.jpg.webp 18w, https:\/\/naturefirst.org\/wp-content\/uploads\/20110826-13-10-29-lg.jpg.webp 2048w\" sizes=\"(max-width: 1024px) 100vw, 1024px\" \/>\t\t\t\t\t\t\t\t\t\t\t\t\t\t\t<\/div>\n\t\t\t\t<\/div>\n\t\t\t\t\t<\/div>\n\t\t<\/div>\n\t\t\t\t\t<\/div>\n\t\t<\/section>\n\t\t\t\t<section class=\"elementor-section elementor-top-section elementor-element elementor-element-689504b elementor-section-boxed elementor-section-height-default elementor-section-height-default\" data-id=\"689504b\" data-element_type=\"section\" data-e-type=\"section\">\n\t\t\t\t\t\t<div class=\"elementor-container elementor-column-gap-default\">\n\t\t\t\t\t<div class=\"elementor-column elementor-col-100 elementor-top-column elementor-element elementor-element-7c4bfe3\" data-id=\"7c4bfe3\" data-element_type=\"column\" data-e-type=\"column\">\n\t\t\t<div class=\"elementor-widget-wrap elementor-element-populated\">\n\t\t\t\t\t\t<div class=\"elementor-element elementor-element-c2cc187 elementor-widget elementor-widget-text-editor\" data-id=\"c2cc187\" data-element_type=\"widget\" data-e-type=\"widget\" data-widget_type=\"text-editor.default\">\n\t\t\t\t<div class=\"elementor-widget-container\">\n\t\t\t\t\t\t\t\t\t<h3><strong><em>LA NATURE D&#039;ABORD EST UNIQUEMENT SUR LA PROTECTION DE L&#039;HERBE<\/em><\/strong><\/h3><p class=\"\">Parfois, les photographes disent que Nature First essaie seulement d&#039;emp\u00eacher les gens de ruiner l&#039;herbe autour de beaux endroits, car c&#039;est l&#039;impact le plus visible de l&#039;augmentation des visites dans de nombreuses r\u00e9gions. Bien que la perte de v\u00e9g\u00e9tation et l&#039;\u00e9rosion qui en r\u00e9sulte nous pr\u00e9occupent, ce n&#039;est qu&#039;un d\u00e9but. L&#039;impact de nombreux pieds est un gros probl\u00e8me qui entra\u00eene la destruction de la v\u00e9g\u00e9tation dans de vastes zones, la cr\u00e9ation de sentiers sociaux l\u00e0 o\u00f9 il n&#039;y en avait pas, la destruction de mousses d\u00e9licates qui ont mis des ann\u00e9es \u00e0 pousser, l&#039;\u00e9crasement des sols cryptobiotiques, laissant des cicatrices dans le toundra qui mettent un demi-si\u00e8cle ou plus \u00e0 se reconstituer, et la rupture des nageoires de gr\u00e8s qui sont irrempla\u00e7ables. Pourtant, l&#039;impact de nos pieds n&#039;est pas tout ce qui nous concerne.<\/p><p class=\"\"><strong>Nature First s&#039;inqui\u00e8te des impacts sur des \u00e9cosyst\u00e8mes entiers. <\/strong>De nombreux endroits qui \u00e9taient inconnus sont maintenant si populaires que la faune a d\u00fb quitter de vastes zones. Le silence naturel qui r\u00e9gnait autrefois a \u00e9t\u00e9 remplac\u00e9 par le bourdonnement constant de l&#039;activit\u00e9 humaine. Les ordures et les d\u00e9chets humains polluent maintenant le sol et l&#039;eau et sont ing\u00e9r\u00e9s par les animaux. Les lieux sauvages perdent leur caract\u00e8re sauvage et m\u00eame les zones naturelles \u00e9loign\u00e9es deviennent des destinations touristiques n\u00e9cessitant des barri\u00e8res, des panneaux, des cl\u00f4tures et des sentiers. Nous sommes pr\u00e9occup\u00e9s par la d\u00e9gradation sans cesse croissante des zones naturelles et des habitats de la faune.<\/p><p class=\"\">Nous ne pouvons pas \u2013 et ne voulons pas \u2013 diminuer l&#039;int\u00e9r\u00eat de visiter ou de photographier ces lieux.<strong> Nature First consiste \u00e0 \u00e9tablir et \u00e0 propager une \u00e9thique qui guide nos pens\u00e9es et nos actions dans le but de minimiser notre impact, de pr\u00e9server nos endroits sauvages restants et de permettre aux zones endommag\u00e9es de commencer \u00e0 se r\u00e9tablir.\u00a0\u00a0<\/strong><\/p><h3><strong><em>QU&#039;EST-CE QU&#039;IL Y A POUR MOI?<\/em><\/strong><\/h3><p class=\"\">L&#039;avantage le plus \u00e9vident est que votre engagement est <strong>aider \u00e0 atteindre les objectifs que nous avons en commun<\/strong>, pr\u00e9servant nos lieux naturels et sauvages. Vous joignez votre voix \u00e0 celle des autres afin que notre message commun puisse \u00eatre entendu.<\/p><p class=\"\">Deuxi\u00e8mement, vous \u00eates<strong> rejoindre une communaut\u00e9 de photographes partageant les m\u00eames valeurs<\/strong> et qui donnent la priorit\u00e9 au bien-\u00eatre du monde naturel. Ce point commun peut souvent \u00eatre le d\u00e9but d&#039;amiti\u00e9s durables. Vous rejoignez une communaut\u00e9 qui s&#039;\u00e9tend sur le globe et un mouvement qui aide \u00e0 prendre soin des plus grands tr\u00e9sors de notre terre.<\/p><p class=\"\"><strong>Nature First pr\u00e9voit \u00e9galement de commencer \u00e0 d\u00e9ployer des avantages plus tangibles pour les membres Nature First<\/strong> comme une section r\u00e9serv\u00e9e aux membres du site Web. Ici, vous aurez acc\u00e8s \u00e0 du contenu utilisable sur le terrain et \u00e0 des outils pour promouvoir une photographie de nature responsable. L&#039;une des ressources en d\u00e9veloppement est un ensemble de guides r\u00e9gionaux cr\u00e9\u00e9s en collaboration avec les membres de Nature First \u00e0 travers le monde. Ces guides vous expliqueront ce que vous devez savoir pour organiser un voyage photographique s\u00fbr, productif, inform\u00e9 et responsable dans diff\u00e9rents pays et r\u00e9gions du monde. Ces guides magnifiques et informatifs seront disponibles gratuitement pour tous les membres Nature First.<\/p><p class=\"\">Malgr\u00e9 tous ces avantages, la question de, <em>Qu&#039;est-ce qu&#039;il y a pour moi?<\/em> est probablement la mauvaise question \u00e0 poser. <strong>La meilleure question est, <em>Que puis-je faire pour prendre soin du monde naturel ?<\/em><\/strong>. En devenant membre de Nature First, vous ferez partie d&#039;un mouvement qui fait une diff\u00e9rence concr\u00e8te et qui investit dans l&#039;avenir de notre monde naturel.<\/p>\t\t\t\t\t\t\t\t<\/div>\n\t\t\t\t<\/div>\n\t\t\t\t\t<\/div>\n\t\t<\/div>\n\t\t\t\t\t<\/div>\n\t\t<\/section>\n\t\t\t\t<\/div>","protected":false},"excerpt":{"rendered":"<p class=\"\">Parfois, nous recevons des questions de personnes qui se demandent s&#039;il y a une vraie raison pour qu&#039;elles s&#039;inscrivent. Alors aujourd&#039;hui, nous allons essayer de r\u00e9pondre \u00e0 certaines de ces questions et d&#039;aborder les raisons qui emp\u00eachent les gens de nous rejoindre. J&#039;esp\u00e8re que \u00e7a t&#039;as aid\u00e9.<\/p>","protected":false},"author":41,"featured_media":80,"comment_status":"closed","ping_status":"open","sticky":false,"template":"","format":"standard","meta":{"_mo_disable_npp":"","site-sidebar-layout":"default","site-content-layout":"","ast-site-content-layout":"default","site-content-style":"default","site-sidebar-style":"default","ast-global-header-display":"","ast-banner-title-visibility":"","ast-main-header-display":"","ast-hfb-above-header-display":"","ast-hfb-below-header-display":"","ast-hfb-mobile-header-display":"","site-post-title":"","ast-breadcrumbs-content":"","ast-featured-img":"","footer-sml-layout":"","ast-disable-related-posts":"","theme-transparent-header-meta":"","adv-header-id-meta":"","stick-header-meta":"","header-above-stick-meta":"","header-main-stick-meta":"","header-below-stick-meta":"","astra-migrate-meta-layouts":"default","ast-page-background-enabled":"default","ast-page-background-meta":{"desktop":{"background-color":"","background-image":"","background-repeat":"repeat","background-position":"center center","background-size":"auto","background-attachment":"scroll","background-type":"","background-media":"","overlay-type":"","overlay-color":"","overlay-opacity":"","overlay-gradient":""},"tablet":{"background-color":"","background-image":"","background-repeat":"repeat","background-position":"center center","background-size":"auto","background-attachment":"scroll","background-type":"","background-media":"","overlay-type":"","overlay-color":"","overlay-opacity":"","overlay-gradient":""},"mobile":{"background-color":"","background-image":"","background-repeat":"repeat","background-position":"center center","background-size":"auto","background-attachment":"scroll","background-type":"","background-media":"","overlay-type":"","overlay-color":"","overlay-opacity":"","overlay-gradient":""}},"ast-content-background-meta":{"desktop":{"background-color":"var(--ast-global-color-5)","background-image":"","background-repeat":"repeat","background-position":"center center","background-size":"auto","background-attachment":"scroll","background-type":"","background-media":"","overlay-type":"","overlay-color":"","overlay-opacity":"","overlay-gradient":""},"tablet":{"background-color":"var(--ast-global-color-5)","background-image":"","background-repeat":"repeat","background-position":"center center","background-size":"auto","background-attachment":"scroll","background-type":"","background-media":"","overlay-type":"","overlay-color":"","overlay-opacity":"","overlay-gradient":""},"mobile":{"background-color":"var(--ast-global-color-5)","background-image":"","background-repeat":"repeat","background-position":"center center","background-size":"auto","background-attachment":"scroll","background-type":"","background-media":"","overlay-type":"","overlay-color":"","overlay-opacity":"","overlay-gradient":""}},"footnotes":""},"categories":[1],"tags":[],"ppma_author":[50],"class_list":["post-79","post","type-post","status-publish","format-standard","has-post-thumbnail","hentry","category-uncategorized"],"aioseo_notices":[],"authors":[{"term_id":50,"user_id":41,"is_guest":0,"slug":"malok","display_name":"Erik Stensland","avatar_url":"https:\/\/naturefirst.org\/wp-content\/litespeed\/avatar\/dc919d09faceea080d4922c2a13f75e5.jpg?ver=1777152786","0":null,"1":"","2":"","3":"","4":"","5":"","6":"","7":"","8":""}],"_links":{"self":[{"href":"https:\/\/naturefirst.org\/fr\/wp-json\/wp\/v2\/posts\/79","targetHints":{"allow":["GET"]}}],"collection":[{"href":"https:\/\/naturefirst.org\/fr\/wp-json\/wp\/v2\/posts"}],"about":[{"href":"https:\/\/naturefirst.org\/fr\/wp-json\/wp\/v2\/types\/post"}],"author":[{"embeddable":true,"href":"https:\/\/naturefirst.org\/fr\/wp-json\/wp\/v2\/users\/41"}],"replies":[{"embeddable":true,"href":"https:\/\/naturefirst.org\/fr\/wp-json\/wp\/v2\/comments?post=79"}],"version-history":[{"count":8,"href":"https:\/\/naturefirst.org\/fr\/wp-json\/wp\/v2\/posts\/79\/revisions"}],"predecessor-version":[{"id":2920,"href":"https:\/\/naturefirst.org\/fr\/wp-json\/wp\/v2\/posts\/79\/revisions\/2920"}],"wp:featuredmedia":[{"embeddable":true,"href":"https:\/\/naturefirst.org\/fr\/wp-json\/wp\/v2\/media\/80"}],"wp:attachment":[{"href":"https:\/\/naturefirst.org\/fr\/wp-json\/wp\/v2\/media?parent=79"}],"wp:term":[{"taxonomy":"category","embeddable":true,"href":"https:\/\/naturefirst.org\/fr\/wp-json\/wp\/v2\/categories?post=79"},{"taxonomy":"post_tag","embeddable":true,"href":"https:\/\/naturefirst.org\/fr\/wp-json\/wp\/v2\/tags?post=79"},{"taxonomy":"author","embeddable":true,"href":"https:\/\/naturefirst.org\/fr\/wp-json\/wp\/v2\/ppma_author?post=79"}],"curies":[{"name":"wp","href":"https:\/\/api.w.org\/{rel}","templated":true}]}}