{"id":88,"date":"2021-02-22T20:09:01","date_gmt":"2021-02-22T20:09:01","guid":{"rendered":"https:\/\/naturefirst.org\/2021-2-22-advance-planning-for-better-results\/"},"modified":"2022-12-02T14:13:07","modified_gmt":"2022-12-02T21:13:07","slug":"advance-planning-for-better-results","status":"publish","type":"post","link":"https:\/\/naturefirst.org\/fr\/news-items\/2021\/02\/22\/advance-planning-for-better-results\/","title":{"rendered":"Planification avanc\u00e9e pour de meilleurs r\u00e9sultats"},"content":{"rendered":"<div data-elementor-type=\"wp-post\" data-elementor-id=\"88\" class=\"elementor elementor-88\" data-elementor-post-type=\"post\">\n\t\t\t\t\t\t<section class=\"elementor-section elementor-top-section elementor-element elementor-element-888a4ca elementor-section-boxed elementor-section-height-default elementor-section-height-default\" data-id=\"888a4ca\" data-element_type=\"section\" data-e-type=\"section\">\n\t\t\t\t\t\t<div class=\"elementor-container elementor-column-gap-default\">\n\t\t\t\t\t<div class=\"elementor-column elementor-col-100 elementor-top-column elementor-element elementor-element-2a65278\" data-id=\"2a65278\" data-element_type=\"column\" data-e-type=\"column\">\n\t\t\t<div class=\"elementor-widget-wrap elementor-element-populated\">\n\t\t\t\t\t\t<div class=\"elementor-element elementor-element-e79f89f elementor-widget elementor-widget-post-info\" data-id=\"e79f89f\" data-element_type=\"widget\" data-e-type=\"widget\" data-widget_type=\"post-info.default\">\n\t\t\t\t<div class=\"elementor-widget-container\">\n\t\t\t\t\t\t\t<ul class=\"elementor-inline-items elementor-icon-list-items elementor-post-info\">\n\t\t\t\t\t\t\t\t<li class=\"elementor-icon-list-item elementor-repeater-item-889d95d elementor-inline-item\" itemprop=\"datePublished\">\n\t\t\t\t\t\t<a href=\"https:\/\/naturefirst.org\/fr\/news-items\/2021\/02\/22\/\">\n\t\t\t\t\t\t\t\t\t\t\t<span class=\"elementor-icon-list-icon\">\n\t\t\t\t\t\t\t\t<i aria-hidden=\"true\" class=\"fas fa-calendar\"><\/i>\t\t\t\t\t\t\t<\/span>\n\t\t\t\t\t\t\t\t\t<span class=\"elementor-icon-list-text elementor-post-info__item elementor-post-info__item--type-date\">\n\t\t\t\t\t\t\t\t\t\t<time>22 f\u00e9vrier 2021<\/time>\t\t\t\t\t<\/span>\n\t\t\t\t\t\t\t\t\t<\/a>\n\t\t\t\t<\/li>\n\t\t\t\t<\/ul>\n\t\t\t\t\t\t<\/div>\n\t\t\t\t<\/div>\n\t\t\t\t<div class=\"elementor-element elementor-element-6d67a2a elementor-widget elementor-widget-text-editor\" data-id=\"6d67a2a\" data-element_type=\"widget\" data-e-type=\"widget\" data-widget_type=\"text-editor.default\">\n\t\t\t\t<div class=\"elementor-widget-container\">\n\t\t\t\t\t\t\t\t\t<p class=\"\">Ouvrez n&#039;importe quelle photographie de la nature <em>comment<\/em> r\u00e9servez ou participez \u00e0 un atelier de photographie de paysage et vous apprendrez tr\u00e8s probablement qu&#039;un peu de planification avant de partir conduira \u00e0 de meilleurs r\u00e9sultats.\u00a0<\/p><p class=\"\">Cette planification commence g\u00e9n\u00e9ralement par l&#039;\u00e9tude de cartes ou la consultation d&#039;applications d\u00e9di\u00e9es comme Photo Ephemeris. Dans la mesure du possible, cela devrait \u00eatre suivi d&#039;un voyage de reconnaissance \u00e0 l&#039;endroit souhait\u00e9. Ensuite, il est temps d&#039;assembler les pi\u00e8ces du puzzle \u2013 \u00e0 quoi ressemble la topographie\u00a0; o\u00f9 et quand le soleil se l\u00e8ve-t-il et se couche-t-il au cours de l&#039;ann\u00e9e\u00a0; y a-t-il une v\u00e9g\u00e9tation qui changera de couleur au fil des saisons\u00a0; dois-je tenir compte des mar\u00e9es, etc. Ensuite, vous pouvez \u00e9laborer un plan indiquant quand aller et o\u00f9 exactement vous installer pour obtenir la photo parfaite.\u00a0<\/p><p class=\"\">De plus, vous devrez \u00e9galement conna\u00eetre les horaires d&#039;ouverture qui s&#039;appliquent parfois aux zones prot\u00e9g\u00e9es. J&#039;ai appris cela \u00e0 la dure tr\u00e8s t\u00f4t dans ma carri\u00e8re. Apr\u00e8s m&#039;\u00eatre lev\u00e9 au milieu de la nuit et avoir conduit pendant cinq heures pour attraper le lever du soleil \u00e0 6 heures du matin, je me suis retrouv\u00e9 devant une porte qui disait <em>Ouvert \u00e0 partir de 9h<\/em>\u2026<\/p><p class=\"\">Tout aussi important que ce qui pr\u00e9c\u00e8de, bien que rarement mentionn\u00e9, il est de penser \u00e0 l&#039;avance \u00e0 l&#039;impact potentiel sur l&#039;environnement de la s\u00e9ance photo, en particulier sur les endroits o\u00f9 nous installons nos tr\u00e9pieds. Dans le climat actuel (jeu de mots), les photographes de plein air ont une plus grande responsabilit\u00e9 que de simplement produire \u00ab\u00a0la prise de vue\u00a0\u00bb.\u00a0\u00a0<\/p><p class=\"\">Comment faisons-nous cela? Je commence par une des bases : voyager. J&#039;ai trouv\u00e9 que c&#039;\u00e9tait un sujet d\u00e9licat mais il faut se demander s&#039;il est vraiment n\u00e9cessaire de parcourir des centaines ou des milliers de kilom\u00e8tres pour quelques photos et si cela vaut l&#039;impact environnemental qui en r\u00e9sulte. Toute cette question de la photographie de voyage m\u00e9rite probablement une discussion \u00e0 elle seule. Le probl\u00e8me en voyage n&#039;est pas seulement l&#039;empreinte carbone redout\u00e9e, c&#039;est aussi l&#039;impact des masses qui se rassemblent \u00e0 certains endroits. Des groupes de photographes visitant et se disputant le meilleur point de vue peuvent causer des dommages consid\u00e9rables \u00e0 un \u00e9cosyst\u00e8me - l&#039;Islande est l&#039;un des exemples les plus actuels de ce probl\u00e8me.\u00a0<\/p><p class=\"\">Malheureusement, ce n&#039;est pas seulement la mentalit\u00e9 de troupeau qui peut causer des dommages. \u00c0 l&#039;occasion, c&#039;est aussi l&#039;individu seul. Je me souviens d&#039;une situation il y a quelques ann\u00e9es lorsque j&#039;\u00e9tais avec deux coll\u00e8gues photographes. Nous planifions le tournage du soir et l&#039;un de mes compagnons nous a sugg\u00e9r\u00e9 de capturer le coucher de soleil depuis le sommet d&#039;une montagne particuli\u00e8re. Il y avait eu des probl\u00e8mes d&#039;acc\u00e8s \u00e0 cette zone et, plus important encore, la tourbi\u00e8re qui couvre certaines parties de ce paysage abrite des communaut\u00e9s v\u00e9g\u00e9tales fragiles et rares. N\u00e9anmoins mes compagnons d\u00e9cid\u00e8rent d&#039;y aller. Afin d&#039;entrer et de sortir le plus rapidement possible (pour \u00e9viter les ennuis avec les propri\u00e9taires terriens), le plan a \u00e9merg\u00e9 de faire l&#039;ascension en 4X4 via des routes d&#039;acc\u00e8s \u00e0 la ferme et de la conduite \u00e0 travers le pays. C&#039;est \u00e0 ce moment que j&#039;ai abandonn\u00e9. Je ne sais pas ce qu&#039;il est advenu du plan, mais penser aux dommages qu&#039;un 4 \u00d7 4 peut causer \u00e0 un \u00e9cosyst\u00e8me sensible me donne encore des frissons dans le dos.<\/p><p class=\"\">C&#039;est probablement un exemple extr\u00eame de la fa\u00e7on de ne pas se comporter, mais cela illustre les questions que nous devrions nous poser avant de partir pour l&#039;endroit que nous avons choisi. Une connaissance de base de l&#039;habitat ou de l&#039;\u00e9cosyst\u00e8me dans lequel vous envisagez de travailler est non seulement utile mais, dans de nombreux cas, n\u00e9cessaire. Surtout si vous envisagez de photographier n&#039;importe quel type d&#039;animal sauvage, vous devez \u00eatre conscient de ses habitudes et de son comportement, et cela ne s&#039;applique pas seulement aux plus grands et aux plus mignons. Un invert\u00e9br\u00e9 visqueux m\u00e9rite le m\u00eame traitement respectueux qu&#039;un ours brun c\u00e2lin.\u00a0<\/p>\t\t\t\t\t\t\t\t<\/div>\n\t\t\t\t<\/div>\n\t\t\t\t\t<\/div>\n\t\t<\/div>\n\t\t\t\t\t<\/div>\n\t\t<\/section>\n\t\t\t\t<section class=\"elementor-section elementor-top-section elementor-element elementor-element-6f44fa7 elementor-section-boxed elementor-section-height-default elementor-section-height-default\" data-id=\"6f44fa7\" data-element_type=\"section\" data-e-type=\"section\">\n\t\t\t\t\t\t<div class=\"elementor-container elementor-column-gap-default\">\n\t\t\t\t\t<div class=\"elementor-column elementor-col-100 elementor-top-column elementor-element elementor-element-ed3c017\" data-id=\"ed3c017\" data-element_type=\"column\" data-e-type=\"column\">\n\t\t\t<div class=\"elementor-widget-wrap elementor-element-populated\">\n\t\t\t\t\t\t<div class=\"elementor-element elementor-element-f06a302 elementor-widget elementor-widget-image\" data-id=\"f06a302\" data-element_type=\"widget\" data-e-type=\"widget\" data-widget_type=\"image.default\">\n\t\t\t\t<div class=\"elementor-widget-container\">\n\t\t\t\t\t\t\t\t\t\t\t\t<figure class=\"wp-caption\">\n\t\t\t\t\t\t\t\t\t\t<img fetchpriority=\"high\" decoding=\"async\" width=\"1024\" height=\"683\" src=\"https:\/\/naturefirst.org\/wp-content\/uploads\/20180604_coyote-valley-trail_84-1024x683.jpg\" class=\"attachment-large size-large wp-image-1461\" alt=\"Moose and Sign\" srcset=\"https:\/\/naturefirst.org\/wp-content\/uploads\/20180604_coyote-valley-trail_84-1024x683.jpg 1024w, https:\/\/naturefirst.org\/wp-content\/uploads\/20180604_coyote-valley-trail_84-500x333.jpg 500w, https:\/\/naturefirst.org\/wp-content\/uploads\/20180604_coyote-valley-trail_84-768x512.jpg 768w, https:\/\/naturefirst.org\/wp-content\/uploads\/20180604_coyote-valley-trail_84-1536x1024.jpg 1536w, https:\/\/naturefirst.org\/wp-content\/uploads\/20180604_coyote-valley-trail_84-18x12.jpg 18w, https:\/\/naturefirst.org\/wp-content\/uploads\/20180604_coyote-valley-trail_84.jpg 2048w\" sizes=\"(max-width: 1024px) 100vw, 1024px\" \/>\t\t\t\t\t\t\t\t\t\t\t<figcaption class=\"widget-image-caption wp-caption-text\">Orignal et signe<\/figcaption>\n\t\t\t\t\t\t\t\t\t\t<\/figure>\n\t\t\t\t\t\t\t\t\t<\/div>\n\t\t\t\t<\/div>\n\t\t\t\t\t<\/div>\n\t\t<\/div>\n\t\t\t\t\t<\/div>\n\t\t<\/section>\n\t\t\t\t<section class=\"elementor-section elementor-top-section elementor-element elementor-element-750246c elementor-section-boxed elementor-section-height-default elementor-section-height-default\" data-id=\"750246c\" data-element_type=\"section\" data-e-type=\"section\">\n\t\t\t\t\t\t<div class=\"elementor-container elementor-column-gap-default\">\n\t\t\t\t\t<div class=\"elementor-column elementor-col-100 elementor-top-column elementor-element elementor-element-2e54e5e\" data-id=\"2e54e5e\" data-element_type=\"column\" data-e-type=\"column\">\n\t\t\t<div class=\"elementor-widget-wrap elementor-element-populated\">\n\t\t\t\t\t\t<div class=\"elementor-element elementor-element-acdf12f elementor-widget elementor-widget-text-editor\" data-id=\"acdf12f\" data-element_type=\"widget\" data-e-type=\"widget\" data-widget_type=\"text-editor.default\">\n\t\t\t\t<div class=\"elementor-widget-container\">\n\t\t\t\t\t\t\t\t\t<p class=\"\">Il est important de savoir quand les fleurs sauvages sont en fleurs, \u00e0 quel moment de la journ\u00e9e les animaux sont actifs et comment interpr\u00e9ter le comportement des animaux. Ce dernier prot\u00e8ge non seulement l&#039;animal d&#039;un stress inutile, mais aussi vous-m\u00eame d&#039;\u00e9ventuelles blessures ou pire. Vous vous demandez peut-\u00eatre si un photographe paysagiste a vraiment besoin de ce type d&#039;informations d\u00e9taill\u00e9es pour obtenir une image. Mais sachez qu&#039;il existe des habitats qui peuvent vous exciter si vous y allez sans pr\u00e9paration. Si vous ne connaissez pas le terrain, les mar\u00e9cages envahis par la v\u00e9g\u00e9tation peuvent vous engloutir, des microclimats impr\u00e9visibles et des changements m\u00e9t\u00e9orologiques sur les montagnes peuvent vous laisser bloqu\u00e9 ou si vous ignorez les mar\u00e9es tout en photographiant sur la plage, vous risquez de vous retrouver coup\u00e9 de la continentale. Ce ne sont l\u00e0 que quelques-unes des nombreuses cons\u00e9quences possibles d&#039;une mauvaise sensibilisation \u00e0 l&#039;environnement.\u00a0<\/p><p class=\"\">Conna\u00eetre l&#039;endroit que vous visitez non seulement vous prot\u00e8ge, mais plus important encore, vos connaissances prot\u00e8gent la flore et la faune locales. L&#039;un de mes endroits pr\u00e9f\u00e9r\u00e9s pas trop loin de chez moi est le Burren, un paysage karstique calcaire en Irlande r\u00e9put\u00e9 pour sa flore unique. Malheureusement, j&#039;ai rencontr\u00e9 pas mal de photographes au fil des ans qui ont pi\u00e9tin\u00e9 ces fleurs sauvages rares pour obtenir un meilleur point de vue. Lorsqu&#039;ils ont \u00e9t\u00e9 confront\u00e9s, ils ont affirm\u00e9 qu&#039;ils ne savaient pas qu&#039;il s&#039;agissait d&#039;une esp\u00e8ce prot\u00e9g\u00e9e. Bien que je pense que c&#039;\u00e9tait probablement vrai, l&#039;ignorance n&#039;est plus une excuse acceptable, peu importe si vous \u00eates un photographe professionnel \u00e0 plein temps ou un amateur du week-end, sans parler du fait que nous ne devrions pas endommager les plantes que nous rencontrons sur le terrain. , prot\u00e9g\u00e9 ou non.<\/p>\t\t\t\t\t\t\t\t<\/div>\n\t\t\t\t<\/div>\n\t\t\t\t\t<\/div>\n\t\t<\/div>\n\t\t\t\t\t<\/div>\n\t\t<\/section>\n\t\t\t\t<section class=\"elementor-section elementor-top-section elementor-element elementor-element-db364e0 elementor-section-boxed elementor-section-height-default elementor-section-height-default\" data-id=\"db364e0\" data-element_type=\"section\" data-e-type=\"section\">\n\t\t\t\t\t\t<div class=\"elementor-container elementor-column-gap-default\">\n\t\t\t\t\t<div class=\"elementor-column elementor-col-100 elementor-top-column elementor-element elementor-element-341f273\" data-id=\"341f273\" data-element_type=\"column\" data-e-type=\"column\">\n\t\t\t<div class=\"elementor-widget-wrap elementor-element-populated\">\n\t\t\t\t\t\t<div class=\"elementor-element elementor-element-059169e elementor-widget elementor-widget-image\" data-id=\"059169e\" data-element_type=\"widget\" data-e-type=\"widget\" data-widget_type=\"image.default\">\n\t\t\t\t<div class=\"elementor-widget-container\">\n\t\t\t\t\t\t\t\t\t\t\t\t<figure class=\"wp-caption\">\n\t\t\t\t\t\t\t\t\t\t<img decoding=\"async\" width=\"1024\" height=\"510\" src=\"https:\/\/naturefirst.org\/wp-content\/uploads\/ScreenShot2021-02-22at12.41.15PM-1024x510.png\" class=\"attachment-large size-large wp-image-1462\" alt=\"\" srcset=\"https:\/\/naturefirst.org\/wp-content\/uploads\/ScreenShot2021-02-22at12.41.15PM-1024x510.png 1024w, https:\/\/naturefirst.org\/wp-content\/uploads\/ScreenShot2021-02-22at12.41.15PM-500x249.png 500w, https:\/\/naturefirst.org\/wp-content\/uploads\/ScreenShot2021-02-22at12.41.15PM-768x383.png 768w, https:\/\/naturefirst.org\/wp-content\/uploads\/ScreenShot2021-02-22at12.41.15PM-1536x765.png 1536w, https:\/\/naturefirst.org\/wp-content\/uploads\/ScreenShot2021-02-22at12.41.15PM-18x9.png 18w, https:\/\/naturefirst.org\/wp-content\/uploads\/ScreenShot2021-02-22at12.41.15PM.png 1756w\" sizes=\"(max-width: 1024px) 100vw, 1024px\" \/>\t\t\t\t\t\t\t\t\t\t\t<figcaption class=\"widget-image-caption wp-caption-text\">Image par Erik Stensland<\/figcaption>\n\t\t\t\t\t\t\t\t\t\t<\/figure>\n\t\t\t\t\t\t\t\t\t<\/div>\n\t\t\t\t<\/div>\n\t\t\t\t\t<\/div>\n\t\t<\/div>\n\t\t\t\t\t<\/div>\n\t\t<\/section>\n\t\t\t\t<section class=\"elementor-section elementor-top-section elementor-element elementor-element-0e5504c elementor-section-boxed elementor-section-height-default elementor-section-height-default\" data-id=\"0e5504c\" data-element_type=\"section\" data-e-type=\"section\">\n\t\t\t\t\t\t<div class=\"elementor-container elementor-column-gap-default\">\n\t\t\t\t\t<div class=\"elementor-column elementor-col-100 elementor-top-column elementor-element elementor-element-9d55603\" data-id=\"9d55603\" data-element_type=\"column\" data-e-type=\"column\">\n\t\t\t<div class=\"elementor-widget-wrap elementor-element-populated\">\n\t\t\t\t\t\t<div class=\"elementor-element elementor-element-91a3d40 elementor-widget elementor-widget-text-editor\" data-id=\"91a3d40\" data-element_type=\"widget\" data-e-type=\"widget\" data-widget_type=\"text-editor.default\">\n\t\t\t\t<div class=\"elementor-widget-container\">\n\t\t\t\t\t\t\t\t\t<p class=\"\">Je crois que c&#039;est notre travail en tant que photographes de respecter et de prot\u00e9ger les plantes, les animaux et les paysages que nous capturons avec nos appareils photo, maintenant plus que jamais, nous \u00e9duquer et par la suite les autres \u00e0 travers nos images est un premier pas dans cette direction. Et ce faisant, nous obtiendrons de meilleurs r\u00e9sultats pour nous-m\u00eames, notre photographie et les sujets que nous photographions.<\/p><p id=\"yui_3_17_2_1_1668184643733_683\" class=\"\">par <a href=\"https:\/\/www.carstenkrieger.com\/\">Carsten Krieger<\/a><\/p><p class=\"\">photos d&#039;Erik Stensland, <a href=\"https:\/\/imagesofrmnp.com\/\">Images du RMNP<\/a><\/p>\t\t\t\t\t\t\t\t<\/div>\n\t\t\t\t<\/div>\n\t\t\t\t\t<\/div>\n\t\t<\/div>\n\t\t\t\t\t<\/div>\n\t\t<\/section>\n\t\t\t\t<\/div>","protected":false},"excerpt":{"rendered":"<p class=\"\">Comment planifier \u00e0 l&#039;avance peut aider \u00e0 prot\u00e9ger nos tr\u00e9sors naturels et nos terres publiques.<\/p>","protected":false},"author":36,"featured_media":89,"comment_status":"closed","ping_status":"open","sticky":false,"template":"","format":"standard","meta":{"_mo_disable_npp":"","site-sidebar-layout":"default","site-content-layout":"","ast-site-content-layout":"default","site-content-style":"default","site-sidebar-style":"default","ast-global-header-display":"","ast-banner-title-visibility":"","ast-main-header-display":"","ast-hfb-above-header-display":"","ast-hfb-below-header-display":"","ast-hfb-mobile-header-display":"","site-post-title":"","ast-breadcrumbs-content":"","ast-featured-img":"","footer-sml-layout":"","ast-disable-related-posts":"","theme-transparent-header-meta":"","adv-header-id-meta":"","stick-header-meta":"","header-above-stick-meta":"","header-main-stick-meta":"","header-below-stick-meta":"","astra-migrate-meta-layouts":"default","ast-page-background-enabled":"default","ast-page-background-meta":{"desktop":{"background-color":"","background-image":"","background-repeat":"repeat","background-position":"center center","background-size":"auto","background-attachment":"scroll","background-type":"","background-media":"","overlay-type":"","overlay-color":"","overlay-opacity":"","overlay-gradient":""},"tablet":{"background-color":"","background-image":"","background-repeat":"repeat","background-position":"center center","background-size":"auto","background-attachment":"scroll","background-type":"","background-media":"","overlay-type":"","overlay-color":"","overlay-opacity":"","overlay-gradient":""},"mobile":{"background-color":"","background-image":"","background-repeat":"repeat","background-position":"center center","background-size":"auto","background-attachment":"scroll","background-type":"","background-media":"","overlay-type":"","overlay-color":"","overlay-opacity":"","overlay-gradient":""}},"ast-content-background-meta":{"desktop":{"background-color":"var(--ast-global-color-5)","background-image":"","background-repeat":"repeat","background-position":"center center","background-size":"auto","background-attachment":"scroll","background-type":"","background-media":"","overlay-type":"","overlay-color":"","overlay-opacity":"","overlay-gradient":""},"tablet":{"background-color":"var(--ast-global-color-5)","background-image":"","background-repeat":"repeat","background-position":"center center","background-size":"auto","background-attachment":"scroll","background-type":"","background-media":"","overlay-type":"","overlay-color":"","overlay-opacity":"","overlay-gradient":""},"mobile":{"background-color":"var(--ast-global-color-5)","background-image":"","background-repeat":"repeat","background-position":"center center","background-size":"auto","background-attachment":"scroll","background-type":"","background-media":"","overlay-type":"","overlay-color":"","overlay-opacity":"","overlay-gradient":""}},"footnotes":""},"categories":[1],"tags":[],"ppma_author":[48],"class_list":["post-88","post","type-post","status-publish","format-standard","has-post-thumbnail","hentry","category-uncategorized"],"aioseo_notices":[],"authors":[{"term_id":48,"user_id":36,"is_guest":0,"slug":"jonnorris-nf","display_name":"Jon Norris","avatar_url":"https:\/\/naturefirst.org\/wp-content\/litespeed\/avatar\/5a1f8e7595e193d9f04032a8a8742e36.jpg?ver=1777143006","0":null,"1":"","2":"","3":"","4":"","5":"","6":"","7":"","8":""}],"_links":{"self":[{"href":"https:\/\/naturefirst.org\/fr\/wp-json\/wp\/v2\/posts\/88","targetHints":{"allow":["GET"]}}],"collection":[{"href":"https:\/\/naturefirst.org\/fr\/wp-json\/wp\/v2\/posts"}],"about":[{"href":"https:\/\/naturefirst.org\/fr\/wp-json\/wp\/v2\/types\/post"}],"author":[{"embeddable":true,"href":"https:\/\/naturefirst.org\/fr\/wp-json\/wp\/v2\/users\/36"}],"replies":[{"embeddable":true,"href":"https:\/\/naturefirst.org\/fr\/wp-json\/wp\/v2\/comments?post=88"}],"version-history":[{"count":9,"href":"https:\/\/naturefirst.org\/fr\/wp-json\/wp\/v2\/posts\/88\/revisions"}],"predecessor-version":[{"id":2932,"href":"https:\/\/naturefirst.org\/fr\/wp-json\/wp\/v2\/posts\/88\/revisions\/2932"}],"wp:featuredmedia":[{"embeddable":true,"href":"https:\/\/naturefirst.org\/fr\/wp-json\/wp\/v2\/media\/89"}],"wp:attachment":[{"href":"https:\/\/naturefirst.org\/fr\/wp-json\/wp\/v2\/media?parent=88"}],"wp:term":[{"taxonomy":"category","embeddable":true,"href":"https:\/\/naturefirst.org\/fr\/wp-json\/wp\/v2\/categories?post=88"},{"taxonomy":"post_tag","embeddable":true,"href":"https:\/\/naturefirst.org\/fr\/wp-json\/wp\/v2\/tags?post=88"},{"taxonomy":"author","embeddable":true,"href":"https:\/\/naturefirst.org\/fr\/wp-json\/wp\/v2\/ppma_author?post=88"}],"curies":[{"name":"wp","href":"https:\/\/api.w.org\/{rel}","templated":true}]}}