{"id":1252,"date":"2020-10-15T14:18:54","date_gmt":"2020-10-15T14:18:54","guid":{"rendered":"https:\/\/naturefirst.org\/2020-10-10-meet-our-staff-1-kristel-schneider\/"},"modified":"2022-12-02T14:17:19","modified_gmt":"2022-12-02T21:17:19","slug":"meet-our-staff-kristel-schneider","status":"publish","type":"post","link":"https:\/\/naturefirst.org\/it\/news-items\/2020\/10\/15\/meet-our-staff-kristel-schneider\/","title":{"rendered":"Incontra il nostro staff: Kristel Schneider"},"content":{"rendered":"<div data-elementor-type=\"wp-post\" data-elementor-id=\"1252\" class=\"elementor elementor-1252\" data-elementor-post-type=\"post\">\n\t\t\t\t\t\t<section class=\"elementor-section elementor-top-section elementor-element elementor-element-3de055c elementor-section-boxed elementor-section-height-default elementor-section-height-default\" data-id=\"3de055c\" data-element_type=\"section\" data-e-type=\"section\">\n\t\t\t\t\t\t<div class=\"elementor-container elementor-column-gap-default\">\n\t\t\t\t\t<div class=\"elementor-column elementor-col-100 elementor-top-column elementor-element elementor-element-0d6b7b2\" data-id=\"0d6b7b2\" data-element_type=\"column\" data-e-type=\"column\">\n\t\t\t<div class=\"elementor-widget-wrap elementor-element-populated\">\n\t\t\t\t\t\t<div class=\"elementor-element elementor-element-45faf89 elementor-widget elementor-widget-post-info\" data-id=\"45faf89\" data-element_type=\"widget\" data-e-type=\"widget\" data-widget_type=\"post-info.default\">\n\t\t\t\t<div class=\"elementor-widget-container\">\n\t\t\t\t\t\t\t<ul class=\"elementor-inline-items elementor-icon-list-items elementor-post-info\">\n\t\t\t\t\t\t\t\t<li class=\"elementor-icon-list-item elementor-repeater-item-54fea90 elementor-inline-item\" itemprop=\"datePublished\">\n\t\t\t\t\t\t<a href=\"https:\/\/naturefirst.org\/it\/news-items\/2020\/10\/15\/\">\n\t\t\t\t\t\t\t\t\t\t\t<span class=\"elementor-icon-list-icon\">\n\t\t\t\t\t\t\t\t<i aria-hidden=\"true\" class=\"fas fa-calendar\"><\/i>\t\t\t\t\t\t\t<\/span>\n\t\t\t\t\t\t\t\t\t<span class=\"elementor-icon-list-text elementor-post-info__item elementor-post-info__item--type-date\">\n\t\t\t\t\t\t\t\t\t\t<time>Ottobre 15, 2020<\/time>\t\t\t\t\t<\/span>\n\t\t\t\t\t\t\t\t\t<\/a>\n\t\t\t\t<\/li>\n\t\t\t\t<\/ul>\n\t\t\t\t\t\t<\/div>\n\t\t\t\t<\/div>\n\t\t\t\t<div class=\"elementor-element elementor-element-c485f67 elementor-widget elementor-widget-text-editor\" data-id=\"c485f67\" data-element_type=\"widget\" data-e-type=\"widget\" data-widget_type=\"text-editor.default\">\n\t\t\t\t<div class=\"elementor-widget-container\">\n\t\t\t\t\t\t\t\t\t<div id=\"yui_3_17_2_1_1668098440692_379\" class=\"row sqs-row\"><div class=\"col sqs-col-5 span-5\"><div id=\"block-ad6fe91b2d4c6a861dcc\" class=\"sqs-block html-block sqs-block-html\" data-block-type=\"2\"><div class=\"sqs-block-content\"><p class=\"\"><img fetchpriority=\"high\" decoding=\"async\" class=\"alignleft wp-image-1505\" src=\"https:\/\/naturefirst.org\/wp-content\/uploads\/NatureFirst_MeetourStaff_KristelSchneider-500x419.jpg\" alt=\"\" width=\"400\" height=\"335\" srcset=\"https:\/\/naturefirst.org\/wp-content\/uploads\/NatureFirst_MeetourStaff_KristelSchneider-500x419.jpg 500w, https:\/\/naturefirst.org\/wp-content\/uploads\/NatureFirst_MeetourStaff_KristelSchneider-768x644.jpg 768w, https:\/\/naturefirst.org\/wp-content\/uploads\/NatureFirst_MeetourStaff_KristelSchneider-14x12.jpg 14w, https:\/\/naturefirst.org\/wp-content\/uploads\/NatureFirst_MeetourStaff_KristelSchneider.jpg 940w\" sizes=\"(max-width: 400px) 100vw, 400px\" \/>Qui a Nature First, abbiamo una meravigliosa comunit\u00e0 composta da persone che si preoccupano profondamente di proteggere le terre selvagge che amiamo e che lavorano duramente per rendere possibile questa alleanza. Kristel Schneider ha iniziato come primo avvocato per i Paesi Bassi e il Belgio ed \u00e8 ora il nostro Community Advocate Director. Puoi trovarla lavorare con passione dietro le quinte, collegando membri e paesi e riunendoci tutti per questa entusiasmante causa.<\/p><\/div><\/div><\/div><\/div><div id=\"block-yui_3_17_2_1_1602339548225_71114\" class=\"sqs-block html-block sqs-block-html\" data-block-type=\"2\"><div class=\"sqs-block-content\"><p class=\"\">Ho avuto l&#039;entusiasmante opportunit\u00e0 di chiedere informazioni sul suo background per conoscerla meglio e capire cosa fa per Nature First...<\/p><p class=\"\"><strong><em>Jennifer: Raccontaci un po&#039; di te. Da dove vieni e come ti sei avvicinato alla fotografia naturalistica?<\/em>\u00a0<\/strong><\/p><p class=\"\"><strong>Kristel:<\/strong>\u00a0 Sono nato nei Paesi Bassi e ho vissuto gran parte della mia vita adulta ad Amsterdam. Ho studiato gestione delle risorse umane e comunicazione e ho lavorato gli ultimi sei anni della mia altra carriera professionale come consulente per la comunicazione per un&#039;azienda farmaceutica. La mia fotografia allora era principalmente &#039;fotografia di strada&#039;. Tutto \u00e8 cambiato quando ho iniziato a prendere lezioni di pittura ad Amsterdam, la mia citt\u00e0 natale. Sfortunatamente, mi sono presto reso conto che non sapevo disegnare molto bene, e diciamo che sono diventato un pittore astratto molto velocemente. La cosa buona \u00e8 che ha avuto una grande influenza sulla mia fotografia. Ho iniziato a guardare altri soggetti, pi\u00f9 in dettaglio e sono stato attratto da strutture e trame. Chiamalo il momento della semina della mia fotografia astratta. Il momento che ha cambiato tutto nella mia vita, e di conseguenza anche la mia fotografia, \u00e8 stato quando mi sono trasferito dai Paesi Bassi alla Francia, dalla grande citt\u00e0 alla campagna. L&#039;anno in cui ho compiuto quarant&#039;anni, ho deciso di abbandonare il mio lavoro di comunicazione per concentrarmi totalmente sulla mia passione, la fotografia. Dopo due anni, sono diventata una fotografa d&#039;arte e natura a tempo pieno e istruttrice di workshop\/tour fotografici. Sono fortunato a vedere il mio lavoro pubblicato e in grado di presentare il mio lavoro in tutta Europa e anche oltre. E anche in momenti difficili come questo, non mi pento mai di aver preso la decisione di &quot;cambiare vita&quot;.\u00a0<\/p><\/div><\/div>\t\t\t\t\t\t\t\t<\/div>\n\t\t\t\t<\/div>\n\t\t\t\t\t<\/div>\n\t\t<\/div>\n\t\t\t\t\t<\/div>\n\t\t<\/section>\n\t\t\t\t<section class=\"elementor-section elementor-top-section elementor-element elementor-element-701831b elementor-section-boxed elementor-section-height-default elementor-section-height-default\" data-id=\"701831b\" data-element_type=\"section\" data-e-type=\"section\">\n\t\t\t\t\t\t<div class=\"elementor-container elementor-column-gap-default\">\n\t\t\t\t\t<div class=\"elementor-column elementor-col-100 elementor-top-column elementor-element elementor-element-0fe840a\" data-id=\"0fe840a\" data-element_type=\"column\" data-e-type=\"column\">\n\t\t\t<div class=\"elementor-widget-wrap elementor-element-populated\">\n\t\t\t\t\t\t<div class=\"elementor-element elementor-element-7e39d85 elementor-widget elementor-widget-image\" data-id=\"7e39d85\" data-element_type=\"widget\" data-e-type=\"widget\" data-widget_type=\"image.default\">\n\t\t\t\t<div class=\"elementor-widget-container\">\n\t\t\t\t\t\t\t\t\t\t\t\t\t\t\t<img decoding=\"async\" width=\"800\" height=\"450\" src=\"https:\/\/naturefirst.org\/wp-content\/uploads\/Evening-light-forest-by-Kristel-Schneider_800pix.jpg\" class=\"attachment-large size-large wp-image-1506\" alt=\"\" srcset=\"https:\/\/naturefirst.org\/wp-content\/uploads\/Evening-light-forest-by-Kristel-Schneider_800pix.jpg 800w, https:\/\/naturefirst.org\/wp-content\/uploads\/Evening-light-forest-by-Kristel-Schneider_800pix-500x281.jpg 500w, https:\/\/naturefirst.org\/wp-content\/uploads\/Evening-light-forest-by-Kristel-Schneider_800pix-768x432.jpg 768w, https:\/\/naturefirst.org\/wp-content\/uploads\/Evening-light-forest-by-Kristel-Schneider_800pix-18x10.jpg 18w\" sizes=\"(max-width: 800px) 100vw, 800px\" \/>\t\t\t\t\t\t\t\t\t\t\t\t\t\t\t<\/div>\n\t\t\t\t<\/div>\n\t\t\t\t\t<\/div>\n\t\t<\/div>\n\t\t\t\t\t<\/div>\n\t\t<\/section>\n\t\t\t\t<section class=\"elementor-section elementor-top-section elementor-element elementor-element-7ff65a9 elementor-section-boxed elementor-section-height-default elementor-section-height-default\" data-id=\"7ff65a9\" data-element_type=\"section\" data-e-type=\"section\">\n\t\t\t\t\t\t<div class=\"elementor-container elementor-column-gap-default\">\n\t\t\t\t\t<div class=\"elementor-column elementor-col-100 elementor-top-column elementor-element elementor-element-36d75a4\" data-id=\"36d75a4\" data-element_type=\"column\" data-e-type=\"column\">\n\t\t\t<div class=\"elementor-widget-wrap elementor-element-populated\">\n\t\t\t\t\t\t<div class=\"elementor-element elementor-element-5a6b07b elementor-widget elementor-widget-text-editor\" data-id=\"5a6b07b\" data-element_type=\"widget\" data-e-type=\"widget\" data-widget_type=\"text-editor.default\">\n\t\t\t\t<div class=\"elementor-widget-container\">\n\t\t\t\t\t\t\t\t\t<div id=\"block-yui_3_17_2_1_1602339548225_18309\" class=\"sqs-block html-block sqs-block-html\" data-block-type=\"2\"><div class=\"sqs-block-content\"><p class=\"\"><strong><em>Jennifer: Parlaci un po&#039; del tuo stile fotografico e dei soggetti che ti piace fotografare.<\/em><\/strong><em>\u00a0<\/em><\/p><p class=\"\"><strong>Kristel: <\/strong>Negli ultimi due anni, ho esplorato molte tecniche diverse e ho notato che traduco i miei sentimenti personali alla Natura nel mio lavoro. Una grande influenza sul mio processo creativo e la decisione su quale tipo di approccio adottare dipende, oltre che dalla luce e dalle condizioni meteorologiche, ancor pi\u00f9 dal mio stato d&#039;animo personale in quel momento. Puoi dire che sono pi\u00f9 un fotografo di mezza stagione. Quando la Natura mostra l&#039;inizio o la fine di una stagione. Spesso puoi trovarmi ispirato dalle scene intime, dai dettagli della natura o solo da alcune trame grafiche. Adoro il contrasto dei colori durante queste stagioni intermedie con le gemme delle foglie che si stanno appena aprendo, creando un bagliore rosa o rosso in una valle o i primi verdi freschi con qualche nevicata tardiva che si riflette in un corso d&#039;acqua. Ci\u00f2 che pu\u00f2 entusiasmarmi \u00e8 la combinazione di vento forte misto a nevicate. La mia parte astratta del cervello si mette subito in moto. Quando lavoro a un progetto, mi piace scattare foto locali e scegliere soggetti che ci sono comuni e che ci stanno a cuore. Cerco di far s\u00ec che le persone guardino l&#039;ambiente circostante in modo diverso, che la bellezza naturale \u00e8 tutt&#039;intorno. Con il mio primo progetto <a href=\"https:\/\/www.kristelschneiderphotography.com\/p\/book-variations-in\">&quot;Variazioni negli alberi&quot;,<\/a> Ho lavorato per quasi cinque anni nella mia nuova regione di adozione, creando composizioni di alberi comuni. Il risultato sono state due mostre e un libro. Per il mio nuovo progetto, appena iniziato prima che il virus Covid-19 ci colpisse, ho scelto ancora una volta un soggetto comune e locale. Questa volta un approccio diverso rispetto al progetto degli alberi. Pi\u00f9 pianificazione e scouting ma ancora lasciandomi ispirare dalla Natura. Condivider\u00f2 di pi\u00f9 sul nuovo progetto, quando sar\u00f2 un po&#039; pi\u00f9 avanti.\u00a0<\/p><\/div><\/div><div id=\"yui_3_17_2_1_1668098440692_422\" class=\"row sqs-row\"><div id=\"yui_3_17_2_1_1668098440692_762\" class=\"col sqs-col-5 span-5\"><div id=\"block-yui_3_17_2_1_1602339548225_27754\" class=\"sqs-block quote-block sqs-block-quote null\" data-block-type=\"31\"><div class=\"sqs-block-content\"><figure class=\"block-animation-none\"><blockquote data-animation-role=\"quote\">\u201cQuando la Natura mostra l&#039;inizio o la fine di una stagione. Spesso puoi trovarmi ispirato dalle scene intime, dai dettagli della natura o solo da alcune trame grafiche.<\/blockquote><\/figure><\/div><\/div><\/div><\/div>\t\t\t\t\t\t\t\t<\/div>\n\t\t\t\t<\/div>\n\t\t\t\t\t<\/div>\n\t\t<\/div>\n\t\t\t\t\t<\/div>\n\t\t<\/section>\n\t\t\t\t<section class=\"elementor-section elementor-top-section elementor-element elementor-element-3065654 elementor-section-boxed elementor-section-height-default elementor-section-height-default\" data-id=\"3065654\" data-element_type=\"section\" data-e-type=\"section\">\n\t\t\t\t\t\t<div class=\"elementor-container elementor-column-gap-default\">\n\t\t\t\t\t<div class=\"elementor-column elementor-col-100 elementor-top-column elementor-element elementor-element-9504c0d\" data-id=\"9504c0d\" data-element_type=\"column\" data-e-type=\"column\">\n\t\t\t<div class=\"elementor-widget-wrap elementor-element-populated\">\n\t\t\t\t\t\t<div class=\"elementor-element elementor-element-c1f9b67 elementor-widget elementor-widget-image\" data-id=\"c1f9b67\" data-element_type=\"widget\" data-e-type=\"widget\" data-widget_type=\"image.default\">\n\t\t\t\t<div class=\"elementor-widget-container\">\n\t\t\t\t\t\t\t\t\t\t\t\t\t\t\t<img decoding=\"async\" width=\"800\" height=\"533\" src=\"https:\/\/naturefirst.org\/wp-content\/uploads\/Two-seasons-meet-by-Kristel-Schneider_800px.jpg\" class=\"attachment-large size-large wp-image-1507\" alt=\"\" srcset=\"https:\/\/naturefirst.org\/wp-content\/uploads\/Two-seasons-meet-by-Kristel-Schneider_800px.jpg 800w, https:\/\/naturefirst.org\/wp-content\/uploads\/Two-seasons-meet-by-Kristel-Schneider_800px-500x333.jpg 500w, https:\/\/naturefirst.org\/wp-content\/uploads\/Two-seasons-meet-by-Kristel-Schneider_800px-768x512.jpg 768w, https:\/\/naturefirst.org\/wp-content\/uploads\/Two-seasons-meet-by-Kristel-Schneider_800px-18x12.jpg 18w\" sizes=\"(max-width: 800px) 100vw, 800px\" \/>\t\t\t\t\t\t\t\t\t\t\t\t\t\t\t<\/div>\n\t\t\t\t<\/div>\n\t\t\t\t\t<\/div>\n\t\t<\/div>\n\t\t\t\t\t<\/div>\n\t\t<\/section>\n\t\t\t\t<section class=\"elementor-section elementor-top-section elementor-element elementor-element-8a049f7 elementor-section-boxed elementor-section-height-default elementor-section-height-default\" data-id=\"8a049f7\" data-element_type=\"section\" data-e-type=\"section\">\n\t\t\t\t\t\t<div class=\"elementor-container elementor-column-gap-default\">\n\t\t\t\t\t<div class=\"elementor-column elementor-col-100 elementor-top-column elementor-element elementor-element-534caa0\" data-id=\"534caa0\" data-element_type=\"column\" data-e-type=\"column\">\n\t\t\t<div class=\"elementor-widget-wrap elementor-element-populated\">\n\t\t\t\t\t\t<div class=\"elementor-element elementor-element-4919087 elementor-widget elementor-widget-text-editor\" data-id=\"4919087\" data-element_type=\"widget\" data-e-type=\"widget\" data-widget_type=\"text-editor.default\">\n\t\t\t\t<div class=\"elementor-widget-container\">\n\t\t\t\t\t\t\t\t\t<p class=\"\"><strong><em>Jennifer: Cosa ti ha portato a diventare un sostenitore di Nature First? Perch\u00e9 Nature First \u00e8 importante per te?\u00a0<\/em><\/strong><\/p><p class=\"\"><strong>Kristel:\u00a0 <\/strong>Dopo aver letto di Nature First, mi sono registrato come membro l&#039;anno scorso. La fotografia naturalistica responsabile \u00e8 una questione globale e complessa. Non possiamo risolverlo con una semplice azione. Come fotografo professionista e istruttore di workshop\/foto-tour, posso vedere il rapido cambiamento nel mio campo di lavoro. Il nostro mondo naturale ha ispirato molti fotografi a uscire, a connettersi e ad essere creativi. Questo ha chiaramente cambiato l&#039;arena della fotografia naturalistica, non solo per il danno che la nostra massiccia presenza provoca alla Natura, ma anche per il modo in cui ci comportiamo. La necessit\u00e0 di belle foto, la ricerca di &quot;mi piace&quot; su Facebook e Instagram, le immagini copiate di destinazioni popolari e la necessit\u00e0 di essere i primi a pubblicare un luogo raro. Alcuni fotografi vanno a estremi sempre pi\u00f9 estremi per ottenere immagini di luoghi selvaggi, strappare la vegetazione, saltare le recinzioni sui terreni di riproduzione degli uccelli, disturbare la fauna selvatica... l&#039;elenco potrebbe continuare. Tutto questo per bellissime foto della natura? Questo mi ha fatto desiderare di fare qualcosa di pi\u00f9 che inserire il mio nome nell&#039;elenco dei membri. Come fotografo professionista, penso che tutti abbiamo un ruolo importante. Promuovere questi principi Nature First e implementarli nel nostro lavoro \u00e8 un primo passo, ma questo da solo non basta. Dobbiamo aumentare il senso di consapevolezza educando gli altri sull&#039;importanza di una buona amministrazione e mostrando che \u00e8 possibile creare immagini della Natura senza distruggerla. Si spera che, in futuro, possiamo rendere la fotografia responsabile &quot;LO STANDARD&quot; nella fotografia naturalistica.\u00a0<\/p>\t\t\t\t\t\t\t\t<\/div>\n\t\t\t\t<\/div>\n\t\t\t\t\t<\/div>\n\t\t<\/div>\n\t\t\t\t\t<\/div>\n\t\t<\/section>\n\t\t\t\t<section class=\"elementor-section elementor-top-section elementor-element elementor-element-3ddb09c elementor-section-boxed elementor-section-height-default elementor-section-height-default\" data-id=\"3ddb09c\" data-element_type=\"section\" data-e-type=\"section\">\n\t\t\t\t\t\t<div class=\"elementor-container elementor-column-gap-default\">\n\t\t\t\t\t<div class=\"elementor-column elementor-col-100 elementor-top-column elementor-element elementor-element-e5f3009\" data-id=\"e5f3009\" data-element_type=\"column\" data-e-type=\"column\">\n\t\t\t<div class=\"elementor-widget-wrap elementor-element-populated\">\n\t\t\t\t\t\t<div class=\"elementor-element elementor-element-fb2ff36 elementor-widget elementor-widget-image\" data-id=\"fb2ff36\" data-element_type=\"widget\" data-e-type=\"widget\" data-widget_type=\"image.default\">\n\t\t\t\t<div class=\"elementor-widget-container\">\n\t\t\t\t\t\t\t\t\t\t\t\t\t\t\t<img loading=\"lazy\" decoding=\"async\" width=\"800\" height=\"533\" src=\"https:\/\/naturefirst.org\/wp-content\/uploads\/Fairytale-forest-by-Kristel-Schneider_800px.jpg\" class=\"attachment-large size-large wp-image-106\" alt=\"\" srcset=\"https:\/\/naturefirst.org\/wp-content\/uploads\/Fairytale-forest-by-Kristel-Schneider_800px.jpg 800w, https:\/\/naturefirst.org\/wp-content\/uploads\/Fairytale-forest-by-Kristel-Schneider_800px-500x333.jpg 500w, https:\/\/naturefirst.org\/wp-content\/uploads\/Fairytale-forest-by-Kristel-Schneider_800px-768x512.jpg 768w, https:\/\/naturefirst.org\/wp-content\/uploads\/Fairytale-forest-by-Kristel-Schneider_800px-18x12.jpg 18w\" sizes=\"(max-width: 800px) 100vw, 800px\" \/>\t\t\t\t\t\t\t\t\t\t\t\t\t\t\t<\/div>\n\t\t\t\t<\/div>\n\t\t\t\t\t<\/div>\n\t\t<\/div>\n\t\t\t\t\t<\/div>\n\t\t<\/section>\n\t\t\t\t<section class=\"elementor-section elementor-top-section elementor-element elementor-element-f73bacd elementor-section-boxed elementor-section-height-default elementor-section-height-default\" data-id=\"f73bacd\" data-element_type=\"section\" data-e-type=\"section\">\n\t\t\t\t\t\t<div class=\"elementor-container elementor-column-gap-default\">\n\t\t\t\t\t<div class=\"elementor-column elementor-col-100 elementor-top-column elementor-element elementor-element-d6dcf20\" data-id=\"d6dcf20\" data-element_type=\"column\" data-e-type=\"column\">\n\t\t\t<div class=\"elementor-widget-wrap elementor-element-populated\">\n\t\t\t\t\t\t<div class=\"elementor-element elementor-element-9f495fd elementor-widget elementor-widget-text-editor\" data-id=\"9f495fd\" data-element_type=\"widget\" data-e-type=\"widget\" data-widget_type=\"text-editor.default\">\n\t\t\t\t<div class=\"elementor-widget-container\">\n\t\t\t\t\t\t\t\t\t<div id=\"block-yui_3_17_2_1_1602339548225_41493\" class=\"sqs-block html-block sqs-block-html\" data-block-type=\"2\"><div class=\"sqs-block-content\"><p class=\"\"><strong><em>Jennifer: Come nostra Community Advocate Director di Nature First, comunichi con altri membri di Nature First da tutto il mondo. Deve essere emozionante vedere il cameratismo formarsi su un obiettivo comune per preservare i nostri luoghi selvaggi. Cosa ti piace di pi\u00f9 dell&#039;interazione con questi altri membri?<\/em><\/strong><\/p><p class=\"\"><strong>Kristel:\u00a0 <\/strong>Dopo essere diventato un membro attivo di Nature First, nel ruolo di Community Advocate per Paesi Bassi e Belgio e ora nel mio nuovo ruolo di Community Advocate Director, vedo pi\u00f9 chiaramente la missione e la visione e l&#039;importanza del movimento Nature First. Parlo molto con colleghi di fotografia e amanti della natura di tutto il mondo ora, che vogliono tutti essere coinvolti pi\u00f9 attivamente e aderire al nostro programma Advocate. Questi discorsi mi rendono davvero entusiasta del fatto che riprendiamo il ruolo protettivo e conservante che avevamo nella fotografia naturalistica. Mi rendo anche conto che questo richiede tempo, ma unendo regioni, nazioni e persino continenti, possiamo ispirare, educare e unire tutti coloro che realizzano fotografie e video nella Natura in modo responsabile.\u00a0<\/p><\/div><\/div><div id=\"block-yui_3_17_2_1_1602339548225_121264\" class=\"sqs-block quote-block sqs-block-quote null\" data-block-type=\"31\"><div class=\"sqs-block-content\"><figure class=\"block-animation-none\"><blockquote data-animation-role=\"quote\">\u201cAdesso parlo molto con colleghi di fotografia e amanti della natura di tutto il mondo, che vogliono tutti essere coinvolti pi\u00f9 attivamente e aderire al nostro programma Advocate.<\/blockquote><\/figure><\/div><\/div><div id=\"block-yui_3_17_2_1_1602339548225_121328\" class=\"sqs-block html-block sqs-block-html\" data-block-type=\"2\"><div class=\"sqs-block-content\"><p class=\"\"><strong><em>Jennifer: Quando comunicano con altri membri di altri paesi, esprimono preoccupazioni simili sui danni che si verificano nei loro luoghi selvaggi, come vediamo nei nostri paesi?\u00a0<\/em><\/strong><\/p><p class=\"\"><strong>Kristel:<\/strong>\u00a0 Purtroppo s\u00ec, non importa se parlo con un membro del Cile, dell&#039;Argentina, della Romania, della Francia o degli Stati Uniti. Stanno tutti menzionando lo stesso tipo di problemi. Folle di fotografi che si mettono in fila dove \u00e8 stato avvistato un animale speciale, aiuole calpestate, rifiuti ovunque in Natura, non conoscendo o rispettando le regole del parco regionale o addirittura le leggi o una generale mancanza di rispetto semplicemente non preoccupandosi. Spesso solo per quel momento di fama o riconoscimento, ottenere i &quot;Mi piace&quot; o quell&#039;immagine &quot;vincente&quot;. I membri che vogliono aderire al programma Advocate vogliono provare a cambiare questo comportamento rendendo le persone consapevoli del loro impatto educando le persone sui luoghi che amano. Perch\u00e9 tutti si rendono conto che se non cambiamo strada, forse non avremo una seconda possibilit\u00e0. Voglio anche ricordare che questi membri assumono un ruolo impegnativo, con momenti di festeggiamenti e, all&#039;inizio, forse battute d&#039;arresto e delusioni. Tutti investono volontariamente 3-5 ore settimanali in Nature First, accanto al loro lavoro frenetico e alla vita quotidiana. Questo \u00e8 anche uno dei motivi per cui le cose richiedono tempo e alcuni membri possono essere ricoverati, ma rendiamoci conto che con tutti i nostri piccoli passi, possiamo fare un grande passo avanti verso i nostri obiettivi.<\/p><\/div><\/div>\t\t\t\t\t\t\t\t<\/div>\n\t\t\t\t<\/div>\n\t\t\t\t\t<\/div>\n\t\t<\/div>\n\t\t\t\t\t<\/div>\n\t\t<\/section>\n\t\t\t\t<section class=\"elementor-section elementor-top-section elementor-element elementor-element-f7d0f9a elementor-section-boxed elementor-section-height-default elementor-section-height-default\" data-id=\"f7d0f9a\" data-element_type=\"section\" data-e-type=\"section\">\n\t\t\t\t\t\t<div class=\"elementor-container elementor-column-gap-default\">\n\t\t\t\t\t<div class=\"elementor-column elementor-col-100 elementor-top-column elementor-element elementor-element-03162e9\" data-id=\"03162e9\" data-element_type=\"column\" data-e-type=\"column\">\n\t\t\t<div class=\"elementor-widget-wrap elementor-element-populated\">\n\t\t\t\t\t\t<div class=\"elementor-element elementor-element-27ec28f elementor-widget elementor-widget-image\" data-id=\"27ec28f\" data-element_type=\"widget\" data-e-type=\"widget\" data-widget_type=\"image.default\">\n\t\t\t\t<div class=\"elementor-widget-container\">\n\t\t\t\t\t\t\t\t\t\t\t\t\t\t\t<img loading=\"lazy\" decoding=\"async\" width=\"800\" height=\"533\" src=\"https:\/\/naturefirst.org\/wp-content\/uploads\/Morning-mist-by-Kristel-Schneider-_800pix.jpg\" class=\"attachment-large size-large wp-image-1508\" alt=\"\" srcset=\"https:\/\/naturefirst.org\/wp-content\/uploads\/Morning-mist-by-Kristel-Schneider-_800pix.jpg 800w, https:\/\/naturefirst.org\/wp-content\/uploads\/Morning-mist-by-Kristel-Schneider-_800pix-500x333.jpg 500w, https:\/\/naturefirst.org\/wp-content\/uploads\/Morning-mist-by-Kristel-Schneider-_800pix-768x512.jpg 768w, https:\/\/naturefirst.org\/wp-content\/uploads\/Morning-mist-by-Kristel-Schneider-_800pix-18x12.jpg 18w\" sizes=\"(max-width: 800px) 100vw, 800px\" \/>\t\t\t\t\t\t\t\t\t\t\t\t\t\t\t<\/div>\n\t\t\t\t<\/div>\n\t\t\t\t\t<\/div>\n\t\t<\/div>\n\t\t\t\t\t<\/div>\n\t\t<\/section>\n\t\t\t\t<section class=\"elementor-section elementor-top-section elementor-element elementor-element-9d305da elementor-section-boxed elementor-section-height-default elementor-section-height-default\" data-id=\"9d305da\" data-element_type=\"section\" data-e-type=\"section\">\n\t\t\t\t\t\t<div class=\"elementor-container elementor-column-gap-default\">\n\t\t\t\t\t<div class=\"elementor-column elementor-col-100 elementor-top-column elementor-element elementor-element-4eda966\" data-id=\"4eda966\" data-element_type=\"column\" data-e-type=\"column\">\n\t\t\t<div class=\"elementor-widget-wrap elementor-element-populated\">\n\t\t\t\t\t\t<div class=\"elementor-element elementor-element-c2827b4 elementor-widget elementor-widget-text-editor\" data-id=\"c2827b4\" data-element_type=\"widget\" data-e-type=\"widget\" data-widget_type=\"text-editor.default\">\n\t\t\t\t<div class=\"elementor-widget-container\">\n\t\t\t\t\t\t\t\t\t<p class=\"\"><strong><em>Jennifer: Quali sono gli obiettivi che vorresti raggiungere quest&#039;anno con il programma Advocate?<\/em>\u00a0<\/strong><\/p><p class=\"\"><strong>Kristel:\u00a0 <\/strong>Quest&#039;anno sar\u00e0 un anno molto impegnativo per noi a causa della pandemia. Mentre alcuni di noi si godono di nuovo la natura, altri devono restare a casa per il virus. Questa non \u00e8 una situazione ideale per mettere la tua mentalit\u00e0 sulla promozione di Nature First in una regione. Detto questo, le persone ora hanno anche avuto il tempo di pensare a quelle questioni che sono importanti per loro nella vita e, fortunatamente, vediamo aumentare il numero dei nostri membri in tutto il mondo. Continuo a ricevere altre domande sul programma Advocate e chiedo di essere coinvolto. Negli ultimi due mesi, ho accolto molti nuovi sostenitori provenienti da diverse parti del mondo, come Slovenia, Cile, Stati Uniti nord-orientali, Stati Uniti Midwest, Italia, Romania, Polonia e la comunit\u00e0 di lingua cinese. Ho anche trovato un sostituto per me in quel ruolo per Olanda e Belgio. L&#039;obiettivo \u00e8 far crescere il nostro programma di avvocato a 30 nazioni. Non ho fissato una data, ma spero di avere pi\u00f9 nazioni nell&#039;elenco entro la fine dell&#039;anno. Vedo ora che alcuni Community Advocates che lavorano da soli lottano con il loro tempo e trovano difficile sviluppare idee, ottenere pi\u00f9 membri locali o diffondere le idee Nature First nella loro regione. Pertanto, sto cercando di motivare i Community Advocates a creare un team locale, come abbiamo fatto nei Paesi Bassi, in Francia, in Italia e nella comunit\u00e0 di lingua cinese. In questo modo, possono unire sforzi e idee per elaborare i loro piani Nature First locali. Mi piace anche vedere i membri locali rivolgersi al programma Advocate quando vogliono essere coinvolti pi\u00f9 attivamente ma non si vedono alla guida di un piccolo team o sono cos\u00ec tanto sotto i riflettori. Abbiamo cos\u00ec tanta diversit\u00e0 di background, lavoro ed esperienze all&#039;interno della nostra comunit\u00e0 di membri che sarebbe fantastico se si unissero ai Community Advocates. <a href=\"https:\/\/naturefirst.org\/it\/news-items\/2020\/07\/24\/2020-summer-newsletter\/\">La nostra tabella di marcia<\/a> ha molte grandi idee, come facilitare la creazione di principi regionali e specifici per genere. Qui vedo un ruolo importante per i sostenitori della comunit\u00e0 e i loro team locali. Tutto ci\u00f2 richiede tempo, ricerca e impegno. Come ho detto sopra, piccoli piccoli passi possono fare un grande passo, e prendiamoci il tempo di cui abbiamo bisogno in modo che, si spera, possiamo rendere la fotografia responsabile di nuovo lo standard nella fotografia naturalistica nel prossimo futuro.\u00a0<\/p>\t\t\t\t\t\t\t\t<\/div>\n\t\t\t\t<\/div>\n\t\t\t\t\t<\/div>\n\t\t<\/div>\n\t\t\t\t\t<\/div>\n\t\t<\/section>\n\t\t\t\t<section class=\"elementor-section elementor-top-section elementor-element elementor-element-8b1aca9 elementor-section-boxed elementor-section-height-default elementor-section-height-default\" data-id=\"8b1aca9\" data-element_type=\"section\" data-e-type=\"section\">\n\t\t\t\t\t\t<div class=\"elementor-container elementor-column-gap-default\">\n\t\t\t\t\t<div class=\"elementor-column elementor-col-100 elementor-top-column elementor-element elementor-element-f8e1abb\" data-id=\"f8e1abb\" data-element_type=\"column\" data-e-type=\"column\">\n\t\t\t<div class=\"elementor-widget-wrap elementor-element-populated\">\n\t\t\t\t\t\t<div class=\"elementor-element elementor-element-f04cb86 elementor-widget elementor-widget-image\" data-id=\"f04cb86\" data-element_type=\"widget\" data-e-type=\"widget\" data-widget_type=\"image.default\">\n\t\t\t\t<div class=\"elementor-widget-container\">\n\t\t\t\t\t\t\t\t\t\t\t\t\t\t\t<img loading=\"lazy\" decoding=\"async\" width=\"800\" height=\"533\" src=\"https:\/\/naturefirst.org\/wp-content\/uploads\/Evening-cloud-By-kirstel-schneider_800pix.jpg\" class=\"attachment-large size-large wp-image-1509\" alt=\"\" srcset=\"https:\/\/naturefirst.org\/wp-content\/uploads\/Evening-cloud-By-kirstel-schneider_800pix.jpg 800w, https:\/\/naturefirst.org\/wp-content\/uploads\/Evening-cloud-By-kirstel-schneider_800pix-500x333.jpg 500w, https:\/\/naturefirst.org\/wp-content\/uploads\/Evening-cloud-By-kirstel-schneider_800pix-768x512.jpg 768w, https:\/\/naturefirst.org\/wp-content\/uploads\/Evening-cloud-By-kirstel-schneider_800pix-18x12.jpg 18w\" sizes=\"(max-width: 800px) 100vw, 800px\" \/>\t\t\t\t\t\t\t\t\t\t\t\t\t\t\t<\/div>\n\t\t\t\t<\/div>\n\t\t\t\t\t<\/div>\n\t\t<\/div>\n\t\t\t\t\t<\/div>\n\t\t<\/section>\n\t\t\t\t<section class=\"elementor-section elementor-top-section elementor-element elementor-element-f298377 elementor-section-boxed elementor-section-height-default elementor-section-height-default\" data-id=\"f298377\" data-element_type=\"section\" data-e-type=\"section\">\n\t\t\t\t\t\t<div class=\"elementor-container elementor-column-gap-default\">\n\t\t\t\t\t<div class=\"elementor-column elementor-col-100 elementor-top-column elementor-element elementor-element-0263321\" data-id=\"0263321\" data-element_type=\"column\" data-e-type=\"column\">\n\t\t\t<div class=\"elementor-widget-wrap elementor-element-populated\">\n\t\t\t\t\t\t<div class=\"elementor-element elementor-element-26400d1 elementor-widget elementor-widget-text-editor\" data-id=\"26400d1\" data-element_type=\"widget\" data-e-type=\"widget\" data-widget_type=\"text-editor.default\">\n\t\t\t\t<div class=\"elementor-widget-container\">\n\t\t\t\t\t\t\t\t\t<p class=\"\">L&#039;entusiasmo di Kristel per Nature First \u00e8 l&#039;essenza di questa alleanza: riunirsi insieme per aiutare a essere migliori ambasciatori dei luoghi che amiamo e fotografiamo, in modo che le generazioni future di fotografi possano connettersi e interagire con la Natura.<\/p><p class=\"\">Kristel \u00e8 anche una fotografa esperta e guida tour e workshop. La sua fotografia \u00e8 molto stimolante e il suo corpo di lavoro esemplifica la quieta bellezza della natura. Per connetterti con Kristel e vedere il suo lavoro, visita <a href=\"http:\/\/www.kristelschneider.com\/\" target=\"_blank\" rel=\"noopener\">www.kristelschneider.com<\/a>.<\/p><p class=\"\">Grazie, Kristel, per tutto quello che fai per Nature First e per aver dedicato del tempo a parlare con me!<\/p>\t\t\t\t\t\t\t\t<\/div>\n\t\t\t\t<\/div>\n\t\t\t\t\t<\/div>\n\t\t<\/div>\n\t\t\t\t\t<\/div>\n\t\t<\/section>\n\t\t\t\t<\/div>","protected":false},"excerpt":{"rendered":"<p>Qui a Nature First, abbiamo una meravigliosa comunit\u00e0 composta da persone che si preoccupano profondamente di proteggere le terre selvagge che amiamo e che lavorano duramente per rendere possibile questa alleanza. Kristel Schneider ha iniziato come primo avvocato per i Paesi Bassi e il Belgio ed \u00e8 ora il nostro Community Advocate Director. Puoi trovarla lavorare con passione dietro le quinte, collegando membri e paesi e riunendoci tutti per questa entusiasmante causa.<\/p>","protected":false},"author":36,"featured_media":106,"comment_status":"closed","ping_status":"open","sticky":false,"template":"","format":"standard","meta":{"_mo_disable_npp":"","site-sidebar-layout":"default","site-content-layout":"","ast-site-content-layout":"default","site-content-style":"default","site-sidebar-style":"default","ast-global-header-display":"","ast-banner-title-visibility":"","ast-main-header-display":"","ast-hfb-above-header-display":"","ast-hfb-below-header-display":"","ast-hfb-mobile-header-display":"","site-post-title":"","ast-breadcrumbs-content":"","ast-featured-img":"","footer-sml-layout":"","ast-disable-related-posts":"","theme-transparent-header-meta":"","adv-header-id-meta":"","stick-header-meta":"","header-above-stick-meta":"","header-main-stick-meta":"","header-below-stick-meta":"","astra-migrate-meta-layouts":"default","ast-page-background-enabled":"default","ast-page-background-meta":{"desktop":{"background-color":"","background-image":"","background-repeat":"repeat","background-position":"center center","background-size":"auto","background-attachment":"scroll","background-type":"","background-media":"","overlay-type":"","overlay-color":"","overlay-opacity":"","overlay-gradient":""},"tablet":{"background-color":"","background-image":"","background-repeat":"repeat","background-position":"center center","background-size":"auto","background-attachment":"scroll","background-type":"","background-media":"","overlay-type":"","overlay-color":"","overlay-opacity":"","overlay-gradient":""},"mobile":{"background-color":"","background-image":"","background-repeat":"repeat","background-position":"center center","background-size":"auto","background-attachment":"scroll","background-type":"","background-media":"","overlay-type":"","overlay-color":"","overlay-opacity":"","overlay-gradient":""}},"ast-content-background-meta":{"desktop":{"background-color":"var(--ast-global-color-5)","background-image":"","background-repeat":"repeat","background-position":"center center","background-size":"auto","background-attachment":"scroll","background-type":"","background-media":"","overlay-type":"","overlay-color":"","overlay-opacity":"","overlay-gradient":""},"tablet":{"background-color":"var(--ast-global-color-5)","background-image":"","background-repeat":"repeat","background-position":"center center","background-size":"auto","background-attachment":"scroll","background-type":"","background-media":"","overlay-type":"","overlay-color":"","overlay-opacity":"","overlay-gradient":""},"mobile":{"background-color":"var(--ast-global-color-5)","background-image":"","background-repeat":"repeat","background-position":"center center","background-size":"auto","background-attachment":"scroll","background-type":"","background-media":"","overlay-type":"","overlay-color":"","overlay-opacity":"","overlay-gradient":""}},"footnotes":""},"categories":[1],"tags":[],"ppma_author":[48],"class_list":["post-1252","post","type-post","status-publish","format-standard","has-post-thumbnail","hentry","category-uncategorized"],"aioseo_notices":[],"authors":[{"term_id":48,"user_id":36,"is_guest":0,"slug":"jonnorris-nf","display_name":"Jon Norris","avatar_url":"https:\/\/naturefirst.org\/wp-content\/litespeed\/avatar\/5a1f8e7595e193d9f04032a8a8742e36.jpg?ver=1777143006","0":null,"1":"","2":"","3":"","4":"","5":"","6":"","7":"","8":""}],"_links":{"self":[{"href":"https:\/\/naturefirst.org\/it\/wp-json\/wp\/v2\/posts\/1252","targetHints":{"allow":["GET"]}}],"collection":[{"href":"https:\/\/naturefirst.org\/it\/wp-json\/wp\/v2\/posts"}],"about":[{"href":"https:\/\/naturefirst.org\/it\/wp-json\/wp\/v2\/types\/post"}],"author":[{"embeddable":true,"href":"https:\/\/naturefirst.org\/it\/wp-json\/wp\/v2\/users\/36"}],"replies":[{"embeddable":true,"href":"https:\/\/naturefirst.org\/it\/wp-json\/wp\/v2\/comments?post=1252"}],"version-history":[{"count":14,"href":"https:\/\/naturefirst.org\/it\/wp-json\/wp\/v2\/posts\/1252\/revisions"}],"predecessor-version":[{"id":2953,"href":"https:\/\/naturefirst.org\/it\/wp-json\/wp\/v2\/posts\/1252\/revisions\/2953"}],"wp:featuredmedia":[{"embeddable":true,"href":"https:\/\/naturefirst.org\/it\/wp-json\/wp\/v2\/media\/106"}],"wp:attachment":[{"href":"https:\/\/naturefirst.org\/it\/wp-json\/wp\/v2\/media?parent=1252"}],"wp:term":[{"taxonomy":"category","embeddable":true,"href":"https:\/\/naturefirst.org\/it\/wp-json\/wp\/v2\/categories?post=1252"},{"taxonomy":"post_tag","embeddable":true,"href":"https:\/\/naturefirst.org\/it\/wp-json\/wp\/v2\/tags?post=1252"},{"taxonomy":"author","embeddable":true,"href":"https:\/\/naturefirst.org\/it\/wp-json\/wp\/v2\/ppma_author?post=1252"}],"curies":[{"name":"parola chiave","href":"https:\/\/api.w.org\/{rel}","templated":true}]}}