{"id":5671,"date":"2026-01-18T10:37:26","date_gmt":"2026-01-18T17:37:26","guid":{"rendered":"https:\/\/naturefirst.org\/?p=5671"},"modified":"2026-03-06T07:10:44","modified_gmt":"2026-03-06T14:10:44","slug":"wie-nah-muss-man-gehen-um-wirklich-zu-sehen","status":"publish","type":"post","link":"https:\/\/naturefirst.org\/nl\/news-items\/2026\/01\/18\/wie-nah-muss-man-gehen-um-wirklich-zu-sehen\/","title":{"rendered":"Wie nah muss man gehen, um wirklich zu sehen?"},"content":{"rendered":"<div data-elementor-type=\"wp-post\" data-elementor-id=\"5671\" class=\"elementor elementor-5671\" data-elementor-post-type=\"post\">\n\t\t\t\t\t\t<section class=\"elementor-section elementor-top-section elementor-element elementor-element-11d24fb elementor-section-boxed elementor-section-height-default elementor-section-height-default\" data-id=\"11d24fb\" data-element_type=\"section\" data-e-type=\"section\">\n\t\t\t\t\t\t<div class=\"elementor-container elementor-column-gap-default\">\n\t\t\t\t\t<div class=\"elementor-column elementor-col-100 elementor-top-column elementor-element elementor-element-43d08cc\" data-id=\"43d08cc\" data-element_type=\"column\" data-e-type=\"column\">\n\t\t\t<div class=\"elementor-widget-wrap elementor-element-populated\">\n\t\t\t\t\t\t<div class=\"elementor-element elementor-element-1520ad3 elementor-widget elementor-widget-heading\" data-id=\"1520ad3\" data-element_type=\"widget\" data-e-type=\"widget\" data-widget_type=\"heading.default\">\n\t\t\t\t<div class=\"elementor-widget-container\">\n\t\t\t\t\t<h3 class=\"elementor-heading-title elementor-size-default\">\u00dcber Verantwortung, N\u00e4he en een andere weg der natuurfotografie<\/h3>\t\t\t\t<\/div>\n\t\t\t\t<\/div>\n\t\t\t\t<div class=\"elementor-element elementor-element-7e23909 elementor-widget elementor-widget-heading\" data-id=\"7e23909\" data-element_type=\"widget\" data-e-type=\"widget\" data-widget_type=\"heading.default\">\n\t\t\t\t<div class=\"elementor-widget-container\">\n\t\t\t\t\t<h3 class=\"elementor-heading-title elementor-size-default\"><a href=\"https:\/\/www.photohikers.de\/ueber-mich\" target=\"_blank\">von Lars-Henrik Roth<\/a><\/h3>\t\t\t\t<\/div>\n\t\t\t\t<\/div>\n\t\t\t\t<div class=\"elementor-element elementor-element-5fbf8be elementor-widget elementor-widget-image\" data-id=\"5fbf8be\" data-element_type=\"widget\" data-e-type=\"widget\" data-widget_type=\"image.default\">\n\t\t\t\t<div class=\"elementor-widget-container\">\n\t\t\t\t\t\t\t\t\t\t\t\t\t\t\t<img fetchpriority=\"high\" decoding=\"async\" width=\"1024\" height=\"687\" src=\"https:\/\/naturefirst.org\/wp-content\/uploads\/Roth_Footprint_Essay_00_Header_Illustration-1024x687.jpg\" class=\"attachment-large size-large wp-image-5677\" alt=\"Illustration - \u00dcber Verantwortung, N\u00e4he und einen anderen Weg der Naturfotografie\" srcset=\"https:\/\/naturefirst.org\/wp-content\/uploads\/Roth_Footprint_Essay_00_Header_Illustration-1024x687.jpg 1024w, https:\/\/naturefirst.org\/wp-content\/uploads\/Roth_Footprint_Essay_00_Header_Illustration-500x336.jpg 500w, https:\/\/naturefirst.org\/wp-content\/uploads\/Roth_Footprint_Essay_00_Header_Illustration-768x515.jpg 768w, https:\/\/naturefirst.org\/wp-content\/uploads\/Roth_Footprint_Essay_00_Header_Illustration-1536x1031.jpg 1536w, https:\/\/naturefirst.org\/wp-content\/uploads\/Roth_Footprint_Essay_00_Header_Illustration-18x12.jpg 18w, https:\/\/naturefirst.org\/wp-content\/uploads\/Roth_Footprint_Essay_00_Header_Illustration.jpg 2000w\" sizes=\"(max-width: 1024px) 100vw, 1024px\" \/>\t\t\t\t\t\t\t\t\t\t\t\t\t\t\t<\/div>\n\t\t\t\t<\/div>\n\t\t\t\t<div class=\"elementor-element elementor-element-e1697c6 elementor-widget elementor-widget-text-editor\" data-id=\"e1697c6\" data-element_type=\"widget\" data-e-type=\"widget\" data-widget_type=\"text-editor.default\">\n\t\t\t\t<div class=\"elementor-widget-container\">\n\t\t\t\t\t\t\t\t\t<p>Als je landschaften hebt, de man die je kent, lang voordat je een fu\u00df in zijn gesetzt hat. <a href=\"https:\/\/visitmadeira.com\/de\/ausfluege\/naturliebhaber\/aktivitaeten\/wandern\/pr-13-vereda-do-fanal\/\" target=\"_blank\" rel=\"noopener\">Fanal auf Madeira<\/a>. Die Trolltunga in Noorwegen. De geschwungen Sandstein des <a href=\"https:\/\/navajonationparks.org\/permits\/\" target=\"_blank\" rel=\"noopener\">Antelope Canyon<\/a>, de stenen Terrassen von <a href=\"https:\/\/www.machupicchu.gob.pe\/\" target=\"_blank\" rel=\"noopener\">Machu Picchu<\/a>. Die skelettartigen Akazien im namibischen <a href=\"https:\/\/www.meft.gov.na\/services\/permits-registrationscertificates-licences\/173\/\" target=\"_blank\" rel=\"noopener\">Deadvlei<\/a> \u2013 of de berg Fuji, waar een banale supermarkt in zit <a href=\"https:\/\/www.timeout.com\/tokyo\/news\/the-mt-fuji-barrier-at-lawson-in-kawaguchiko-is-back-up-again-081525\" target=\"_blank\" rel=\"noopener\">Fujikawaguchiko<\/a> troon. Een Blick, de inzwische hinter een zwarte Wand verborgen werd muss, een massa Herr zu werden.<\/p><p>Mijn foto&#039;s zijn allemaal zo ingewikkeld, zo vaak gereproduceerd, dat ze een eigen innerlijke werking hebben. Man wit, wie der Blick aussieht, vrouw stehen muss, welche Perspektive erwartet wird. Het is duidelijk dat de mens geen enkele hoed heeft. Als iemand een opmerking maakt, is zijn passie en zijn eigen dingen. De mens is niet meer wegen der Landschaft een diesem, andere wegen een Bildes, das longst unabhangig von ihm existiert. Het is niet zo dat het probleem niet bestaat, maar het is het beste wat er bestaat. Wege sind festgetreten \u2013 nicht von Zufall, zoon van Wiederholung. De Boden zijn niet meer van Wetter of Jahreszeiten, maar van de schieren Anzahl der Schritte.<\/p><p>\u00dcber Overtoerisme wird viel gesprochen. \u00dcber zerst\u00f6rte Vegetation, abgesperrte Bereiche, L\u00e4rm en Orten, die niet voor de Menschenmenging gedacht waren. Deze volgende pagina&#039;s zijn zichtbaar en goed gedocumenteerd. Het was een kwestie van een bepaald thema: de \u00f6kologische bilanz van de weg zelf. Het was veilig, lange tijd voordat de man de plek in zicht had.<\/p><p>Veel natuurfotografen reizen op de halve wereld voor een klein beeld. Als u plannen maakt, vliegt, ronddwaalt, op een beste manier licht maakt \u2013 en niet meer weggaat. De verwerking van de natuur is het meest effectief. En toch begon ik met het instellen van een aantal onvoorziene zaken. Geen wegen der Orte. Andere wegen der methode, met der wir begegnen.<\/p>\t\t\t\t\t\t\t\t<\/div>\n\t\t\t\t<\/div>\n\t\t\t\t<div class=\"elementor-element elementor-element-e038906 elementor-blockquote--skin-border elementor-widget elementor-widget-blockquote\" data-id=\"e038906\" data-element_type=\"widget\" data-e-type=\"widget\" data-widget_type=\"blockquote.default\">\n\t\t\t\t<div class=\"elementor-widget-container\">\n\t\t\t\t\t\t\t<blockquote class=\"elementor-blockquote\">\n\t\t\t<p class=\"elementor-blockquote__content\">\n\t\t\t\tDeze spanning kan niet worden genegeerd. Als je een oorlog hebt, is het een echte oorlog. En als dat zo is, dan is het begonnen, mijn eigen Arbeit is onschadelijk om te stellen.\t\t\t<\/p>\n\t\t\t\t\t<\/blockquote>\n\t\t\t\t\t\t<\/div>\n\t\t\t\t<\/div>\n\t\t\t\t<div class=\"elementor-element elementor-element-24a6956 elementor-widget elementor-widget-image\" data-id=\"24a6956\" data-element_type=\"widget\" data-e-type=\"widget\" data-widget_type=\"image.default\">\n\t\t\t\t<div class=\"elementor-widget-container\">\n\t\t\t\t\t\t\t\t\t\t\t\t\t\t\t<img decoding=\"async\" width=\"1024\" height=\"512\" src=\"https:\/\/naturefirst.org\/wp-content\/uploads\/Roth_Footprint_Essay_01-1024x512.jpg\" class=\"attachment-large size-large wp-image-5678\" alt=\"\" srcset=\"https:\/\/naturefirst.org\/wp-content\/uploads\/Roth_Footprint_Essay_01-1024x512.jpg 1024w, https:\/\/naturefirst.org\/wp-content\/uploads\/Roth_Footprint_Essay_01-500x250.jpg 500w, https:\/\/naturefirst.org\/wp-content\/uploads\/Roth_Footprint_Essay_01-768x384.jpg 768w, https:\/\/naturefirst.org\/wp-content\/uploads\/Roth_Footprint_Essay_01-1536x768.jpg 1536w, https:\/\/naturefirst.org\/wp-content\/uploads\/Roth_Footprint_Essay_01-18x9.jpg 18w, https:\/\/naturefirst.org\/wp-content\/uploads\/Roth_Footprint_Essay_01.jpg 2000w\" sizes=\"(max-width: 1024px) 100vw, 1024px\" \/>\t\t\t\t\t\t\t\t\t\t\t\t\t\t\t<\/div>\n\t\t\t\t<\/div>\n\t\t\t\t<div class=\"elementor-element elementor-element-7d07f1f elementor-widget elementor-widget-text-editor\" data-id=\"7d07f1f\" data-element_type=\"widget\" data-e-type=\"widget\" data-widget_type=\"text-editor.default\">\n\t\t\t\t<div class=\"elementor-widget-container\">\n\t\t\t\t\t\t\t\t\t<h6><strong>Alpengl\u00fchen en atemberaubender Bergblick \u00fcber dem Abgrund: Ein Sonnenuntergang in de Dolomiten of de Pyrenee\u00ebn?<\/strong> Falsch. Het is een wandeling in de Altenahr in het Ahrtal, 50 minuten van mijn bezoek aan Zuhause.<\/h6>\t\t\t\t\t\t\t\t<\/div>\n\t\t\t\t<\/div>\n\t\t\t\t<div class=\"elementor-element elementor-element-ed1c022 elementor-widget elementor-widget-heading\" data-id=\"ed1c022\" data-element_type=\"widget\" data-e-type=\"widget\" data-widget_type=\"heading.default\">\n\t\t\t\t<div class=\"elementor-widget-container\">\n\t\t\t\t\t<h2 class=\"elementor-heading-title elementor-size-default\">Die blinden Flecken der Ikonenjagd<\/h2>\t\t\t\t<\/div>\n\t\t\t\t<\/div>\n\t\t\t\t<div class=\"elementor-element elementor-element-51c8b79 elementor-widget elementor-widget-text-editor\" data-id=\"51c8b79\" data-element_type=\"widget\" data-e-type=\"widget\" data-widget_type=\"text-editor.default\">\n\t\t\t\t<div class=\"elementor-widget-container\">\n\t\t\t\t\t\t\t\t\t<p>Het probleem van iconisch fotospots kan niet bestaan. Fanal mustste mit kilometerlange Absperrungen gesch\u00fctzt werden, terwijl de vegetatie de standaard druck niet meer standhielt. En der <a href=\"https:\/\/www.trolltunga.com\/en\/blog\/hardanger-safety-rules\" target=\"_blank\" rel=\"noopener\">Trolltunga<\/a> veel jaren geleden werden mensen gerettet, vaak is het een anspruchsvolle Tour die nu voor een beeld wordt weergegeven. Ben <a href=\"https:\/\/kjerag.info\/\" target=\"_blank\" rel=\"noopener\">Kjeragbolten<\/a> Als de oorlog lang duurt, ontstaat er een popkonzert als een soort natuur in de natuur.<\/p><p>Deze entwicklungen machen eines deutlich: De natuur houdt de kunst van de merksamkeit op, die met een heute schenking, nicht aus.<\/p><p>Het was een kwestie van tijd, het is de moeite waard om de eigen dingen te doen. Een vlucht op Madeira of Noorwegen heeft meer CO\u2082-uitstoot, als lokale fototouren in een paar jaar tijd. Het meest natuurlijke deel valt onder de natuurlijke omstandigheden niet in de loop van de tijd of in het ausgetretenen Pfad, onder de start van een vlucht.<\/p>\t\t\t\t\t\t\t\t<\/div>\n\t\t\t\t<\/div>\n\t\t\t\t<div class=\"elementor-element elementor-element-c7dc34e elementor-widget elementor-widget-image\" data-id=\"c7dc34e\" data-element_type=\"widget\" data-e-type=\"widget\" data-widget_type=\"image.default\">\n\t\t\t\t<div class=\"elementor-widget-container\">\n\t\t\t\t\t\t\t\t\t\t\t\t\t\t\t<img decoding=\"async\" width=\"1024\" height=\"682\" src=\"https:\/\/naturefirst.org\/wp-content\/uploads\/Roth_Footprint_Essay_02-1024x682.jpg\" class=\"attachment-large size-large wp-image-5679\" alt=\"\" srcset=\"https:\/\/naturefirst.org\/wp-content\/uploads\/Roth_Footprint_Essay_02-1024x682.jpg 1024w, https:\/\/naturefirst.org\/wp-content\/uploads\/Roth_Footprint_Essay_02-500x333.jpg 500w, https:\/\/naturefirst.org\/wp-content\/uploads\/Roth_Footprint_Essay_02-768x512.jpg 768w, https:\/\/naturefirst.org\/wp-content\/uploads\/Roth_Footprint_Essay_02-1536x1024.jpg 1536w, https:\/\/naturefirst.org\/wp-content\/uploads\/Roth_Footprint_Essay_02-18x12.jpg 18w, https:\/\/naturefirst.org\/wp-content\/uploads\/Roth_Footprint_Essay_02.jpg 2000w\" sizes=\"(max-width: 1024px) 100vw, 1024px\" \/>\t\t\t\t\t\t\t\t\t\t\t\t\t\t\t<\/div>\n\t\t\t\t<\/div>\n\t\t\t\t<div class=\"elementor-element elementor-element-200a707 elementor-widget elementor-widget-text-editor\" data-id=\"200a707\" data-element_type=\"widget\" data-e-type=\"widget\" data-widget_type=\"text-editor.default\">\n\t\t\t\t<div class=\"elementor-widget-container\">\n\t\t\t\t\t\t\t\t\t<h6><strong>Spiegelung perfekt, Wildnis unber\u00fchrt: Een morgen aan Lake Louise in Canada?<\/strong> Falsch! Het is stil, een ijskoude Sch\u00f6nheit der Neyetalsperre in het Bergische Land, 60 Minuten Fahrzeit von mir entfernt.<\/h6>\t\t\t\t\t\t\t\t<\/div>\n\t\t\t\t<\/div>\n\t\t\t\t<div class=\"elementor-element elementor-element-14c2a38 elementor-widget elementor-widget-text-editor\" data-id=\"14c2a38\" data-element_type=\"widget\" data-e-type=\"widget\" data-widget_type=\"text-editor.default\">\n\t\t\t\t<div class=\"elementor-widget-container\">\n\t\t\t\t\t\t\t\t\t<p>Het duurt langer voordat de Duitse praktijk zich bezighoudt met de interne markt van deze praktijk. Wir sagen, wir lieben diese Orte. Als de kunst, als ze er is, vaak in de bredere pruch terechtkomt, is dat de oplossing. Deze oorlog is niet moreel van aard, maar een fragment is nog nooit zo groot geweest: Kan een man een of andere wervelende situatie zijn, wanneer een man nu een inkaufnahme erheblicher Sch\u00e4den besucht?<\/p>\t\t\t\t\t\t\t\t<\/div>\n\t\t\t\t<\/div>\n\t\t\t\t<div class=\"elementor-element elementor-element-3f779c6 elementor-widget elementor-widget-heading\" data-id=\"3f779c6\" data-element_type=\"widget\" data-e-type=\"widget\" data-widget_type=\"heading.default\">\n\t\t\t\t<div class=\"elementor-widget-container\">\n\t\t\t\t\t<h2 class=\"elementor-heading-title elementor-size-default\">Als mir ein Spot \u201estarb\u201c \u2013 Burg Eltz als Wendepunkt<\/h2>\t\t\t\t<\/div>\n\t\t\t\t<\/div>\n\t\t\t\t<div class=\"elementor-element elementor-element-33d6c22 elementor-widget elementor-widget-text-editor\" data-id=\"33d6c22\" data-element_type=\"widget\" data-e-type=\"widget\" data-widget_type=\"text-editor.default\">\n\t\t\t\t<div class=\"elementor-widget-container\">\n\t\t\t\t\t\t\t\t\t<p>Manchmal braucht is geen grote Einschnitt, maar nu is er een stil moment, een etwas zu ver\u00e4ndern. De oorlog is morgen in Burg Eltz.<\/p><p>Ik oorlog in dort. Nebel lag in het verhaal, de lichte oorlog was zwaar en zur\u00fcckhaltend. Voor een korte periode kan alles kloppen en stimuleren. Als ik op de weg sta, is de kamer bezig en hoe het is gebeurd, het zal beginnen.<\/p><p>Dann kamen die eerste Touristenbusse. Als de Nebel opraakt, ziet u een Schlange. We bekijken de aanbiedingen die interessanter zijn voor een bedrijf als een Blickwinkel, en die kan ook bestaan. Als je een van de volgende onderzoeken hebt gedaan, terwijl je op een foto fixeert, wordt het wollen gereproduceerd. Op het moment dat de oorlog verandert, voordat hij \u00fcberhaupt begonnen is.<\/p><p>Ein P\u00e4rchen kam auf mich zu.<br \/>\u201c&quot;Oh! Een fotograaf! Kunt u een foto maken?&quot;\u201d<\/p><p>U kunt uw iPhone aansluiten. Freundlich nahm ich das Smartphone, w\u00e4hrend sie ich vor der Burg aufstellten. Automatisch zoals mijn vinger in de portr\u00e4t-modus. In deze periode van Augenblick, waar de Geste en de Gewohnheit zich bevinden, was het duidelijk: dit zal geen portr\u00e4t worden. Het gaat niet goed. En het is niet anders dan Ort. Het is een kwestie van doen, hier wordt u gewesen. Um ein Bild, das festh\u00e4lt, was man nicht erlebt hat.<\/p><p>Ich gab das Telefon zur\u00fcck. Die Szene is verloren, wie zo een diesem Morgen zou kunnen zijn. Zur\u00fcck blieb eine stille Ern\u00fcchterung. Niet gegen\u00fcber de Menschen, zoon van gegen\u00fcber der Kunst, wie Orte ihre Bedeutung verlieren k\u00f6nnen, ohne sichtbar zerst\u00f6rt zu sein. Mijn beeld heeft een lange levensduur. Doch mir wurde bewusst, dass etwas anderes verschwunden war: die Stille, die Offenheit, die M\u00f6glichkeit, einem Ort ohne Erwartung zu begegnen.<\/p>\t\t\t\t\t\t\t\t<\/div>\n\t\t\t\t<\/div>\n\t\t\t\t<div class=\"elementor-element elementor-element-5bc2de9 elementor-blockquote--skin-border elementor-widget elementor-widget-blockquote\" data-id=\"5bc2de9\" data-element_type=\"widget\" data-e-type=\"widget\" data-widget_type=\"blockquote.default\">\n\t\t\t\t<div class=\"elementor-widget-container\">\n\t\t\t\t\t\t\t<blockquote class=\"elementor-blockquote\">\n\t\t\t<p class=\"elementor-blockquote__content\">\n\t\t\t\tEen morgen verstand ich, dat is een ort niet nur durch \u00dcbernutzung roerbt. Er is iets veranderd, als er sprake is van een lichtbron.\t\t\t<\/p>\n\t\t\t\t\t<\/blockquote>\n\t\t\t\t\t\t<\/div>\n\t\t\t\t<\/div>\n\t\t\t\t<div class=\"elementor-element elementor-element-2adc4a1 elementor-widget elementor-widget-image\" data-id=\"2adc4a1\" data-element_type=\"widget\" data-e-type=\"widget\" data-widget_type=\"image.default\">\n\t\t\t\t<div class=\"elementor-widget-container\">\n\t\t\t\t\t\t\t\t\t\t\t\t\t\t\t<img loading=\"lazy\" decoding=\"async\" width=\"1024\" height=\"683\" src=\"https:\/\/naturefirst.org\/wp-content\/uploads\/Roth_Footprint_Essay_03-1024x683.jpg\" class=\"attachment-large size-large wp-image-5680\" alt=\"\" srcset=\"https:\/\/naturefirst.org\/wp-content\/uploads\/Roth_Footprint_Essay_03-1024x683.jpg 1024w, https:\/\/naturefirst.org\/wp-content\/uploads\/Roth_Footprint_Essay_03-500x334.jpg 500w, https:\/\/naturefirst.org\/wp-content\/uploads\/Roth_Footprint_Essay_03-768x512.jpg 768w, https:\/\/naturefirst.org\/wp-content\/uploads\/Roth_Footprint_Essay_03-1536x1025.jpg 1536w, https:\/\/naturefirst.org\/wp-content\/uploads\/Roth_Footprint_Essay_03-18x12.jpg 18w, https:\/\/naturefirst.org\/wp-content\/uploads\/Roth_Footprint_Essay_03.jpg 2000w\" sizes=\"(max-width: 1024px) 100vw, 1024px\" \/>\t\t\t\t\t\t\t\t\t\t\t\t\t\t\t<\/div>\n\t\t\t\t<\/div>\n\t\t\t\t<div class=\"elementor-element elementor-element-418959a elementor-widget elementor-widget-text-editor\" data-id=\"418959a\" data-element_type=\"widget\" data-e-type=\"widget\" data-widget_type=\"text-editor.default\">\n\t\t\t\t<div class=\"elementor-widget-container\">\n\t\t\t\t\t\t\t\t\t<h6><strong>Schluchten, Schiffe, goldenes Licht: Eine Aufnahme aus den Three Gorges am Yangtze in China?<\/strong> Nein, das ist der Rhein bei Boppard, nur 90 Minuten entfernt.<\/h6>\t\t\t\t\t\t\t\t<\/div>\n\t\t\t\t<\/div>\n\t\t\t\t<div class=\"elementor-element elementor-element-28550d1 elementor-widget elementor-widget-heading\" data-id=\"28550d1\" data-element_type=\"widget\" data-e-type=\"widget\" data-widget_type=\"heading.default\">\n\t\t\t\t<div class=\"elementor-widget-container\">\n\t\t\t\t\t<h2 class=\"elementor-heading-title elementor-size-default\">De dankbaarheid van de moderne natuurbescherming<\/h2>\t\t\t\t<\/div>\n\t\t\t\t<\/div>\n\t\t\t\t<div class=\"elementor-element elementor-element-9db8675 elementor-widget elementor-widget-text-editor\" data-id=\"9db8675\" data-element_type=\"widget\" data-e-type=\"widget\" data-widget_type=\"text-editor.default\">\n\t\t\t\t<div class=\"elementor-widget-container\">\n\t\t\t\t\t\t\t\t\t<p>Veel mensen reizen naar iconisch gebied, weil sie nature lieben. Sie sch\u00e4tzen W\u00e4lder, Berge, Licht. Dieser Wunsch is ehrlich. Een dag waarop de weg vaak niet meer reflecterend is.<\/p><p>Het is een paradox: reis door de natuur en verbrauchen als je dat doet. Als de Besondere en de weggeweest zijn, zullen de Besondere gef\u00e4hrden zijn. Zie wollen beelden als er innerlijk en achterwaarts lassen, de bleiben.<\/p><p>\u00dcber hunderttausend Menschen stehen jedes Jahr auf der Trolltunga. Der ort is beeindruckend and weitl\u00e4ufig, aber nicht daf\u00fcr macht, dit formulier von Aufmerksamkeit dauerhaft zu tragen. Fanal ist\u00fcber Jahrhunderte gewachsen. Innerhalb weniger Jahre hat der Tourismus dort Sch\u00e4den verursacht, deren Heilung Generationen dauern wird.<\/p><p>Deze beobachtungen zijn niet meer van ontslag, maar van onvrede. Als je een fragment hebt, als je een stellte hebt en niet meer negeert: was natuurfotografie waar, als je het beschreef, was het je eigen wil?<\/p>\t\t\t\t\t\t\t\t<\/div>\n\t\t\t\t<\/div>\n\t\t\t\t<div class=\"elementor-element elementor-element-7104015 elementor-blockquote--skin-border elementor-widget elementor-widget-blockquote\" data-id=\"7104015\" data-element_type=\"widget\" data-e-type=\"widget\" data-widget_type=\"blockquote.default\">\n\t\t\t\t<div class=\"elementor-widget-container\">\n\t\t\t\t\t\t\t<blockquote class=\"elementor-blockquote\">\n\t\t\t<p class=\"elementor-blockquote__content\">\n\t\t\t\tDeze fragmenten markeren het endpunkt. Ze voeren een oorlog met een ander doel dan een andere weg.\t\t\t<\/p>\n\t\t\t\t\t<\/blockquote>\n\t\t\t\t\t\t<\/div>\n\t\t\t\t<\/div>\n\t\t\t\t<div class=\"elementor-element elementor-element-59775e4 elementor-widget elementor-widget-image\" data-id=\"59775e4\" data-element_type=\"widget\" data-e-type=\"widget\" data-widget_type=\"image.default\">\n\t\t\t\t<div class=\"elementor-widget-container\">\n\t\t\t\t\t\t\t\t\t\t\t\t\t\t\t<img loading=\"lazy\" decoding=\"async\" width=\"1024\" height=\"682\" src=\"https:\/\/naturefirst.org\/wp-content\/uploads\/Roth_Footprint_Essay_04-1024x682.jpg\" class=\"attachment-large size-large wp-image-5681\" alt=\"\" srcset=\"https:\/\/naturefirst.org\/wp-content\/uploads\/Roth_Footprint_Essay_04-1024x682.jpg 1024w, https:\/\/naturefirst.org\/wp-content\/uploads\/Roth_Footprint_Essay_04-500x333.jpg 500w, https:\/\/naturefirst.org\/wp-content\/uploads\/Roth_Footprint_Essay_04-768x512.jpg 768w, https:\/\/naturefirst.org\/wp-content\/uploads\/Roth_Footprint_Essay_04-1536x1024.jpg 1536w, https:\/\/naturefirst.org\/wp-content\/uploads\/Roth_Footprint_Essay_04-18x12.jpg 18w, https:\/\/naturefirst.org\/wp-content\/uploads\/Roth_Footprint_Essay_04.jpg 2000w\" sizes=\"(max-width: 1024px) 100vw, 1024px\" \/>\t\t\t\t\t\t\t\t\t\t\t\t\t\t\t<\/div>\n\t\t\t\t<\/div>\n\t\t\t\t<div class=\"elementor-element elementor-element-e6ff551 elementor-widget elementor-widget-text-editor\" data-id=\"e6ff551\" data-element_type=\"widget\" data-e-type=\"widget\" data-widget_type=\"text-editor.default\">\n\t\t\t\t<div class=\"elementor-widget-container\">\n\t\t\t\t\t\t\t\t\t<h6><strong>Eisige Weite, endlose W\u00e4lder: Een wintertocht door de finnische toendra?<\/strong> Nein, das is nur 80 Minuten entfernt in de Belgische Hohen Venn.<\/h6>\t\t\t\t\t\t\t\t<\/div>\n\t\t\t\t<\/div>\n\t\t\t\t<div class=\"elementor-element elementor-element-c39dc95 elementor-widget elementor-widget-heading\" data-id=\"c39dc95\" data-element_type=\"widget\" data-e-type=\"widget\" data-widget_type=\"heading.default\">\n\t\t\t\t<div class=\"elementor-widget-container\">\n\t\t\t\t\t<h2 class=\"elementor-heading-title elementor-size-default\">Het Prinzip der Lokalit\u00e4t \u2013 een ehrlich alternatief<\/h2>\t\t\t\t<\/div>\n\t\t\t\t<\/div>\n\t\t\t\t<div class=\"elementor-element elementor-element-5bd1a4a elementor-widget elementor-widget-text-editor\" data-id=\"5bd1a4a\" data-element_type=\"widget\" data-e-type=\"widget\" data-widget_type=\"text-editor.default\">\n\t\t\t\t<div class=\"elementor-widget-container\">\n\t\t\t\t\t\t\t\t\t<p>Deze beobachtungen begonnen opnieuw met een dankbare vorm, waarbij de tijd snel werd afgebroken. Er is geen vruchtbare Antwort, maar een weergave van het perspectief. Ik begon met mijn fragmenten, maar het is niet een ander land dat zijn landschap heeft bezocht \u2013 een van de weinige weergaven die op Ehrlichkeit lijken.<\/p><p>Lokalit\u00e4t bedeutet f\u00fcr mich nicht, weniger zu sehen. Sie bedeutet, genauer hinzusehen. Als u uw eigen grenzen kent, is het niet zo dat er sprake is van een schuld, maar als de schade zich voordoet. Nicht jede Landschaft muss erreichbar sein. Aber jede Landschaft, die man erreicht, verdient Aufmerksamkeit.<\/p><p>Konkret hat sich daraus f\u00fcr mich ein facher ma\u00dfstab entwickelt: een straal, der in een nieuwe minuten erreichbar ist. Keine Fl\u00fcge f\u00fcr ein einzelnes Bild. Keine Fernreisen heeft een perspectief ontwikkeld voor reproductie. Keine Ikonenjagd. Nicht aus Dogmatismus, sondern aus Konsequenz. Dieser Radius is geen Gesetz, maar een Kompass. Er zwingt mich, Entscheidungen zu treffen \u2013 en genau darin liegt seine creatieve Kraft.<\/p>\t\t\t\t\t\t\t\t<\/div>\n\t\t\t\t<\/div>\n\t\t\t\t<div class=\"elementor-element elementor-element-3ed2d8f elementor-widget elementor-widget-image\" data-id=\"3ed2d8f\" data-element_type=\"widget\" data-e-type=\"widget\" data-widget_type=\"image.default\">\n\t\t\t\t<div class=\"elementor-widget-container\">\n\t\t\t\t\t\t\t\t\t\t\t\t\t\t\t<img loading=\"lazy\" decoding=\"async\" width=\"1024\" height=\"682\" src=\"https:\/\/naturefirst.org\/wp-content\/uploads\/Roth_Footprint_Essay_05-1024x682.jpg\" class=\"attachment-large size-large wp-image-5682\" alt=\"\" srcset=\"https:\/\/naturefirst.org\/wp-content\/uploads\/Roth_Footprint_Essay_05-1024x682.jpg 1024w, https:\/\/naturefirst.org\/wp-content\/uploads\/Roth_Footprint_Essay_05-500x333.jpg 500w, https:\/\/naturefirst.org\/wp-content\/uploads\/Roth_Footprint_Essay_05-768x512.jpg 768w, https:\/\/naturefirst.org\/wp-content\/uploads\/Roth_Footprint_Essay_05-1536x1024.jpg 1536w, https:\/\/naturefirst.org\/wp-content\/uploads\/Roth_Footprint_Essay_05-18x12.jpg 18w, https:\/\/naturefirst.org\/wp-content\/uploads\/Roth_Footprint_Essay_05.jpg 2000w\" sizes=\"(max-width: 1024px) 100vw, 1024px\" \/>\t\t\t\t\t\t\t\t\t\t\t\t\t\t\t<\/div>\n\t\t\t\t<\/div>\n\t\t\t\t<div class=\"elementor-element elementor-element-7a2dfe4 elementor-widget elementor-widget-text-editor\" data-id=\"7a2dfe4\" data-element_type=\"widget\" data-e-type=\"widget\" data-widget_type=\"text-editor.default\">\n\t\t\t\t<div class=\"elementor-widget-container\">\n\t\t\t\t\t\t\t\t\t<h6><strong>Tief in de Slot Canyons van Utah: Ein Abenteuer, voor de man die een wereldvlucht maakt?<\/strong> Nein, das is nur een spannende Wanderung door de Teufelsschlucht in der Eifel gewesen.<\/h6>\t\t\t\t\t\t\t\t<\/div>\n\t\t\t\t<\/div>\n\t\t\t\t<div class=\"elementor-element elementor-element-93e035a elementor-widget elementor-widget-text-editor\" data-id=\"93e035a\" data-element_type=\"widget\" data-e-type=\"widget\" data-widget_type=\"text-editor.default\">\n\t\t\t\t<div class=\"elementor-widget-container\">\n\t\t\t\t\t\t\t\t\t<p>Als de afstand tussen de opties groter is, verschiebt sich der Fokus. Als er geen fotografie meer is, is het een spektakulair deel van de wereld waarin Licht, Wetter en Stimmung samenkomen. Ich jage keinem Motiv hinterher, sondern stop Ausschau nach Momenten. Deze Ver\u00e4nderung hat meine Arbeit nicht eingeschr\u00e4nkt, sondern ge\u00f6ffnet. Verantwortung en kredietwaardigheid zijn niet meer nodig, maar ook andere bedden.<\/p>\t\t\t\t\t\t\t\t<\/div>\n\t\t\t\t<\/div>\n\t\t\t\t<div class=\"elementor-element elementor-element-278c719 elementor-widget elementor-widget-heading\" data-id=\"278c719\" data-element_type=\"widget\" data-e-type=\"widget\" data-widget_type=\"heading.default\">\n\t\t\t\t<div class=\"elementor-widget-container\">\n\t\t\t\t\t<h2 class=\"elementor-heading-title elementor-size-default\">Die kreative Kraft der N\u00e4he<\/h2>\t\t\t\t<\/div>\n\t\t\t\t<\/div>\n\t\t\t\t<div class=\"elementor-element elementor-element-8625cdb elementor-widget elementor-widget-text-editor\" data-id=\"8625cdb\" data-element_type=\"widget\" data-e-type=\"widget\" data-widget_type=\"text-editor.default\">\n\t\t\t\t<div class=\"elementor-widget-container\">\n\t\t\t\t\t\t\t\t\t<p>Als lokale fotografie, kunt u andere foto&#039;s maken. Niet met de Sicherheit iconischer Motive, sondern mit Orten, die sich eerst in Gehen \u00f6ffnen. Oftewel, die kleine versprechen-machines, een ander merksamkeit-verlangen.<\/p><p>Een beispiel is het Ahrtal dat in Altenahr draait. Wer dort unterwegs ist, sieht nur Landschaft, sondern Geschichte. Verletzungen, die noch beledigen sind. Spuren von Wasser, Gewalt, Wiederaufbau. Een gleichzeitig is snel irriterend <a href=\"https:\/\/www.photohikers.de\/post\/photohike-altenahr-teufelsloch-aussichtskreuz-ahrschleife-ein-morgen-zwischen-fels-und-licht\" target=\"_blank\" rel=\"noopener\">Romantiek van Felsen<\/a>, die \u00fcber dem Tal erheben. Stellen, een man die fotografie kan, als een man in het Hochgebirge \u2013 schroff, lichtduurzaam, archa\u00efsch. Het is niet zo dat het spektakulair is, maar het is zonde.<\/p><p>Hier is geen fotografie meer, maar andere wegen zijn. Man komt wieder. Zie diesel op de weg bij anderem licht. Dieselbe Felsnase in Nebel, in Gegenlicht, in de Winter. N\u00e4he schafft Vertrautheit \u2013 en Vertrautheit sch\u00e4rft den Blick. De mens begon te zien, was een man die zijn hart opende.<\/p>\t\t\t\t\t\t\t\t<\/div>\n\t\t\t\t<\/div>\n\t\t\t\t<div class=\"elementor-element elementor-element-ecd5889 elementor-widget elementor-widget-image\" data-id=\"ecd5889\" data-element_type=\"widget\" data-e-type=\"widget\" data-widget_type=\"image.default\">\n\t\t\t\t<div class=\"elementor-widget-container\">\n\t\t\t\t\t\t\t\t\t\t\t\t\t\t\t<img loading=\"lazy\" decoding=\"async\" width=\"1024\" height=\"683\" src=\"https:\/\/naturefirst.org\/wp-content\/uploads\/Roth_Footprint_Essay_06-1024x683.jpg\" class=\"attachment-large size-large wp-image-5683\" alt=\"\" srcset=\"https:\/\/naturefirst.org\/wp-content\/uploads\/Roth_Footprint_Essay_06-1024x683.jpg 1024w, https:\/\/naturefirst.org\/wp-content\/uploads\/Roth_Footprint_Essay_06-500x334.jpg 500w, https:\/\/naturefirst.org\/wp-content\/uploads\/Roth_Footprint_Essay_06-768x512.jpg 768w, https:\/\/naturefirst.org\/wp-content\/uploads\/Roth_Footprint_Essay_06-1536x1025.jpg 1536w, https:\/\/naturefirst.org\/wp-content\/uploads\/Roth_Footprint_Essay_06-18x12.jpg 18w, https:\/\/naturefirst.org\/wp-content\/uploads\/Roth_Footprint_Essay_06.jpg 2000w\" sizes=\"(max-width: 1024px) 100vw, 1024px\" \/>\t\t\t\t\t\t\t\t\t\t\t\t\t\t\t<\/div>\n\t\t\t\t<\/div>\n\t\t\t\t<div class=\"elementor-element elementor-element-4867309 elementor-widget elementor-widget-text-editor\" data-id=\"4867309\" data-element_type=\"widget\" data-e-type=\"widget\" data-widget_type=\"text-editor.default\">\n\t\t\t\t<div class=\"elementor-widget-container\">\n\t\t\t\t\t\t\t\t\t<h6><strong>Das weltber\u00fchmte Douro-Tal in Portugal, wo steile Weinberge auf den Fluss blicken?<\/strong> Nee. Het is een dramatische culturele cultuur na Mayscho\u00df in het Ahrtal.<\/h6>\t\t\t\t\t\t\t\t<\/div>\n\t\t\t\t<\/div>\n\t\t\t\t<div class=\"elementor-element elementor-element-3c89692 elementor-widget elementor-widget-text-editor\" data-id=\"3c89692\" data-element_type=\"widget\" data-e-type=\"widget\" data-widget_type=\"text-editor.default\">\n\t\t\t\t<div class=\"elementor-widget-container\">\n\t\t\t\t\t\t\t\t\t<p>Ein \u00e4hnlicher Moment war der <a href=\"https:\/\/www.photohikers.de\/post\/gate-of-light-photohike-saffenburg\" target=\"_blank\" rel=\"noopener\">Fotowandeling naar Saffenburg<\/a>. Kein weltbekannter Ort, keine Ikone. En toch sterft een lichtfenster, die &quot;Poort van Licht&quot;, dat is nu voor de minuten open. Kein Motiv, zijn man kan plannen maken. Kein Bild, de man die het heeft gedaan. Het is een feit dat we oorlog hebben. Weil der Weg Dorthin Teil des Sehens-oorlog. Weil Zeit, Ort en Aufmerksamkeit zusammenfielen.<\/p><p>Solche Orte lehren Geduld. Als je fotografie niet uit het Wiederholen-beeld haalt, komt het uit de Verweilen. Dass Landschaft Tiefe entwickelt, als de mens niet konsumiert, is ondergedompeld. Nooit meer gebruik maken van andere zaken \u2013 en veel plezier beleven aan uw creatieve kraftpapier.<\/p>\t\t\t\t\t\t\t\t<\/div>\n\t\t\t\t<\/div>\n\t\t\t\t<div class=\"elementor-element elementor-element-7be5854 elementor-widget elementor-widget-heading\" data-id=\"7be5854\" data-element_type=\"widget\" data-e-type=\"widget\" data-widget_type=\"heading.default\">\n\t\t\t\t<div class=\"elementor-widget-container\">\n\t\t\t\t\t<h2 class=\"elementor-heading-title elementor-size-default\">Das Photohiking-Prinzip \u2013 een weg uit het dilemma<\/h2>\t\t\t\t<\/div>\n\t\t\t\t<\/div>\n\t\t\t\t<div class=\"elementor-element elementor-element-3b67949 elementor-widget elementor-widget-text-editor\" data-id=\"3b67949\" data-element_type=\"widget\" data-e-type=\"widget\" data-widget_type=\"text-editor.default\">\n\t\t\t\t<div class=\"elementor-widget-container\">\n\t\t\t\t\t\t\t\t\t<p>Als je halverwege bent, kun je de fotowandeling maken. Er is een techniek als een ingenieur, een techniek als een konsequenz. Sein Kern is een feit: De weg is belangrijker als der Spot.<\/p>\t\t\t\t\t\t\t\t<\/div>\n\t\t\t\t<\/div>\n\t\t\t\t<div class=\"elementor-element elementor-element-59195f3 elementor-widget elementor-widget-text-editor\" data-id=\"59195f3\" data-element_type=\"widget\" data-e-type=\"widget\" data-widget_type=\"text-editor.default\">\n\t\t\t\t<div class=\"elementor-widget-container\">\n\t\t\t\t\t\t\t\t\t<p>Als u fotografie wilt, kunt u uw Wahrnehmung zien. Der Blick richt zich niet op het gevoel van Ziel, maar op de Dazwischen. Auf Ver\u00e4nderungen in het licht. Auf Ger\u00e4usche. In de bergen. Veel van deze beobachtungen bestaan niet in het archief of de sociale netwerken, maar we zullen nooit meer een hol gebruiken. Zie het nu in het Moment.<\/p><p><a href=\"https:\/\/www.photohikers.de\/faq\" target=\"_blank\" rel=\"noopener\">Fotowandelen<\/a> f\u00fchrt zwangsl\u00e4ufig zu een eigenen fotografischen Handschrift. Niet, weil man sich bewusst von anderen abgrenzt, sondern weil man sich von Vorlagen l\u00f6st. De foto&#039;s maken geen gebruik van pictogrammen, maar van slechte situaties. Aus Pr\u00e4senz statt Erwartung.<\/p><p>F\u00fcr mich ist Photohiking damit eine leise Alternative zu vielem, was laut geworden ist. Zu der Jagd nach Spots. Zu der Idee von Nature als Kulisse. Als je een vorm van ego\u00efsme hebt, die als begeistert wordt.<\/p>\t\t\t\t\t\t\t\t<\/div>\n\t\t\t\t<\/div>\n\t\t\t\t<div class=\"elementor-element elementor-element-e634dd3 elementor-blockquote--skin-border elementor-widget elementor-widget-blockquote\" data-id=\"e634dd3\" data-element_type=\"widget\" data-e-type=\"widget\" data-widget_type=\"blockquote.default\">\n\t\t\t\t<div class=\"elementor-widget-container\">\n\t\t\t\t\t\t\t<blockquote class=\"elementor-blockquote\">\n\t\t\t<p class=\"elementor-blockquote__content\">\n\t\t\t\tEr is geen morele verantwoordelijkheid en geen controle meer over het zicht. Het is een einladung, de eigen weg waar je niet aan denkt. Nicht weiter zu gehen \u2013 sondern bewusster.\t\t\t<\/p>\n\t\t\t\t\t<\/blockquote>\n\t\t\t\t\t\t<\/div>\n\t\t\t\t<\/div>\n\t\t\t\t<div class=\"elementor-element elementor-element-64dfafb elementor-widget elementor-widget-image\" data-id=\"64dfafb\" data-element_type=\"widget\" data-e-type=\"widget\" data-widget_type=\"image.default\">\n\t\t\t\t<div class=\"elementor-widget-container\">\n\t\t\t\t\t\t\t\t\t\t\t\t\t\t\t<img loading=\"lazy\" decoding=\"async\" width=\"1024\" height=\"682\" src=\"https:\/\/naturefirst.org\/wp-content\/uploads\/Roth_Footprint_Essay_07-1024x682.jpg\" class=\"attachment-large size-large wp-image-5684\" alt=\"\" srcset=\"https:\/\/naturefirst.org\/wp-content\/uploads\/Roth_Footprint_Essay_07-1024x682.jpg 1024w, https:\/\/naturefirst.org\/wp-content\/uploads\/Roth_Footprint_Essay_07-500x333.jpg 500w, https:\/\/naturefirst.org\/wp-content\/uploads\/Roth_Footprint_Essay_07-768x512.jpg 768w, https:\/\/naturefirst.org\/wp-content\/uploads\/Roth_Footprint_Essay_07-1536x1024.jpg 1536w, https:\/\/naturefirst.org\/wp-content\/uploads\/Roth_Footprint_Essay_07-18x12.jpg 18w, https:\/\/naturefirst.org\/wp-content\/uploads\/Roth_Footprint_Essay_07.jpg 2000w\" sizes=\"(max-width: 1024px) 100vw, 1024px\" \/>\t\t\t\t\t\t\t\t\t\t\t\t\t\t\t<\/div>\n\t\t\t\t<\/div>\n\t\t\t\t<div class=\"elementor-element elementor-element-aa6e3d9 elementor-widget elementor-widget-text-editor\" data-id=\"aa6e3d9\" data-element_type=\"widget\" data-e-type=\"widget\" data-widget_type=\"text-editor.default\">\n\t\t\t\t<div class=\"elementor-widget-container\">\n\t\t\t\t\t\t\t\t\t<h6><strong>Episches Licht \u00fcber den toskanischen H\u00fcgeln? Of is het een zonovergang in het Amerikaanse Westen?<\/strong> Nee. Dit is het ijskoude Alendorf in de Eifel, 75 minuten onderweg.<\/h6>\t\t\t\t\t\t\t\t<\/div>\n\t\t\t\t<\/div>\n\t\t\t\t<div class=\"elementor-element elementor-element-47921d4 elementor-widget elementor-widget-heading\" data-id=\"47921d4\" data-element_type=\"widget\" data-e-type=\"widget\" data-widget_type=\"heading.default\">\n\t\t\t\t<div class=\"elementor-widget-container\">\n\t\t\t\t\t<h2 class=\"elementor-heading-title elementor-size-default\">Fazit: Die Zukunft der Natuurfotografie begint voor de Haust\u00fcr<\/h2>\t\t\t\t<\/div>\n\t\t\t\t<\/div>\n\t\t\t\t<div class=\"elementor-element elementor-element-da3dd62 elementor-widget elementor-widget-text-editor\" data-id=\"da3dd62\" data-element_type=\"widget\" data-e-type=\"widget\" data-widget_type=\"text-editor.default\">\n\t\t\t\t<div class=\"elementor-widget-container\">\n\t\t\t\t\t\t\t\t\t<p>Die ethische bilanz eines foto&#039;s zijn niet in de rand van de beelden terechtgekomen. Je begint een lange tijd. Bij de Entscheidung, wie dorthin gelangt. Bij de Frage, welke Spuren man hinterl\u00e4sst, noch voor de Ausl\u00f6ser gedr\u00fcckt wird.<\/p><p>Natuurfotografie is vaak een motivatie, een orte, een ergebnisse. Seltener \u00fcber den Weg. Het is de moeite waard om de weg te gaan die het grote deel van de verkoopstrategie bevat. Fernreisen f\u00fcr ein einzelnes Bild lassen sich Immer schwerer rechtfertigen, wanneer man genauer hinsieht. Niet dat we reis-grunds\u00e4tzlich vals zijn, maar het is vaak zo dat reflexhaft is geworden. Weil Distanz mit Bedeutung verwechselt wird.<\/p><p>Als je langer met fotografie bezig bent, is dit duidelijker: de foto van de natuurfotografie ligt niet in de meest spectaculaire vorm. Ze liggen in een andere Haltung. In een R\u00fcckbesinnung auf N\u00e4he, auf Aufmerksamkeit, auf Zeit. Het is altijd goed, we zijn effici\u00ebnt, we kunnen altijd vooruitgaan. En gerade deshalb ehrlicher.<\/p>\t\t\t\t\t\t\t\t<\/div>\n\t\t\t\t<\/div>\n\t\t\t\t<div class=\"elementor-element elementor-element-3f14739 elementor-widget elementor-widget-image\" data-id=\"3f14739\" data-element_type=\"widget\" data-e-type=\"widget\" data-widget_type=\"image.default\">\n\t\t\t\t<div class=\"elementor-widget-container\">\n\t\t\t\t\t\t\t\t\t\t\t\t\t\t\t<img loading=\"lazy\" decoding=\"async\" width=\"1024\" height=\"512\" src=\"https:\/\/naturefirst.org\/wp-content\/uploads\/Roth_Footprint_Essay_08-1024x512.jpg\" class=\"attachment-large size-large wp-image-5676\" alt=\"\" srcset=\"https:\/\/naturefirst.org\/wp-content\/uploads\/Roth_Footprint_Essay_08-1024x512.jpg 1024w, https:\/\/naturefirst.org\/wp-content\/uploads\/Roth_Footprint_Essay_08-500x250.jpg 500w, https:\/\/naturefirst.org\/wp-content\/uploads\/Roth_Footprint_Essay_08-768x384.jpg 768w, https:\/\/naturefirst.org\/wp-content\/uploads\/Roth_Footprint_Essay_08-1536x768.jpg 1536w, https:\/\/naturefirst.org\/wp-content\/uploads\/Roth_Footprint_Essay_08-18x9.jpg 18w, https:\/\/naturefirst.org\/wp-content\/uploads\/Roth_Footprint_Essay_08.jpg 2000w\" sizes=\"(max-width: 1024px) 100vw, 1024px\" \/>\t\t\t\t\t\t\t\t\t\t\t\t\t\t\t<\/div>\n\t\t\t\t<\/div>\n\t\t\t\t<div class=\"elementor-element elementor-element-ae99bf5 elementor-widget elementor-widget-text-editor\" data-id=\"ae99bf5\" data-element_type=\"widget\" data-e-type=\"widget\" data-widget_type=\"text-editor.default\">\n\t\t\t\t<div class=\"elementor-widget-container\">\n\t\t\t\t\t\t\t\t\t<h6><strong>Einsamer Baum vor dramatische Sonnenaufgang: Eine Szene aus der Afrikaanse Savanne?<\/strong> Nee. Dieser Solit\u00e4rbaum steht Nahe dem Ort Schuld in Ahrtal.<\/h6>\t\t\t\t\t\t\t\t<\/div>\n\t\t\t\t<\/div>\n\t\t\t\t<div class=\"elementor-element elementor-element-2527c68 elementor-widget elementor-widget-text-editor\" data-id=\"2527c68\" data-element_type=\"widget\" data-e-type=\"widget\" data-widget_type=\"text-editor.default\">\n\t\t\t\t<div class=\"elementor-widget-container\">\n\t\t\t\t\t\t\t\t\t<p>Het grimmige beeld is slechts een van de weinige dingen die mensen drinken. Als u in de buurt bent, moet u een andere weg inslaan. Wo Licht nicht erwartet, sondern beobachtet wird. Wo ein Moment niemanden verdr\u00e4ngen muss, um existieren zu d\u00fcrfen.<\/p><p>Als fotografie een begin maakt met het feit dat het mogelijk is om dit te doen. Niet esthetisch, noch moreel. Dann zei een beeld te hebben gekregen van een landschaft, dat op de hoogte is van de vraag waar het om gaat.<\/p>\t\t\t\t\t\t\t\t<\/div>\n\t\t\t\t<\/div>\n\t\t\t\t<div class=\"elementor-element elementor-element-1286106 elementor-blockquote--skin-border elementor-widget elementor-widget-blockquote\" data-id=\"1286106\" data-element_type=\"widget\" data-e-type=\"widget\" data-widget_type=\"blockquote.default\">\n\t\t\t\t<div class=\"elementor-widget-container\">\n\t\t\t\t\t\t\t<blockquote class=\"elementor-blockquote\">\n\t\t\t<p class=\"elementor-blockquote__content\">\n\t\t\t\tHet vielleicht is het afzonderlijke fragment van de natuurfotografie, maar het is niet zo dat het goed is. Soms is het zo dat u met het geld, met de tijd, met de merksamkeit te maken krijgt.\t\t\t<\/p>\n\t\t\t\t\t<\/blockquote>\n\t\t\t\t\t\t<\/div>\n\t\t\t\t<\/div>\n\t\t\t\t<div class=\"elementor-element elementor-element-33389d6 elementor-blockquote--skin-border elementor-widget elementor-widget-blockquote\" data-id=\"33389d6\" data-element_type=\"widget\" data-e-type=\"widget\" data-widget_type=\"blockquote.default\">\n\t\t\t\t<div class=\"elementor-widget-container\">\n\t\t\t\t\t\t\t<blockquote class=\"elementor-blockquote\">\n\t\t\t<p class=\"elementor-blockquote__content\">\n\t\t\t\tAls u begint te werken, is het nog nooit zo ver gekomen dat er nog meer zugelassen zijn.\t\t\t<\/p>\n\t\t\t\t\t<\/blockquote>\n\t\t\t\t\t\t<\/div>\n\t\t\t\t<\/div>\n\t\t\t\t<div class=\"elementor-element elementor-element-7870f5c elementor-widget elementor-widget-text-editor\" data-id=\"7870f5c\" data-element_type=\"widget\" data-e-type=\"widget\" data-widget_type=\"text-editor.default\">\n\t\t\t\t<div class=\"elementor-widget-container\">\n\t\t\t\t\t\t\t\t\t<p>Bildnachweise:<br \/>Fotografie in Beitrag \u00a9 Lars-Henrik Roth.<br \/>Titelillustratie: KI-generierte Illustration, konzipiert vom Autor.<\/p>\t\t\t\t\t\t\t\t<\/div>\n\t\t\t\t<\/div>\n\t\t\t\t<div class=\"elementor-element elementor-element-3aca5d0 elementor-widget-divider--view-line elementor-widget elementor-widget-divider\" data-id=\"3aca5d0\" data-element_type=\"widget\" data-e-type=\"widget\" data-widget_type=\"divider.default\">\n\t\t\t\t<div class=\"elementor-widget-container\">\n\t\t\t\t\t\t\t<div class=\"elementor-divider\">\n\t\t\t<span class=\"elementor-divider-separator\">\n\t\t\t\t\t\t<\/span>\n\t\t<\/div>\n\t\t\t\t\t\t<\/div>\n\t\t\t\t<\/div>\n\t\t\t\t\t<\/div>\n\t\t<\/div>\n\t\t\t\t\t<\/div>\n\t\t<\/section>\n\t\t\t\t<\/div>","protected":false},"excerpt":{"rendered":"<p>Een essay over een blinde Fleck in de natuurfotografie: Nicht nur der Spot hinterl\u00e4sst Spuren \u2013 auch der Weg dorthin. Warum N\u00e4he (vaak schon im 90-Minuten-Radius) Verantwortung en Kreativ\u00e4t zullen zo lang mogelijk zijn \u2013 en wie bewusstes Gehen das Sehen ver\u00e4ndert.<\/p>","protected":false},"author":6605,"featured_media":5678,"comment_status":"closed","ping_status":"open","sticky":false,"template":"","format":"standard","meta":{"_mo_disable_npp":"","site-sidebar-layout":"default","site-content-layout":"","ast-site-content-layout":"default","site-content-style":"default","site-sidebar-style":"default","ast-global-header-display":"","ast-banner-title-visibility":"","ast-main-header-display":"","ast-hfb-above-header-display":"","ast-hfb-below-header-display":"","ast-hfb-mobile-header-display":"","site-post-title":"","ast-breadcrumbs-content":"","ast-featured-img":"","footer-sml-layout":"","ast-disable-related-posts":"","theme-transparent-header-meta":"","adv-header-id-meta":"","stick-header-meta":"","header-above-stick-meta":"","header-main-stick-meta":"","header-below-stick-meta":"","astra-migrate-meta-layouts":"set","ast-page-background-enabled":"default","ast-page-background-meta":{"desktop":{"background-color":"","background-image":"","background-repeat":"repeat","background-position":"center center","background-size":"auto","background-attachment":"scroll","background-type":"","background-media":"","overlay-type":"","overlay-color":"","overlay-opacity":"","overlay-gradient":""},"tablet":{"background-color":"","background-image":"","background-repeat":"repeat","background-position":"center center","background-size":"auto","background-attachment":"scroll","background-type":"","background-media":"","overlay-type":"","overlay-color":"","overlay-opacity":"","overlay-gradient":""},"mobile":{"background-color":"","background-image":"","background-repeat":"repeat","background-position":"center center","background-size":"auto","background-attachment":"scroll","background-type":"","background-media":"","overlay-type":"","overlay-color":"","overlay-opacity":"","overlay-gradient":""}},"ast-content-background-meta":{"desktop":{"background-color":"var(--ast-global-color-5)","background-image":"","background-repeat":"repeat","background-position":"center center","background-size":"auto","background-attachment":"scroll","background-type":"","background-media":"","overlay-type":"","overlay-color":"","overlay-opacity":"","overlay-gradient":""},"tablet":{"background-color":"var(--ast-global-color-5)","background-image":"","background-repeat":"repeat","background-position":"center center","background-size":"auto","background-attachment":"scroll","background-type":"","background-media":"","overlay-type":"","overlay-color":"","overlay-opacity":"","overlay-gradient":""},"mobile":{"background-color":"var(--ast-global-color-5)","background-image":"","background-repeat":"repeat","background-position":"center center","background-size":"auto","background-attachment":"scroll","background-type":"","background-media":"","overlay-type":"","overlay-color":"","overlay-opacity":"","overlay-gradient":""}},"footnotes":""},"categories":[1],"tags":[],"ppma_author":[70],"class_list":["post-5671","post","type-post","status-publish","format-standard","has-post-thumbnail","hentry","category-uncategorized"],"aioseo_notices":[],"authors":[{"term_id":70,"user_id":6605,"is_guest":0,"slug":"wanderspezi","display_name":"Lars-Henrik Roth","avatar_url":"https:\/\/naturefirst.org\/wp-content\/litespeed\/avatar\/973c5611ec7a7459d5e960f39eb661ff.jpg?ver=1776705633","0":null,"1":"","2":"","3":"","4":"","5":"","6":"","7":"","8":""}],"_links":{"self":[{"href":"https:\/\/naturefirst.org\/nl\/wp-json\/wp\/v2\/posts\/5671","targetHints":{"allow":["GET"]}}],"collection":[{"href":"https:\/\/naturefirst.org\/nl\/wp-json\/wp\/v2\/posts"}],"about":[{"href":"https:\/\/naturefirst.org\/nl\/wp-json\/wp\/v2\/types\/post"}],"author":[{"embeddable":true,"href":"https:\/\/naturefirst.org\/nl\/wp-json\/wp\/v2\/users\/6605"}],"replies":[{"embeddable":true,"href":"https:\/\/naturefirst.org\/nl\/wp-json\/wp\/v2\/comments?post=5671"}],"version-history":[{"count":40,"href":"https:\/\/naturefirst.org\/nl\/wp-json\/wp\/v2\/posts\/5671\/revisions"}],"predecessor-version":[{"id":5780,"href":"https:\/\/naturefirst.org\/nl\/wp-json\/wp\/v2\/posts\/5671\/revisions\/5780"}],"wp:featuredmedia":[{"embeddable":true,"href":"https:\/\/naturefirst.org\/nl\/wp-json\/wp\/v2\/media\/5678"}],"wp:attachment":[{"href":"https:\/\/naturefirst.org\/nl\/wp-json\/wp\/v2\/media?parent=5671"}],"wp:term":[{"taxonomy":"category","embeddable":true,"href":"https:\/\/naturefirst.org\/nl\/wp-json\/wp\/v2\/categories?post=5671"},{"taxonomy":"post_tag","embeddable":true,"href":"https:\/\/naturefirst.org\/nl\/wp-json\/wp\/v2\/tags?post=5671"},{"taxonomy":"author","embeddable":true,"href":"https:\/\/naturefirst.org\/nl\/wp-json\/wp\/v2\/ppma_author?post=5671"}],"curies":[{"name":"wp","href":"https:\/\/api.w.org\/{rel}","templated":true}]}}