{"id":1252,"date":"2020-10-15T14:18:54","date_gmt":"2020-10-15T14:18:54","guid":{"rendered":"https:\/\/naturefirst.org\/2020-10-10-meet-our-staff-1-kristel-schneider\/"},"modified":"2022-12-02T14:17:19","modified_gmt":"2022-12-02T21:17:19","slug":"meet-our-staff-kristel-schneider","status":"publish","type":"post","link":"https:\/\/naturefirst.org\/pl\/news-items\/2020\/10\/15\/meet-our-staff-kristel-schneider\/","title":{"rendered":"Poznaj nasz personel: Kristel Schneider"},"content":{"rendered":"<div data-elementor-type=\"wp-post\" data-elementor-id=\"1252\" class=\"elementor elementor-1252\" data-elementor-post-type=\"post\">\n\t\t\t\t\t\t<section class=\"elementor-section elementor-top-section elementor-element elementor-element-3de055c elementor-section-boxed elementor-section-height-default elementor-section-height-default\" data-id=\"3de055c\" data-element_type=\"section\" data-e-type=\"section\">\n\t\t\t\t\t\t<div class=\"elementor-container elementor-column-gap-default\">\n\t\t\t\t\t<div class=\"elementor-column elementor-col-100 elementor-top-column elementor-element elementor-element-0d6b7b2\" data-id=\"0d6b7b2\" data-element_type=\"column\" data-e-type=\"column\">\n\t\t\t<div class=\"elementor-widget-wrap elementor-element-populated\">\n\t\t\t\t\t\t<div class=\"elementor-element elementor-element-45faf89 elementor-widget elementor-widget-post-info\" data-id=\"45faf89\" data-element_type=\"widget\" data-e-type=\"widget\" data-widget_type=\"post-info.default\">\n\t\t\t\t<div class=\"elementor-widget-container\">\n\t\t\t\t\t\t\t<ul class=\"elementor-inline-items elementor-icon-list-items elementor-post-info\">\n\t\t\t\t\t\t\t\t<li class=\"elementor-icon-list-item elementor-repeater-item-54fea90 elementor-inline-item\" itemprop=\"datePublished\">\n\t\t\t\t\t\t<a href=\"https:\/\/naturefirst.org\/pl\/news-items\/2020\/10\/15\/\">\n\t\t\t\t\t\t\t\t\t\t\t<span class=\"elementor-icon-list-icon\">\n\t\t\t\t\t\t\t\t<i aria-hidden=\"true\" class=\"fas fa-calendar\"><\/i>\t\t\t\t\t\t\t<\/span>\n\t\t\t\t\t\t\t\t\t<span class=\"elementor-icon-list-text elementor-post-info__item elementor-post-info__item--type-date\">\n\t\t\t\t\t\t\t\t\t\t<time>15 pa\u017adziernika 2020<\/time>\t\t\t\t\t<\/span>\n\t\t\t\t\t\t\t\t\t<\/a>\n\t\t\t\t<\/li>\n\t\t\t\t<\/ul>\n\t\t\t\t\t\t<\/div>\n\t\t\t\t<\/div>\n\t\t\t\t<div class=\"elementor-element elementor-element-c485f67 elementor-widget elementor-widget-text-editor\" data-id=\"c485f67\" data-element_type=\"widget\" data-e-type=\"widget\" data-widget_type=\"text-editor.default\">\n\t\t\t\t<div class=\"elementor-widget-container\">\n\t\t\t\t\t\t\t\t\t<div id=\"yui_3_17_2_1_1668098440692_379\" class=\"row sqs-row\"><div class=\"col sqs-col-5 span-5\"><div id=\"block-ad6fe91b2d4c6a861dcc\" class=\"sqs-block html-block sqs-block-html\" data-block-type=\"2\"><div class=\"sqs-block-content\"><p class=\"\"><img fetchpriority=\"high\" decoding=\"async\" class=\"alignleft wp-image-1505\" src=\"https:\/\/naturefirst.org\/wp-content\/uploads\/NatureFirst_MeetourStaff_KristelSchneider-500x419.jpg\" alt=\"\" width=\"400\" height=\"335\" srcset=\"https:\/\/naturefirst.org\/wp-content\/uploads\/NatureFirst_MeetourStaff_KristelSchneider-500x419.jpg 500w, https:\/\/naturefirst.org\/wp-content\/uploads\/NatureFirst_MeetourStaff_KristelSchneider-768x644.jpg 768w, https:\/\/naturefirst.org\/wp-content\/uploads\/NatureFirst_MeetourStaff_KristelSchneider-14x12.jpg 14w, https:\/\/naturefirst.org\/wp-content\/uploads\/NatureFirst_MeetourStaff_KristelSchneider.jpg 940w\" sizes=\"(max-width: 400px) 100vw, 400px\" \/>W Nature First mamy wspania\u0142\u0105 spo\u0142eczno\u015b\u0107 sk\u0142adaj\u0105c\u0105 si\u0119 z ludzi, kt\u00f3rym bardzo zale\u017cy na ochronie dzikiej przyrody, kt\u00f3r\u0105 kochamy, i kt\u00f3rzy ci\u0119\u017cko pracuj\u0105, aby ten sojusz by\u0142 mo\u017cliwy. Kristel Schneider zaczyna\u0142a jako pierwsza Adwokat w Holandii i Belgii, a obecnie jest naszym Dyrektorem ds. Rzecznik\u00f3w Spo\u0142ecznych. Mo\u017cesz zobaczy\u0107, jak z pasj\u0105 pracuje za kulisami, \u0142\u0105cz\u0105c cz\u0142onk\u00f3w i kraje oraz jednocz\u0105c nas wszystkich w tej ekscytuj\u0105cej sprawie.<\/p><\/div><\/div><\/div><\/div><div id=\"block-yui_3_17_2_1_1602339548225_71114\" class=\"sqs-block html-block sqs-block-html\" data-block-type=\"2\"><div class=\"sqs-block-content\"><p class=\"\">Mia\u0142em ekscytuj\u0105c\u0105 okazj\u0119 zapyta\u0107 o jej przesz\u0142o\u015b\u0107, aby lepiej j\u0105 pozna\u0107 i zrozumie\u0107, co robi dla Nature First\u2026<\/p><p class=\"\"><strong><em>Jennifer: Opowiedz nam troch\u0119 o sobie. Sk\u0105d jeste\u015b i jak trafi\u0142a\u015b do fotografii przyrodniczej?<\/em>\u00a0<\/strong><\/p><p class=\"\"><strong>Kristel:<\/strong>\u00a0 Urodzi\u0142em si\u0119 w Holandii i du\u017c\u0105 cz\u0119\u015b\u0107 mojego doros\u0142ego \u017cycia sp\u0119dzi\u0142em w Amsterdamie. Studiowa\u0142am Zarz\u0105dzanie Zasobami Ludzkimi i Komunikacj\u0119, a ostatnie sze\u015b\u0107 lat mojej innej kariery zawodowej pracowa\u0142am jako Doradca ds. Komunikacji w firmie farmaceutycznej. Moja fotografia by\u0142a wtedy g\u0142\u00f3wnie \u201efotografi\u0105 uliczn\u0105\u201d. Wszystko si\u0119 zmieni\u0142o, kiedy zacz\u0105\u0142em bra\u0107 lekcje malarstwa w Amsterdamie, moim rodzinnym mie\u015bcie. Niestety, szybko zda\u0142em sobie spraw\u0119, \u017ce nie umiem zbyt dobrze rysowa\u0107 i powiedzmy, \u017ce bardzo szybko sta\u0142em si\u0119 malarzem abstrakcyjnym. Dobr\u0105 rzecz\u0105 by\u0142o to, \u017ce mia\u0142o to du\u017cy wp\u0142yw na moj\u0105 fotografi\u0119. Zacz\u0105\u0142em przygl\u0105da\u0107 si\u0119 innym przedmiotom, bardziej szczeg\u00f3\u0142owo i zainteresowa\u0142y mnie struktury i tekstury. Nazwijmy to momentem zasiewu mojej abstrakcyjnej fotografii. Momentem, kt\u00f3ry zmieni\u0142 wszystko w moim \u017cyciu, a co za tym idzie r\u00f3wnie\u017c w fotografii, by\u0142 moment przeprowadzki z Holandii do Francji, z du\u017cego miasta na wie\u015b. W roku, w kt\u00f3rym sko\u0144czy\u0142am czterdzie\u015bci lat, postanowi\u0142am zrezygnowa\u0107 z pracy w komunikacji, aby ca\u0142kowicie po\u015bwi\u0119ci\u0107 si\u0119 swojej pasji, fotografii. Po dw\u00f3ch latach zosta\u0142em pe\u0142noetatowym fotografem sztuki i przyrody oraz instruktorem warsztat\u00f3w\/wycieczek fotograficznych. To szcz\u0119\u015bcie, \u017ce moja praca zosta\u0142a opublikowana i \u017ce mog\u0119 j\u0105 prezentowa\u0107 w ca\u0142ej Europie, a nawet dalej. I nawet w takich trudnych czasach nigdy nie \u017ca\u0142uj\u0119 podj\u0119cia decyzji o \u201ezmianie \u017cycia\u201d.\u00a0<\/p><\/div><\/div>\t\t\t\t\t\t\t\t<\/div>\n\t\t\t\t<\/div>\n\t\t\t\t\t<\/div>\n\t\t<\/div>\n\t\t\t\t\t<\/div>\n\t\t<\/section>\n\t\t\t\t<section class=\"elementor-section elementor-top-section elementor-element elementor-element-701831b elementor-section-boxed elementor-section-height-default elementor-section-height-default\" data-id=\"701831b\" data-element_type=\"section\" data-e-type=\"section\">\n\t\t\t\t\t\t<div class=\"elementor-container elementor-column-gap-default\">\n\t\t\t\t\t<div class=\"elementor-column elementor-col-100 elementor-top-column elementor-element elementor-element-0fe840a\" data-id=\"0fe840a\" data-element_type=\"column\" data-e-type=\"column\">\n\t\t\t<div class=\"elementor-widget-wrap elementor-element-populated\">\n\t\t\t\t\t\t<div class=\"elementor-element elementor-element-7e39d85 elementor-widget elementor-widget-image\" data-id=\"7e39d85\" data-element_type=\"widget\" data-e-type=\"widget\" data-widget_type=\"image.default\">\n\t\t\t\t<div class=\"elementor-widget-container\">\n\t\t\t\t\t\t\t\t\t\t\t\t\t\t\t<img decoding=\"async\" width=\"800\" height=\"450\" src=\"https:\/\/naturefirst.org\/wp-content\/uploads\/Evening-light-forest-by-Kristel-Schneider_800pix.jpg\" class=\"attachment-large size-large wp-image-1506\" alt=\"\" srcset=\"https:\/\/naturefirst.org\/wp-content\/uploads\/Evening-light-forest-by-Kristel-Schneider_800pix.jpg 800w, https:\/\/naturefirst.org\/wp-content\/uploads\/Evening-light-forest-by-Kristel-Schneider_800pix-500x281.jpg 500w, https:\/\/naturefirst.org\/wp-content\/uploads\/Evening-light-forest-by-Kristel-Schneider_800pix-768x432.jpg 768w, https:\/\/naturefirst.org\/wp-content\/uploads\/Evening-light-forest-by-Kristel-Schneider_800pix-18x10.jpg 18w\" sizes=\"(max-width: 800px) 100vw, 800px\" \/>\t\t\t\t\t\t\t\t\t\t\t\t\t\t\t<\/div>\n\t\t\t\t<\/div>\n\t\t\t\t\t<\/div>\n\t\t<\/div>\n\t\t\t\t\t<\/div>\n\t\t<\/section>\n\t\t\t\t<section class=\"elementor-section elementor-top-section elementor-element elementor-element-7ff65a9 elementor-section-boxed elementor-section-height-default elementor-section-height-default\" data-id=\"7ff65a9\" data-element_type=\"section\" data-e-type=\"section\">\n\t\t\t\t\t\t<div class=\"elementor-container elementor-column-gap-default\">\n\t\t\t\t\t<div class=\"elementor-column elementor-col-100 elementor-top-column elementor-element elementor-element-36d75a4\" data-id=\"36d75a4\" data-element_type=\"column\" data-e-type=\"column\">\n\t\t\t<div class=\"elementor-widget-wrap elementor-element-populated\">\n\t\t\t\t\t\t<div class=\"elementor-element elementor-element-5a6b07b elementor-widget elementor-widget-text-editor\" data-id=\"5a6b07b\" data-element_type=\"widget\" data-e-type=\"widget\" data-widget_type=\"text-editor.default\">\n\t\t\t\t<div class=\"elementor-widget-container\">\n\t\t\t\t\t\t\t\t\t<div id=\"block-yui_3_17_2_1_1602339548225_18309\" class=\"sqs-block html-block sqs-block-html\" data-block-type=\"2\"><div class=\"sqs-block-content\"><p class=\"\"><strong><em>Jennifer: Opowiedz nam troch\u0119 o swoim stylu fotografowania i tematach, kt\u00f3re lubisz fotografowa\u0107.<\/em><\/strong><em>\u00a0<\/em><\/p><p class=\"\"><strong>Kristel: <\/strong>W ci\u0105gu ostatnich kilku lat zg\u0142\u0119bi\u0142em wiele r\u00f3\u017cnych technik i zauwa\u017cy\u0142em, \u017ce przek\u0142adam swoje osobiste uczucia na Natur\u0119 na moj\u0105 prac\u0119. Du\u017cy wp\u0142yw na m\u00f3j proces tw\u00f3rczy i decyzj\u0119 o tym, jakie podej\u015bcie wybra\u0107, zale\u017cy, obok \u015bwiat\u0142a i warunk\u00f3w pogodowych, jeszcze bardziej od mojego osobistego nastroju w danym momencie. Mo\u017cna powiedzie\u0107, \u017ce jestem bardziej fotografem przej\u015bciowym. Kiedy Natura pokazuje pocz\u0105tek lub koniec sezonu. Cz\u0119sto mo\u017cna mnie zainspirowa\u0107 intymnymi scenami, szczeg\u00f3\u0142ami natury lub po prostu graficznymi teksturami. Uwielbiam kontrast kolor\u00f3w w tych przej\u015bciowych porach roku, gdy p\u0105ki li\u015bci dopiero si\u0119 otwieraj\u0105, tworz\u0105c r\u00f3\u017cow\u0105 lub czerwon\u0105 po\u015bwiat\u0119 w dolinie lub pierwsze \u015bwie\u017ce zielenie z p\u00f3\u017anymi opadami \u015bniegu odbijaj\u0105cymi si\u0119 w strumieniu wody. To, co mo\u017ce mnie ekscytowa\u0107, to po\u0142\u0105czenie silnego wiatru zmieszanego z opadami \u015bniegu. Moja abstrakcyjna cz\u0119\u015b\u0107 m\u00f3zgu natychmiast si\u0119 uruchamia. Kiedy pracuj\u0119 nad projektem, lubi\u0119 fotografowa\u0107 lokalnie i wybiera\u0107 tematy, kt\u00f3re s\u0105 nam wsp\u00f3lne i bliskie sercu. Staram si\u0119, aby ludzie inaczej patrzyli na swoje bezpo\u015brednie otoczenie, na to, \u017ce naturalne pi\u0119kno jest wsz\u0119dzie wok\u00f3\u0142. Z moim pierwszym projektem <a href=\"https:\/\/www.kristelschneiderphotography.com\/p\/book-variations-in\">\u201eWariacje na drzewach\u201d,<\/a> Prawie pi\u0119\u0107 lat pracowa\u0142am w moim nowym adoptowanym regionie, tworz\u0105c kompozycje z drzew pospolitych. Efektem by\u0142y dwie wystawy i ksi\u0105\u017cka. Do mojego nowego projektu, kt\u00f3ry rozpocz\u0105\u0142em tu\u017c przed uderzeniem wirusa Covid-19, ponownie wybra\u0142em wsp\u00f3lny i lokalny temat. Tym razem inne podej\u015bcie ni\u017c przy projekcie z drzewami. Wi\u0119cej planowania i rozpoznania, ale wci\u0105\u017c inspiruje mnie Natura. Wi\u0119cej o nowym projekcie opowiem, gdy b\u0119d\u0119 troch\u0119 dalej.\u00a0<\/p><\/div><\/div><div id=\"yui_3_17_2_1_1668098440692_422\" class=\"row sqs-row\"><div id=\"yui_3_17_2_1_1668098440692_762\" class=\"col sqs-col-5 span-5\"><div id=\"block-yui_3_17_2_1_1602339548225_27754\" class=\"sqs-block quote-block sqs-block-quote null\" data-block-type=\"31\"><div class=\"sqs-block-content\"><figure class=\"block-animation-none\"><blockquote data-animation-role=\"quote\">\u201eKiedy Natura pokazuje pocz\u0105tek lub koniec sezonu. Cz\u0119sto mo\u017cna mnie zainspirowa\u0107 intymnymi scenami, szczeg\u00f3\u0142ami natury lub po prostu graficznymi teksturami.<\/blockquote><\/figure><\/div><\/div><\/div><\/div>\t\t\t\t\t\t\t\t<\/div>\n\t\t\t\t<\/div>\n\t\t\t\t\t<\/div>\n\t\t<\/div>\n\t\t\t\t\t<\/div>\n\t\t<\/section>\n\t\t\t\t<section class=\"elementor-section elementor-top-section elementor-element elementor-element-3065654 elementor-section-boxed elementor-section-height-default elementor-section-height-default\" data-id=\"3065654\" data-element_type=\"section\" data-e-type=\"section\">\n\t\t\t\t\t\t<div class=\"elementor-container elementor-column-gap-default\">\n\t\t\t\t\t<div class=\"elementor-column elementor-col-100 elementor-top-column elementor-element elementor-element-9504c0d\" data-id=\"9504c0d\" data-element_type=\"column\" data-e-type=\"column\">\n\t\t\t<div class=\"elementor-widget-wrap elementor-element-populated\">\n\t\t\t\t\t\t<div class=\"elementor-element elementor-element-c1f9b67 elementor-widget elementor-widget-image\" data-id=\"c1f9b67\" data-element_type=\"widget\" data-e-type=\"widget\" data-widget_type=\"image.default\">\n\t\t\t\t<div class=\"elementor-widget-container\">\n\t\t\t\t\t\t\t\t\t\t\t\t\t\t\t<img decoding=\"async\" width=\"800\" height=\"533\" src=\"https:\/\/naturefirst.org\/wp-content\/uploads\/Two-seasons-meet-by-Kristel-Schneider_800px.jpg\" class=\"attachment-large size-large wp-image-1507\" alt=\"\" srcset=\"https:\/\/naturefirst.org\/wp-content\/uploads\/Two-seasons-meet-by-Kristel-Schneider_800px.jpg 800w, https:\/\/naturefirst.org\/wp-content\/uploads\/Two-seasons-meet-by-Kristel-Schneider_800px-500x333.jpg 500w, https:\/\/naturefirst.org\/wp-content\/uploads\/Two-seasons-meet-by-Kristel-Schneider_800px-768x512.jpg 768w, https:\/\/naturefirst.org\/wp-content\/uploads\/Two-seasons-meet-by-Kristel-Schneider_800px-18x12.jpg 18w\" sizes=\"(max-width: 800px) 100vw, 800px\" \/>\t\t\t\t\t\t\t\t\t\t\t\t\t\t\t<\/div>\n\t\t\t\t<\/div>\n\t\t\t\t\t<\/div>\n\t\t<\/div>\n\t\t\t\t\t<\/div>\n\t\t<\/section>\n\t\t\t\t<section class=\"elementor-section elementor-top-section elementor-element elementor-element-8a049f7 elementor-section-boxed elementor-section-height-default elementor-section-height-default\" data-id=\"8a049f7\" data-element_type=\"section\" data-e-type=\"section\">\n\t\t\t\t\t\t<div class=\"elementor-container elementor-column-gap-default\">\n\t\t\t\t\t<div class=\"elementor-column elementor-col-100 elementor-top-column elementor-element elementor-element-534caa0\" data-id=\"534caa0\" data-element_type=\"column\" data-e-type=\"column\">\n\t\t\t<div class=\"elementor-widget-wrap elementor-element-populated\">\n\t\t\t\t\t\t<div class=\"elementor-element elementor-element-4919087 elementor-widget elementor-widget-text-editor\" data-id=\"4919087\" data-element_type=\"widget\" data-e-type=\"widget\" data-widget_type=\"text-editor.default\">\n\t\t\t\t<div class=\"elementor-widget-container\">\n\t\t\t\t\t\t\t\t\t<p class=\"\"><strong><em>Jennifer: Co sk\u0142oni\u0142o ci\u0119 do bycia adwokatem Nature First? Dlaczego Nature First jest dla Ciebie wa\u017cny?\u00a0<\/em><\/strong><\/p><p class=\"\"><strong>Kristel:\u00a0 <\/strong>Po przeczytaniu o Nature First, w zesz\u0142ym roku zarejestrowa\u0142em si\u0119 jako cz\u0142onek. Odpowiedzialna fotografia przyrody to globalny i z\u0142o\u017cony problem. Nie mo\u017cemy go rozwi\u0105za\u0107 jednym prostym dzia\u0142aniem. Jako profesjonalny fotograf i instruktor warsztat\u00f3w\/foto-wycieczek widz\u0119 szybkie zmiany w mojej bran\u017cy. Nasz naturalny \u015bwiat zainspirowa\u0142 wielu fotograf\u00f3w do wyj\u015bcia, nawi\u0105zania kontaktu i bycia kreatywnym. To wyra\u017anie zmieni\u0142o aren\u0119 fotografii przyrodniczej, nie tylko ze wzgl\u0119du na szkody, jakie nasza masowa obecno\u015b\u0107 wyrz\u0105dza Naturze, ale tak\u017ce spos\u00f3b, w jaki si\u0119 zachowujemy. Potrzeba \u0142adnych zdj\u0119\u0107, polowanie na \u201epolubienia\u201d na Facebooku i Instagramie, kopiowanie wizerunk\u00f3w popularnych miejsc docelowych oraz potrzeba bycia pierwszym w publikowaniu rzadkich lokalizacji. Niekt\u00f3rzy fotografowie posuwaj\u0105 si\u0119 do jeszcze wi\u0119kszych ekstrem\u00f3w, aby uzyska\u0107 zdj\u0119cia dzikich miejsc, wyrywania ro\u015blinno\u015bci, przeskakiwania p\u0142ot\u00f3w na tereny l\u0119gowe ptak\u00f3w, niepokojenia dzikiej przyrody\u2026 lista jest d\u0142uga. Wszystko to dla pi\u0119knych zdj\u0119\u0107 przyrody? To sprawi\u0142o, \u017ce chcia\u0142em zrobi\u0107 co\u015b wi\u0119cej ni\u017c tylko umie\u015bci\u0107 swoje nazwisko na li\u015bcie cz\u0142onk\u00f3w. Jako profesjonalny fotograf my\u015bl\u0119, \u017ce wszyscy mamy do odegrania wa\u017cn\u0105 rol\u0119. Promowanie tych zasad Nature First i wdra\u017canie ich w naszej pracy to pierwszy krok, ale samo to nie wystarczy. Musimy podnie\u015b\u0107 \u015bwiadomo\u015b\u0107, edukuj\u0105c innych na temat znaczenia dobrego zarz\u0105dzania i pokazuj\u0105c, \u017ce mo\u017cliwe jest tworzenie obraz\u00f3w Natury bez jej niszczenia. Miejmy nadziej\u0119, \u017ce w przysz\u0142o\u015bci uda nam si\u0119 uczyni\u0107 odpowiedzialn\u0105 fotografi\u0119 \u201eSTANDARDEM\u201d w fotografii przyrodniczej.\u00a0<\/p>\t\t\t\t\t\t\t\t<\/div>\n\t\t\t\t<\/div>\n\t\t\t\t\t<\/div>\n\t\t<\/div>\n\t\t\t\t\t<\/div>\n\t\t<\/section>\n\t\t\t\t<section class=\"elementor-section elementor-top-section elementor-element elementor-element-3ddb09c elementor-section-boxed elementor-section-height-default elementor-section-height-default\" data-id=\"3ddb09c\" data-element_type=\"section\" data-e-type=\"section\">\n\t\t\t\t\t\t<div class=\"elementor-container elementor-column-gap-default\">\n\t\t\t\t\t<div class=\"elementor-column elementor-col-100 elementor-top-column elementor-element elementor-element-e5f3009\" data-id=\"e5f3009\" data-element_type=\"column\" data-e-type=\"column\">\n\t\t\t<div class=\"elementor-widget-wrap elementor-element-populated\">\n\t\t\t\t\t\t<div class=\"elementor-element elementor-element-fb2ff36 elementor-widget elementor-widget-image\" data-id=\"fb2ff36\" data-element_type=\"widget\" data-e-type=\"widget\" data-widget_type=\"image.default\">\n\t\t\t\t<div class=\"elementor-widget-container\">\n\t\t\t\t\t\t\t\t\t\t\t\t\t\t\t<img loading=\"lazy\" decoding=\"async\" width=\"800\" height=\"533\" src=\"https:\/\/naturefirst.org\/wp-content\/uploads\/Fairytale-forest-by-Kristel-Schneider_800px.jpg\" class=\"attachment-large size-large wp-image-106\" alt=\"\" srcset=\"https:\/\/naturefirst.org\/wp-content\/uploads\/Fairytale-forest-by-Kristel-Schneider_800px.jpg 800w, https:\/\/naturefirst.org\/wp-content\/uploads\/Fairytale-forest-by-Kristel-Schneider_800px-500x333.jpg 500w, https:\/\/naturefirst.org\/wp-content\/uploads\/Fairytale-forest-by-Kristel-Schneider_800px-768x512.jpg 768w, https:\/\/naturefirst.org\/wp-content\/uploads\/Fairytale-forest-by-Kristel-Schneider_800px-18x12.jpg 18w\" sizes=\"(max-width: 800px) 100vw, 800px\" \/>\t\t\t\t\t\t\t\t\t\t\t\t\t\t\t<\/div>\n\t\t\t\t<\/div>\n\t\t\t\t\t<\/div>\n\t\t<\/div>\n\t\t\t\t\t<\/div>\n\t\t<\/section>\n\t\t\t\t<section class=\"elementor-section elementor-top-section elementor-element elementor-element-f73bacd elementor-section-boxed elementor-section-height-default elementor-section-height-default\" data-id=\"f73bacd\" data-element_type=\"section\" data-e-type=\"section\">\n\t\t\t\t\t\t<div class=\"elementor-container elementor-column-gap-default\">\n\t\t\t\t\t<div class=\"elementor-column elementor-col-100 elementor-top-column elementor-element elementor-element-d6dcf20\" data-id=\"d6dcf20\" data-element_type=\"column\" data-e-type=\"column\">\n\t\t\t<div class=\"elementor-widget-wrap elementor-element-populated\">\n\t\t\t\t\t\t<div class=\"elementor-element elementor-element-9f495fd elementor-widget elementor-widget-text-editor\" data-id=\"9f495fd\" data-element_type=\"widget\" data-e-type=\"widget\" data-widget_type=\"text-editor.default\">\n\t\t\t\t<div class=\"elementor-widget-container\">\n\t\t\t\t\t\t\t\t\t<div id=\"block-yui_3_17_2_1_1602339548225_41493\" class=\"sqs-block html-block sqs-block-html\" data-block-type=\"2\"><div class=\"sqs-block-content\"><p class=\"\"><strong><em>Jennifer: Jako nasz dyrektor ds. spo\u0142eczno\u015bci Nature First komunikujesz si\u0119 z innymi cz\u0142onkami Nature First z ca\u0142ego \u015bwiata. To musi by\u0107 ekscytuj\u0105ce widzie\u0107, jak kole\u017ce\u0144stwo tworzy wsp\u00f3lny cel, jakim jest ochrona naszych dzikich miejsc. Co najbardziej lubisz w kontaktach z tymi innymi cz\u0142onkami?<\/em><\/strong><\/p><p class=\"\"><strong>Kristel:\u00a0 <\/strong>Po zostaniu aktywnym cz\u0142onkiem Nature First, w roli Rzecznika Spo\u0142ecznego w Holandii i Belgii, a teraz w mojej nowej roli Dyrektora Rzecznika Spo\u0142ecznego, wyra\u017aniej widz\u0119 misj\u0119 i wizj\u0119 oraz znaczenie ruchu Nature First. Du\u017co rozmawiam teraz z kolegami fotografami i mi\u0142o\u015bnikami przyrody z ca\u0142ego \u015bwiata, kt\u00f3rzy chc\u0105 bardziej aktywnie si\u0119 zaanga\u017cowa\u0107 i do\u0142\u0105czy\u0107 do naszego programu Advocate. Te rozmowy sprawiaj\u0105, \u017ce jestem naprawd\u0119 podekscytowany tym, \u017ce odzyskali\u015bmy ochronn\u0105 i konserwuj\u0105c\u0105 rol\u0119, jak\u0105 pe\u0142nili\u015bmy w fotografii przyrodniczej. Zdaj\u0119 sobie r\u00f3wnie\u017c spraw\u0119, \u017ce to wymaga czasu, ale jednocz\u0105c regiony, narody, a nawet kontynenty, mo\u017cemy inspirowa\u0107, edukowa\u0107 i jednoczy\u0107 wszystkich odpowiedzialnych za fotografowanie i nagrywanie film\u00f3w w Naturze.\u00a0<\/p><\/div><\/div><div id=\"block-yui_3_17_2_1_1602339548225_121264\" class=\"sqs-block quote-block sqs-block-quote null\" data-block-type=\"31\"><div class=\"sqs-block-content\"><figure class=\"block-animation-none\"><blockquote data-animation-role=\"quote\">\u201eDu\u017co rozmawiam teraz z fotografami i mi\u0142o\u015bnikami przyrody z ca\u0142ego \u015bwiata, kt\u00f3rzy chc\u0105 bardziej aktywnie zaanga\u017cowa\u0107 si\u0119 i do\u0142\u0105czy\u0107 do naszego programu Advocate.<\/blockquote><\/figure><\/div><\/div><div id=\"block-yui_3_17_2_1_1602339548225_121328\" class=\"sqs-block html-block sqs-block-html\" data-block-type=\"2\"><div class=\"sqs-block-content\"><p class=\"\"><strong><em>Jennifer: Czy komunikuj\u0105c si\u0119 z innymi cz\u0142onkami z innych kraj\u00f3w, wyra\u017caj\u0105 oni podobne obawy dotycz\u0105ce szk\u00f3d wyrz\u0105dzanych w ich dzikich miejscach, jakie obserwujemy w naszych w\u0142asnych krajach?\u00a0<\/em><\/strong><\/p><p class=\"\"><strong>Kristel:<\/strong>\u00a0 Niestety tak, nie ma znaczenia, czy rozmawiam z cz\u0142onkiem z Chile, Argentyny, Rumunii, Francji czy USA. Wszyscy wspominaj\u0105 o tym samym typie problem\u00f3w. T\u0142umy fotograf\u00f3w, kt\u00f3re ustawiaj\u0105 si\u0119 w kolejce tam, gdzie zauwa\u017cono wyj\u0105tkowe zwierz\u0119, depcz\u0105 grz\u0105dki dzikich kwiat\u00f3w, za\u015bmiecaj\u0105 wsz\u0119dzie w Naturze, nie znaj\u0105c i nie przestrzegaj\u0105c przepis\u00f3w regionalnych park\u00f3w, a nawet przepis\u00f3w lub og\u00f3lny brak szacunku, po prostu nie dbaj\u0105c o to. Cz\u0119sto tylko dla tej jednej chwili s\u0142awy lub uznania, zdobycia \u201epolubie\u0144\u201d lub \u201ezwyci\u0119skiego\u201d wizerunku. Cz\u0142onkowie, kt\u00f3rzy chc\u0105 do\u0142\u0105czy\u0107 do programu Advocate, chc\u0105 spr\u00f3bowa\u0107 zmieni\u0107 to zachowanie, u\u015bwiadamiaj\u0105c ludzi o ich wp\u0142ywie poprzez edukowanie ludzi na temat miejsc, kt\u00f3re kochaj\u0105. Poniewa\u017c wszyscy zdaj\u0105 sobie spraw\u0119, \u017ce je\u015bli nie zmienimy swoich nawyk\u00f3w, by\u0107 mo\u017ce nie b\u0119dziemy mieli drugiej szansy. Chc\u0119 r\u00f3wnie\u017c wspomnie\u0107, \u017ce ci cz\u0142onkowie podejmuj\u0105 trudne role, z chwilami \u015bwi\u0119towania, a na pocz\u0105tku by\u0107 mo\u017ce niepowodzeniami i rozczarowaniami. Wszyscy dobrowolnie inwestuj\u0105 3-5 godzin tygodniowo w Nature First, obok swojej intensywnej pracy i codziennego \u017cycia. Jest to r\u00f3wnie\u017c jeden z powod\u00f3w, dla kt\u00f3rych sprawy wymagaj\u0105 czasu, a niekt\u00f3rzy cz\u0142onkowie mog\u0105 by\u0107 hospitalizowani, ale zdajmy sobie spraw\u0119, \u017ce wszystkimi naszymi ma\u0142ymi kroczkami mo\u017cemy zrobi\u0107 jeden du\u017cy krok naprz\u00f3d w kierunku naszych cel\u00f3w.<\/p><\/div><\/div>\t\t\t\t\t\t\t\t<\/div>\n\t\t\t\t<\/div>\n\t\t\t\t\t<\/div>\n\t\t<\/div>\n\t\t\t\t\t<\/div>\n\t\t<\/section>\n\t\t\t\t<section class=\"elementor-section elementor-top-section elementor-element elementor-element-f7d0f9a elementor-section-boxed elementor-section-height-default elementor-section-height-default\" data-id=\"f7d0f9a\" data-element_type=\"section\" data-e-type=\"section\">\n\t\t\t\t\t\t<div class=\"elementor-container elementor-column-gap-default\">\n\t\t\t\t\t<div class=\"elementor-column elementor-col-100 elementor-top-column elementor-element elementor-element-03162e9\" data-id=\"03162e9\" data-element_type=\"column\" data-e-type=\"column\">\n\t\t\t<div class=\"elementor-widget-wrap elementor-element-populated\">\n\t\t\t\t\t\t<div class=\"elementor-element elementor-element-27ec28f elementor-widget elementor-widget-image\" data-id=\"27ec28f\" data-element_type=\"widget\" data-e-type=\"widget\" data-widget_type=\"image.default\">\n\t\t\t\t<div class=\"elementor-widget-container\">\n\t\t\t\t\t\t\t\t\t\t\t\t\t\t\t<img loading=\"lazy\" decoding=\"async\" width=\"800\" height=\"533\" src=\"https:\/\/naturefirst.org\/wp-content\/uploads\/Morning-mist-by-Kristel-Schneider-_800pix.jpg\" class=\"attachment-large size-large wp-image-1508\" alt=\"\" srcset=\"https:\/\/naturefirst.org\/wp-content\/uploads\/Morning-mist-by-Kristel-Schneider-_800pix.jpg 800w, https:\/\/naturefirst.org\/wp-content\/uploads\/Morning-mist-by-Kristel-Schneider-_800pix-500x333.jpg 500w, https:\/\/naturefirst.org\/wp-content\/uploads\/Morning-mist-by-Kristel-Schneider-_800pix-768x512.jpg 768w, https:\/\/naturefirst.org\/wp-content\/uploads\/Morning-mist-by-Kristel-Schneider-_800pix-18x12.jpg 18w\" sizes=\"(max-width: 800px) 100vw, 800px\" \/>\t\t\t\t\t\t\t\t\t\t\t\t\t\t\t<\/div>\n\t\t\t\t<\/div>\n\t\t\t\t\t<\/div>\n\t\t<\/div>\n\t\t\t\t\t<\/div>\n\t\t<\/section>\n\t\t\t\t<section class=\"elementor-section elementor-top-section elementor-element elementor-element-9d305da elementor-section-boxed elementor-section-height-default elementor-section-height-default\" data-id=\"9d305da\" data-element_type=\"section\" data-e-type=\"section\">\n\t\t\t\t\t\t<div class=\"elementor-container elementor-column-gap-default\">\n\t\t\t\t\t<div class=\"elementor-column elementor-col-100 elementor-top-column elementor-element elementor-element-4eda966\" data-id=\"4eda966\" data-element_type=\"column\" data-e-type=\"column\">\n\t\t\t<div class=\"elementor-widget-wrap elementor-element-populated\">\n\t\t\t\t\t\t<div class=\"elementor-element elementor-element-c2827b4 elementor-widget elementor-widget-text-editor\" data-id=\"c2827b4\" data-element_type=\"widget\" data-e-type=\"widget\" data-widget_type=\"text-editor.default\">\n\t\t\t\t<div class=\"elementor-widget-container\">\n\t\t\t\t\t\t\t\t\t<p class=\"\"><strong><em>Jennifer: Jakie widzisz cele, kt\u00f3re chcia\u0142by\u015b osi\u0105gn\u0105\u0107 w tym roku z programem Advocate?<\/em>\u00a0<\/strong><\/p><p class=\"\"><strong>Kristel:\u00a0 <\/strong>Ten rok b\u0119dzie dla nas bardzo trudny ze wzgl\u0119du na pandemi\u0119. Podczas gdy niekt\u00f3rzy z nas zn\u00f3w ciesz\u0105 si\u0119 przyrod\u0105, inni musz\u0105 zosta\u0107 w domu z powodu wirusa. To nie jest idealna sytuacja, aby skupi\u0107 si\u0119 na promowaniu Nature First w regionie. Powiedziawszy to, ludzie mieli teraz czas, aby pomy\u015ble\u0107 o sprawach, kt\u00f3re s\u0105 dla nich wa\u017cne w \u017cyciu, i na szcz\u0119\u015bcie obserwujemy wzrost liczby naszych cz\u0142onk\u00f3w na ca\u0142ym \u015bwiecie. Nadal otrzymuj\u0119 wi\u0119cej pyta\u0144 na temat programu Advocate i pr\u00f3\u015bb o zaanga\u017cowanie. W ci\u0105gu ostatnich kilku miesi\u0119cy powita\u0142em wielu nowych adwokat\u00f3w z r\u00f3\u017cnych cz\u0119\u015bci \u015bwiata, takich jak S\u0142owenia, Chile, p\u00f3\u0142nocno-wschodnie Stany Zjednoczone, \u015brodkowy zach\u00f3d Stan\u00f3w Zjednoczonych, W\u0142ochy, Rumunia, Polska i spo\u0142eczno\u015b\u0107 chi\u0144skoj\u0119zyczna. Znalaz\u0142em te\u017c zast\u0119pstwo dla mnie w tej roli na Holandi\u0119 i Belgi\u0119. Celem jest rozszerzenie naszego programu adwokackiego do 30 kraj\u00f3w. Nie okre\u015bli\u0142em daty, ale mam nadziej\u0119, \u017ce do ko\u0144ca roku na li\u015bcie znajdzie si\u0119 wi\u0119cej kraj\u00f3w. Widz\u0119 teraz, \u017ce niekt\u00f3rzy Adwokaci Spo\u0142eczno\u015bci, kt\u00f3rzy pracuj\u0105 samotnie, zmagaj\u0105 si\u0119 ze swoim czasem i maj\u0105 trudno\u015bci z rozwijaniem pomys\u0142\u00f3w, zdobywaniem wi\u0119kszej liczby lokalnych cz\u0142onk\u00f3w lub rozpowszechnianiem idei Nature First w swoim regionie. Dlatego staram si\u0119 zmotywowa\u0107 Adwokat\u00f3w Spo\u0142eczno\u015bci, aby stworzyli lokalny zesp\u00f3\u0142, tak jak mamy to w Holandii, Francji, W\u0142oszech i spo\u0142eczno\u015bci chi\u0144skoj\u0119zycznej. W ten spos\u00f3b mog\u0105 po\u0142\u0105czy\u0107 wysi\u0142ki i pomys\u0142y, aby opracowa\u0107 lokalne plany Nature First. Podoba mi si\u0119 r\u00f3wnie\u017c, jak lokalni cz\u0142onkowie zwracaj\u0105 si\u0119 do Programu Adwokat\u00f3w, gdy chc\u0105 bardziej aktywnie si\u0119 zaanga\u017cowa\u0107, ale nie widz\u0105 siebie jako prowadz\u0105cych ma\u0142y zesp\u00f3\u0142 lub znajduj\u0105cych si\u0119 w centrum uwagi. Nasza spo\u0142eczno\u015b\u0107 cz\u0142onkowska jest tak zr\u00f3\u017cnicowana pod wzgl\u0119dem pochodzenia, pracy i do\u015bwiadcze\u0144, \u017ce by\u0142oby wspaniale, gdyby do\u0142\u0105czyli do Community Advocates. <a href=\"https:\/\/naturefirst.org\/pl\/news-items\/2020\/07\/24\/2020-summer-newsletter\/\">Nasz plan dzia\u0142ania<\/a> ma wiele \u015bwietnych pomys\u0142\u00f3w, takich jak u\u0142atwienie tworzenia regionalnych i specyficznych dla gatunku zasad. Tutaj widz\u0119 wa\u017cn\u0105 rol\u0119 rzecznik\u00f3w spo\u0142eczno\u015bci i ich lokalnych zespo\u0142\u00f3w. Wszystko to wymaga czasu, bada\u0144 i wysi\u0142ku. Jak powiedzia\u0142em powy\u017cej, ma\u0142e kroki mog\u0105 zrobi\u0107 jeden du\u017cy krok i po\u015bwi\u0119\u0107my troch\u0119 czasu, kt\u00f3rego potrzebujemy, aby\u015bmy mogli sprawi\u0107, \u017ce odpowiedzialna fotografia ponownie stanie si\u0119 standardem w fotografii przyrodniczej w najbli\u017cszej przysz\u0142o\u015bci.\u00a0<\/p>\t\t\t\t\t\t\t\t<\/div>\n\t\t\t\t<\/div>\n\t\t\t\t\t<\/div>\n\t\t<\/div>\n\t\t\t\t\t<\/div>\n\t\t<\/section>\n\t\t\t\t<section class=\"elementor-section elementor-top-section elementor-element elementor-element-8b1aca9 elementor-section-boxed elementor-section-height-default elementor-section-height-default\" data-id=\"8b1aca9\" data-element_type=\"section\" data-e-type=\"section\">\n\t\t\t\t\t\t<div class=\"elementor-container elementor-column-gap-default\">\n\t\t\t\t\t<div class=\"elementor-column elementor-col-100 elementor-top-column elementor-element elementor-element-f8e1abb\" data-id=\"f8e1abb\" data-element_type=\"column\" data-e-type=\"column\">\n\t\t\t<div class=\"elementor-widget-wrap elementor-element-populated\">\n\t\t\t\t\t\t<div class=\"elementor-element elementor-element-f04cb86 elementor-widget elementor-widget-image\" data-id=\"f04cb86\" data-element_type=\"widget\" data-e-type=\"widget\" data-widget_type=\"image.default\">\n\t\t\t\t<div class=\"elementor-widget-container\">\n\t\t\t\t\t\t\t\t\t\t\t\t\t\t\t<img loading=\"lazy\" decoding=\"async\" width=\"800\" height=\"533\" src=\"https:\/\/naturefirst.org\/wp-content\/uploads\/Evening-cloud-By-kirstel-schneider_800pix.jpg\" class=\"attachment-large size-large wp-image-1509\" alt=\"\" srcset=\"https:\/\/naturefirst.org\/wp-content\/uploads\/Evening-cloud-By-kirstel-schneider_800pix.jpg 800w, https:\/\/naturefirst.org\/wp-content\/uploads\/Evening-cloud-By-kirstel-schneider_800pix-500x333.jpg 500w, https:\/\/naturefirst.org\/wp-content\/uploads\/Evening-cloud-By-kirstel-schneider_800pix-768x512.jpg 768w, https:\/\/naturefirst.org\/wp-content\/uploads\/Evening-cloud-By-kirstel-schneider_800pix-18x12.jpg 18w\" sizes=\"(max-width: 800px) 100vw, 800px\" \/>\t\t\t\t\t\t\t\t\t\t\t\t\t\t\t<\/div>\n\t\t\t\t<\/div>\n\t\t\t\t\t<\/div>\n\t\t<\/div>\n\t\t\t\t\t<\/div>\n\t\t<\/section>\n\t\t\t\t<section class=\"elementor-section elementor-top-section elementor-element elementor-element-f298377 elementor-section-boxed elementor-section-height-default elementor-section-height-default\" data-id=\"f298377\" data-element_type=\"section\" data-e-type=\"section\">\n\t\t\t\t\t\t<div class=\"elementor-container elementor-column-gap-default\">\n\t\t\t\t\t<div class=\"elementor-column elementor-col-100 elementor-top-column elementor-element elementor-element-0263321\" data-id=\"0263321\" data-element_type=\"column\" data-e-type=\"column\">\n\t\t\t<div class=\"elementor-widget-wrap elementor-element-populated\">\n\t\t\t\t\t\t<div class=\"elementor-element elementor-element-26400d1 elementor-widget elementor-widget-text-editor\" data-id=\"26400d1\" data-element_type=\"widget\" data-e-type=\"widget\" data-widget_type=\"text-editor.default\">\n\t\t\t\t<div class=\"elementor-widget-container\">\n\t\t\t\t\t\t\t\t\t<p class=\"\">Entuzjazm Kristel dla Nature First jest tym, o co chodzi w tym sojuszu: jednoczenie si\u0119, aby pom\u00f3c by\u0107 lepszymi ambasadorami miejsc, kt\u00f3re kochamy i fotografujemy, aby przysz\u0142e pokolenia fotograf\u00f3w mog\u0142y \u0142\u0105czy\u0107 si\u0119 i wchodzi\u0107 w interakcje z Natur\u0105.<\/p><p class=\"\">Kristel jest tak\u017ce znakomit\u0105 fotografk\u0105 i prowadzi wycieczki i warsztaty. Jej zdj\u0119cia s\u0105 bardzo inspiruj\u0105ce, a jej dorobek jest przyk\u0142adem spokojnego pi\u0119kna Natury. Aby po\u0142\u0105czy\u0107 si\u0119 z Kristel i zobaczy\u0107 jej prace, odwied\u017a stron\u0119 <a href=\"http:\/\/www.kristelschneider.com\/\" target=\"_blank\" rel=\"noopener\">www.kristelschneider.com<\/a>.<\/p><p class=\"\">Dzi\u0119kuj\u0119, Kristel, za wszystko, co robisz dla Nature First i po\u015bwi\u0119cenie czasu na rozmow\u0119 ze mn\u0105!<\/p>\t\t\t\t\t\t\t\t<\/div>\n\t\t\t\t<\/div>\n\t\t\t\t\t<\/div>\n\t\t<\/div>\n\t\t\t\t\t<\/div>\n\t\t<\/section>\n\t\t\t\t<\/div>","protected":false},"excerpt":{"rendered":"<p>W Nature First mamy wspania\u0142\u0105 spo\u0142eczno\u015b\u0107 sk\u0142adaj\u0105c\u0105 si\u0119 z ludzi, kt\u00f3rym bardzo zale\u017cy na ochronie dzikiej przyrody, kt\u00f3r\u0105 kochamy, i kt\u00f3rzy ci\u0119\u017cko pracuj\u0105, aby ten sojusz by\u0142 mo\u017cliwy. Kristel Schneider zaczyna\u0142a jako pierwsza Adwokat w Holandii i Belgii, a obecnie jest naszym Dyrektorem ds. Rzecznik\u00f3w Spo\u0142ecznych. Mo\u017cesz zobaczy\u0107, jak z pasj\u0105 pracuje za kulisami, \u0142\u0105cz\u0105c cz\u0142onk\u00f3w i kraje oraz jednocz\u0105c nas wszystkich w tej ekscytuj\u0105cej sprawie.<\/p>","protected":false},"author":36,"featured_media":106,"comment_status":"closed","ping_status":"open","sticky":false,"template":"","format":"standard","meta":{"_mo_disable_npp":"","site-sidebar-layout":"default","site-content-layout":"","ast-site-content-layout":"default","site-content-style":"default","site-sidebar-style":"default","ast-global-header-display":"","ast-banner-title-visibility":"","ast-main-header-display":"","ast-hfb-above-header-display":"","ast-hfb-below-header-display":"","ast-hfb-mobile-header-display":"","site-post-title":"","ast-breadcrumbs-content":"","ast-featured-img":"","footer-sml-layout":"","ast-disable-related-posts":"","theme-transparent-header-meta":"","adv-header-id-meta":"","stick-header-meta":"","header-above-stick-meta":"","header-main-stick-meta":"","header-below-stick-meta":"","astra-migrate-meta-layouts":"default","ast-page-background-enabled":"default","ast-page-background-meta":{"desktop":{"background-color":"","background-image":"","background-repeat":"repeat","background-position":"center center","background-size":"auto","background-attachment":"scroll","background-type":"","background-media":"","overlay-type":"","overlay-color":"","overlay-opacity":"","overlay-gradient":""},"tablet":{"background-color":"","background-image":"","background-repeat":"repeat","background-position":"center center","background-size":"auto","background-attachment":"scroll","background-type":"","background-media":"","overlay-type":"","overlay-color":"","overlay-opacity":"","overlay-gradient":""},"mobile":{"background-color":"","background-image":"","background-repeat":"repeat","background-position":"center center","background-size":"auto","background-attachment":"scroll","background-type":"","background-media":"","overlay-type":"","overlay-color":"","overlay-opacity":"","overlay-gradient":""}},"ast-content-background-meta":{"desktop":{"background-color":"var(--ast-global-color-5)","background-image":"","background-repeat":"repeat","background-position":"center center","background-size":"auto","background-attachment":"scroll","background-type":"","background-media":"","overlay-type":"","overlay-color":"","overlay-opacity":"","overlay-gradient":""},"tablet":{"background-color":"var(--ast-global-color-5)","background-image":"","background-repeat":"repeat","background-position":"center center","background-size":"auto","background-attachment":"scroll","background-type":"","background-media":"","overlay-type":"","overlay-color":"","overlay-opacity":"","overlay-gradient":""},"mobile":{"background-color":"var(--ast-global-color-5)","background-image":"","background-repeat":"repeat","background-position":"center center","background-size":"auto","background-attachment":"scroll","background-type":"","background-media":"","overlay-type":"","overlay-color":"","overlay-opacity":"","overlay-gradient":""}},"footnotes":""},"categories":[1],"tags":[],"ppma_author":[48],"class_list":["post-1252","post","type-post","status-publish","format-standard","has-post-thumbnail","hentry","category-uncategorized"],"aioseo_notices":[],"authors":[{"term_id":48,"user_id":36,"is_guest":0,"slug":"jonnorris-nf","display_name":"Jon Norris","avatar_url":"https:\/\/naturefirst.org\/wp-content\/litespeed\/avatar\/5a1f8e7595e193d9f04032a8a8742e36.jpg?ver=1777143006","0":null,"1":"","2":"","3":"","4":"","5":"","6":"","7":"","8":""}],"_links":{"self":[{"href":"https:\/\/naturefirst.org\/pl\/wp-json\/wp\/v2\/posts\/1252","targetHints":{"allow":["GET"]}}],"collection":[{"href":"https:\/\/naturefirst.org\/pl\/wp-json\/wp\/v2\/posts"}],"about":[{"href":"https:\/\/naturefirst.org\/pl\/wp-json\/wp\/v2\/types\/post"}],"author":[{"embeddable":true,"href":"https:\/\/naturefirst.org\/pl\/wp-json\/wp\/v2\/users\/36"}],"replies":[{"embeddable":true,"href":"https:\/\/naturefirst.org\/pl\/wp-json\/wp\/v2\/comments?post=1252"}],"version-history":[{"count":14,"href":"https:\/\/naturefirst.org\/pl\/wp-json\/wp\/v2\/posts\/1252\/revisions"}],"predecessor-version":[{"id":2953,"href":"https:\/\/naturefirst.org\/pl\/wp-json\/wp\/v2\/posts\/1252\/revisions\/2953"}],"wp:featuredmedia":[{"embeddable":true,"href":"https:\/\/naturefirst.org\/pl\/wp-json\/wp\/v2\/media\/106"}],"wp:attachment":[{"href":"https:\/\/naturefirst.org\/pl\/wp-json\/wp\/v2\/media?parent=1252"}],"wp:term":[{"taxonomy":"category","embeddable":true,"href":"https:\/\/naturefirst.org\/pl\/wp-json\/wp\/v2\/categories?post=1252"},{"taxonomy":"post_tag","embeddable":true,"href":"https:\/\/naturefirst.org\/pl\/wp-json\/wp\/v2\/tags?post=1252"},{"taxonomy":"author","embeddable":true,"href":"https:\/\/naturefirst.org\/pl\/wp-json\/wp\/v2\/ppma_author?post=1252"}],"curies":[{"name":"wp","href":"https:\/\/api.w.org\/{rel}","templated":true}]}}