{"id":2050,"date":"2022-10-17T23:25:04","date_gmt":"2022-10-17T23:25:04","guid":{"rendered":"https:\/\/naturefirst.org\/?p=2050"},"modified":"2023-04-22T07:04:48","modified_gmt":"2023-04-22T13:04:48","slug":"meet-jonathan-fearer-nature-first-ambassador","status":"publish","type":"post","link":"https:\/\/naturefirst.org\/pl\/news-items\/2022\/10\/17\/meet-jonathan-fearer-nature-first-ambassador\/","title":{"rendered":"Poznaj Jonathana Fearera \u2013 ambasadora Nature First"},"content":{"rendered":"<div data-elementor-type=\"wp-post\" data-elementor-id=\"2050\" class=\"elementor elementor-2050\" data-elementor-post-type=\"post\">\n\t\t\t\t\t\t<section class=\"elementor-section elementor-top-section elementor-element elementor-element-ff96bdd elementor-section-boxed elementor-section-height-default elementor-section-height-default\" data-id=\"ff96bdd\" data-element_type=\"section\" data-e-type=\"section\">\n\t\t\t\t\t\t<div class=\"elementor-container elementor-column-gap-default\">\n\t\t\t\t\t<div class=\"elementor-column elementor-col-100 elementor-top-column elementor-element elementor-element-35de6df\" data-id=\"35de6df\" data-element_type=\"column\" data-e-type=\"column\">\n\t\t\t<div class=\"elementor-widget-wrap elementor-element-populated\">\n\t\t\t\t\t\t<div class=\"elementor-element elementor-element-3561788 elementor-widget elementor-widget-post-info\" data-id=\"3561788\" data-element_type=\"widget\" data-e-type=\"widget\" data-widget_type=\"post-info.default\">\n\t\t\t\t<div class=\"elementor-widget-container\">\n\t\t\t\t\t\t\t<ul class=\"elementor-inline-items elementor-icon-list-items elementor-post-info\">\n\t\t\t\t\t\t\t\t<li class=\"elementor-icon-list-item elementor-repeater-item-675441d elementor-inline-item\" itemprop=\"datePublished\">\n\t\t\t\t\t\t<a href=\"https:\/\/naturefirst.org\/pl\/news-items\/2022\/10\/17\/\">\n\t\t\t\t\t\t\t\t\t\t\t<span class=\"elementor-icon-list-icon\">\n\t\t\t\t\t\t\t\t<i aria-hidden=\"true\" class=\"fas fa-calendar\"><\/i>\t\t\t\t\t\t\t<\/span>\n\t\t\t\t\t\t\t\t\t<span class=\"elementor-icon-list-text elementor-post-info__item elementor-post-info__item--type-date\">\n\t\t\t\t\t\t\t\t\t\t<time>17 pa\u017adziernika 2022<\/time>\t\t\t\t\t<\/span>\n\t\t\t\t\t\t\t\t\t<\/a>\n\t\t\t\t<\/li>\n\t\t\t\t<\/ul>\n\t\t\t\t\t\t<\/div>\n\t\t\t\t<\/div>\n\t\t\t\t<section class=\"elementor-section elementor-inner-section elementor-element elementor-element-16e04e9 elementor-section-boxed elementor-section-height-default elementor-section-height-default\" data-id=\"16e04e9\" data-element_type=\"section\" data-e-type=\"section\">\n\t\t\t\t\t\t<div class=\"elementor-container elementor-column-gap-default\">\n\t\t\t\t\t<div class=\"elementor-column elementor-col-50 elementor-inner-column elementor-element elementor-element-daecf94\" data-id=\"daecf94\" data-element_type=\"column\" data-e-type=\"column\">\n\t\t\t<div class=\"elementor-widget-wrap elementor-element-populated\">\n\t\t\t\t\t\t<div class=\"elementor-element elementor-element-71c5b80 elementor-widget elementor-widget-image\" data-id=\"71c5b80\" data-element_type=\"widget\" data-e-type=\"widget\" data-widget_type=\"image.default\">\n\t\t\t\t<div class=\"elementor-widget-container\">\n\t\t\t\t\t\t\t\t\t\t\t\t\t\t\t<img fetchpriority=\"high\" decoding=\"async\" width=\"500\" height=\"500\" src=\"https:\/\/naturefirst.org\/wp-content\/uploads\/Jonathan-Fearer_500px.jpg\" class=\"attachment-large size-large wp-image-2052\" alt=\"\" srcset=\"https:\/\/naturefirst.org\/wp-content\/uploads\/Jonathan-Fearer_500px.jpg 500w, https:\/\/naturefirst.org\/wp-content\/uploads\/Jonathan-Fearer_500px-150x150.jpg 150w, https:\/\/naturefirst.org\/wp-content\/uploads\/Jonathan-Fearer_500px-12x12.jpg 12w\" sizes=\"(max-width: 500px) 100vw, 500px\" \/>\t\t\t\t\t\t\t\t\t\t\t\t\t\t\t<\/div>\n\t\t\t\t<\/div>\n\t\t\t\t<div class=\"elementor-element elementor-element-13ad3f1 elementor-widget elementor-widget-text-editor\" data-id=\"13ad3f1\" data-element_type=\"widget\" data-e-type=\"widget\" data-widget_type=\"text-editor.default\">\n\t\t\t\t<div class=\"elementor-widget-container\">\n\t\t\t\t\t\t\t\t\t<p class=\"\">Sie\u0107: <a href=\"http:\/\/jfearer.com\">jfearer.com<\/a><br \/>Instagram: <a id=\"yui_3_17_2_1_1666235795555_686\" href=\"https:\/\/www.instagram.com\/jfearer_photo\/\" target=\"_blank\" rel=\"noopener\">@jfearer_photo<\/a><\/p>\t\t\t\t\t\t\t\t<\/div>\n\t\t\t\t<\/div>\n\t\t\t\t\t<\/div>\n\t\t<\/div>\n\t\t\t\t<div class=\"elementor-column elementor-col-50 elementor-inner-column elementor-element elementor-element-f26e419\" data-id=\"f26e419\" data-element_type=\"column\" data-e-type=\"column\">\n\t\t\t<div class=\"elementor-widget-wrap elementor-element-populated\">\n\t\t\t\t\t\t<div class=\"elementor-element elementor-element-872e5d6 elementor-widget elementor-widget-text-editor\" data-id=\"872e5d6\" data-element_type=\"widget\" data-e-type=\"widget\" data-widget_type=\"text-editor.default\">\n\t\t\t\t<div class=\"elementor-widget-container\">\n\t\t\t\t\t\t\t\t\t<p>Jonathan uczyni\u0142 sw\u00f3j dom z p\u00f3\u0142nocno-zachodniego Pacyfiku oko\u0142o dekady temu i od tamtej pory zakocha\u0142 si\u0119 w jego r\u00f3\u017cnorodno\u015bci geograficznej i geologicznej. Wykorzystuje g\u0142\u00f3wnie tradycyjn\u0105 kamer\u0119 wielkoformatow\u0105, tworz\u0105c obrazy, kt\u00f3re pokazuj\u0105 natur\u0119 tak\u0105, jaka jest, wyra\u017caj\u0105c siebie, zachowuj\u0105c integralno\u015b\u0107 i splendor dzikiej przyrody. Jonathan do\u0142\u0105czy\u0142 do Nature First w 2022 r., poniewa\u017c jego etyka osobista by\u0142a w pe\u0142ni zgodna z etyk\u0105 organizacji i jest sfrustrowany brakiem zarz\u0105dzania i ci\u0105g\u0142ym utowarowieniem natury zar\u00f3wno przez fotograf\u00f3w, jak i og\u00f3\u0142 spo\u0142ecze\u0144stwa.<\/p>\t\t\t\t\t\t\t\t<\/div>\n\t\t\t\t<\/div>\n\t\t\t\t\t<\/div>\n\t\t<\/div>\n\t\t\t\t\t<\/div>\n\t\t<\/section>\n\t\t\t\t<div class=\"elementor-element elementor-element-4bfacec elementor-widget elementor-widget-text-editor\" data-id=\"4bfacec\" data-element_type=\"widget\" data-e-type=\"widget\" data-widget_type=\"text-editor.default\">\n\t\t\t\t<div class=\"elementor-widget-container\">\n\t\t\t\t\t\t\t\t\t<p class=\"\"><strong>Ile mia\u0142e\u015b lat, kiedy po raz pierwszy odkry\u0142e\u015b swoj\u0105 mi\u0142o\u015b\u0107 do natury? Co to sk\u0142oni\u0142o?<\/strong><\/p><p class=\"\">Dorasta\u0142em w wiejskich Appalachach w Pensylwanii, zawsze otoczonych g\u0119stymi lasami i pofa\u0142dowanymi g\u00f3rami. Mia\u0142em szacunek do natury, ale by\u0142 on wszechobecny w moim wychowaniu. Kiedy mniej ni\u017c dziesi\u0119\u0107 lat temu \u017cycie przenios\u0142o mnie na p\u00f3\u0142nocno-zachodni Pacyfik, r\u00f3\u017cnorodno\u015b\u0107 geograficzna o\u017cywi\u0142a moj\u0105 mi\u0142o\u015b\u0107 do natury. Jak mo\u017cna nie by\u0107 zachwyconym surowymi, wiecznie zielonymi g\u00f3rami otoczonymi dramatycznymi aktywnymi wulkanami i zapraszaj\u0105cymi wodami Puget Sound?! To by\u0142a mi\u0142o\u015b\u0107 od pierwszego wejrzenia, gdy samolot wyl\u0105dowa\u0142 w Seattle i od tamtej pory nie ogl\u0105dam si\u0119 za siebie.<\/p><p class=\"\"><strong>Jak d\u0142ugo jeste\u015b fotografem? Co sprawi\u0142o, \u017ce zainteresowa\u0142e\u015b si\u0119 fotografi\u0105?<\/strong><\/p><p id=\"yui_3_17_2_1_1666152920698_302\" class=\"\">Od najm\u0142odszych lat interesowa\u0142em si\u0119 posiadaniem aparatu fotograficznego, ale idea fotografii jako pasji narodzi\u0142a si\u0119 w 2013 roku podczas studi\u00f3w za granic\u0105 w p\u00f3\u0142nocnej Szwecji. Ciemne i mro\u017ane zimy otworzy\u0142y si\u0119 na budz\u0105c\u0105 podziw zorz\u0119 polarn\u0105 i stamt\u0105d wyruszy\u0142em w swoj\u0105 fotograficzn\u0105 podr\u00f3\u017c.chold<\/p>\t\t\t\t\t\t\t\t<\/div>\n\t\t\t\t<\/div>\n\t\t\t\t<div class=\"elementor-element elementor-element-c8781a5 elementor-widget elementor-widget-image\" data-id=\"c8781a5\" data-element_type=\"widget\" data-e-type=\"widget\" data-widget_type=\"image.default\">\n\t\t\t\t<div class=\"elementor-widget-container\">\n\t\t\t\t\t\t\t\t\t\t\t\t<figure class=\"wp-caption\">\n\t\t\t\t\t\t\t\t\t\t<img decoding=\"async\" width=\"1024\" height=\"614\" src=\"https:\/\/naturefirst.org\/wp-content\/uploads\/DSF0170_LR-1024x614.jpg\" class=\"attachment-large size-large wp-image-2063\" alt=\"\" srcset=\"https:\/\/naturefirst.org\/wp-content\/uploads\/DSF0170_LR-1024x614.jpg 1024w, https:\/\/naturefirst.org\/wp-content\/uploads\/DSF0170_LR-500x300.jpg 500w, https:\/\/naturefirst.org\/wp-content\/uploads\/DSF0170_LR-768x461.jpg 768w, https:\/\/naturefirst.org\/wp-content\/uploads\/DSF0170_LR-18x12.jpg 18w, https:\/\/naturefirst.org\/wp-content\/uploads\/DSF0170_LR.jpg 1200w\" sizes=\"(max-width: 1024px) 100vw, 1024px\" \/>\t\t\t\t\t\t\t\t\t\t\t<figcaption class=\"widget-image-caption wp-caption-text\">\u00a9 Jonathan Fearer 2022. Wszelkie prawa zastrze\u017cone.<\/figcaption>\n\t\t\t\t\t\t\t\t\t\t<\/figure>\n\t\t\t\t\t\t\t\t\t<\/div>\n\t\t\t\t<\/div>\n\t\t\t\t<div class=\"elementor-element elementor-element-a34156b elementor-widget elementor-widget-text-editor\" data-id=\"a34156b\" data-element_type=\"widget\" data-e-type=\"widget\" data-widget_type=\"text-editor.default\">\n\t\t\t\t<div class=\"elementor-widget-container\">\n\t\t\t\t\t\t\t\t\t<p class=\"\"><strong>Co sk\u0142oni\u0142o Ci\u0119 do bycia aktywnym w Nature First?<\/strong><\/p><p class=\"\">Mocno wierz\u0119 i przestrzegam zasad Leave No Trace, a po odkryciu Nature First zda\u0142em sobie spraw\u0119, \u017ce zasady przewodnie organizacji s\u0105 r\u00f3wnie\u017c zgodne z moimi w\u0142asnymi przekonaniami. Odwiedzaj\u0105c obszary naturalne, jestem sfrustrowany i zrozpaczony z\u0142ym zachowaniem odwiedzaj\u0105cych oraz brakiem zarz\u0105dzania i ci\u0105g\u0142ego utowarowienia tych \u015bwi\u0119tych obszar\u00f3w naturalnych. Bycie aktywnym uczestnikiem organizacji wi\u0119kszej ni\u017c ja, da\u0142o mi odnowione poczucie celu i wierz\u0119, \u017ce mo\u017cna wp\u0142yn\u0105\u0107 na zmian\u0119 na dobre, aby zachowa\u0107 dzik\u0105 przyrod\u0119.<\/p><p class=\"\"><strong>Jakie zachowanie denerwuje Ci\u0119 najbardziej? Czy masz na to przyk\u0142ad? Jak powi\u0105za\u0142by\u015b to z zasadami Nature First?<\/strong><\/p><p class=\"\">Ci\u0105gle widz\u0119 turyst\u00f3w z park\u00f3w narodowych karmi\u0105cych dzik\u0105 przyrod\u0119 i niepotrzebnie schodz\u0105cych ze szlaku w delikatnych ekosystemach, gdzie po prostu nie ma potrzeby schodzenia ze szlaku. Jednak nadrz\u0119dn\u0105 kwesti\u0105, kt\u00f3rej jestem \u015bwiadkiem, jest utowarowienie natury jako t\u0142a dla medi\u00f3w spo\u0142eczno\u015bciowych, np. kultury \u201einfluencer\u00f3w\u201d. Nie tylko niekt\u00f3rzy z tych ludzi nie dbaj\u0105 o przyrod\u0119 i sw\u00f3j p\u00f3\u017aniejszy wp\u0142yw na ni\u0105, ale jak sugeruje ich samozwa\u0144czy tytu\u0142, wp\u0142ywaj\u0105 na innych, aby r\u00f3wnie\u017c \u017ale si\u0119 zachowywali, st\u0105d wieczna szkoda naszej ukochanej dziczy i traktowanie jej jako towar.<\/p>\t\t\t\t\t\t\t\t<\/div>\n\t\t\t\t<\/div>\n\t\t\t\t<div class=\"elementor-element elementor-element-6a5061f elementor-widget elementor-widget-image\" data-id=\"6a5061f\" data-element_type=\"widget\" data-e-type=\"widget\" data-widget_type=\"image.default\">\n\t\t\t\t<div class=\"elementor-widget-container\">\n\t\t\t\t\t\t\t\t\t\t\t\t<figure class=\"wp-caption\">\n\t\t\t\t\t\t\t\t\t\t<img decoding=\"async\" width=\"1024\" height=\"614\" src=\"https:\/\/naturefirst.org\/wp-content\/uploads\/HC110_LR-1024x614.jpg\" class=\"attachment-large size-large wp-image-2064\" alt=\"\" srcset=\"https:\/\/naturefirst.org\/wp-content\/uploads\/HC110_LR-1024x614.jpg 1024w, https:\/\/naturefirst.org\/wp-content\/uploads\/HC110_LR-500x300.jpg 500w, https:\/\/naturefirst.org\/wp-content\/uploads\/HC110_LR-768x461.jpg 768w, https:\/\/naturefirst.org\/wp-content\/uploads\/HC110_LR-18x12.jpg 18w, https:\/\/naturefirst.org\/wp-content\/uploads\/HC110_LR.jpg 1200w\" sizes=\"(max-width: 1024px) 100vw, 1024px\" \/>\t\t\t\t\t\t\t\t\t\t\t<figcaption class=\"widget-image-caption wp-caption-text\">\u00a9 Jonathan Fearer 2022. Wszelkie prawa zastrze\u017cone.<\/figcaption>\n\t\t\t\t\t\t\t\t\t\t<\/figure>\n\t\t\t\t\t\t\t\t\t<\/div>\n\t\t\t\t<\/div>\n\t\t\t\t<div class=\"elementor-element elementor-element-6116a17 elementor-widget elementor-widget-text-editor\" data-id=\"6116a17\" data-element_type=\"widget\" data-e-type=\"widget\" data-widget_type=\"text-editor.default\">\n\t\t\t\t<div class=\"elementor-widget-container\">\n\t\t\t\t\t\t\t\t\t<p id=\"yui_3_17_2_1_1666235795555_747\" class=\"\"><strong id=\"yui_3_17_2_1_1666235795555_746\">Gdyby\u015b mia\u0142 magiczn\u0105 r\u00f3\u017cd\u017ck\u0119, kt\u00f3ra teleportowa\u0142aby Ci\u0119 w dowolne miejsce, gdzie robi\u0142by\u015b teraz zdj\u0119cia? Dlaczego tutaj?<\/strong><\/p><p class=\"\">Odwiedzi\u0142em Utah po raz pierwszy w \u017cyciu w pa\u017adzierniku 2021 roku i moja dusza rozpali\u0142a si\u0119 do wysokiej pustyni i czerwonej ska\u0142y. Dwutygodniow\u0105 podr\u00f3\u017c odby\u0142em samotnie i odliczam dni, kiedy \u017cycie pozwoli mi wr\u00f3ci\u0107, tym razem z moim kochaj\u0105cym partnerem i towarzyszem przyg\u00f3d. Chcia\u0142bym wr\u00f3ci\u0107 do park\u00f3w narodowych Arches i Canyonlands, odwiedzaj\u0105c jednocze\u015bnie miejsca w po\u0142udniowo-zachodniej cz\u0119\u015bci Utah i p\u00f3\u0142nocnej Arizonie.<\/p><p class=\"\"><strong>Gdyby\u015bmy mieli razem co\u015b przek\u0105si\u0107, o czym by\u015bmy prawdopodobnie rozmawiali poza fotografi\u0105 i Nature First?<\/strong><\/p><p class=\"\">Zobaczmy\u2026 bardzo prawdopodobne, \u017ce w rozmowie zostanie poruszony temat kawy. Jestem samozwa\u0144czym kawowym snobem. Zainwestowa\u0142em czas i pieni\u0105dze w pozyskiwanie najlepszej kawy trzeciej fali od lokalnych i regionalnych palarni. Podkre\u015blam koncentracj\u0119 na jednym pochodzeniu, pozyskiwaniu sprawiedliwego handlu, gdzie region, terroir, rolnik i palarnia odgrywaj\u0105 integraln\u0105 rol\u0119 w produkcie ko\u0144cowym. Ka\u017cda fili\u017canka kawy to prze\u017cycie i \u017cycz\u0119 ka\u017cdemu, aby mia\u0142 mo\u017cliwo\u015b\u0107 czerpania przyjemno\u015bci z fili\u017canki. Polecam naturaln\u0105 przetworzon\u0105 odmian\u0119 etiopsk\u0105.<\/p><p class=\"\"><strong>Zdj\u0119cie, kt\u00f3rym chcia\u0142by\u015b si\u0119 z nami podzieli\u0107, kt\u00f3re ma histori\u0119 zwi\u0105zan\u0105 z naszymi zasadami, wraz z kr\u00f3tkim tekstem opisuj\u0105cym j\u0105.<\/strong><\/p>\t\t\t\t\t\t\t\t<\/div>\n\t\t\t\t<\/div>\n\t\t\t\t<div class=\"elementor-element elementor-element-59154dc elementor-widget elementor-widget-image\" data-id=\"59154dc\" data-element_type=\"widget\" data-e-type=\"widget\" data-widget_type=\"image.default\">\n\t\t\t\t<div class=\"elementor-widget-container\">\n\t\t\t\t\t\t\t\t\t\t\t\t<figure class=\"wp-caption\">\n\t\t\t\t\t\t\t\t\t\t<img loading=\"lazy\" decoding=\"async\" width=\"1024\" height=\"788\" src=\"https:\/\/naturefirst.org\/wp-content\/uploads\/Jonathan-Fearer-Anasazi-Ruin_FI-1-1024x788.jpg\" class=\"attachment-large size-large wp-image-2065\" alt=\"\" srcset=\"https:\/\/naturefirst.org\/wp-content\/uploads\/Jonathan-Fearer-Anasazi-Ruin_FI-1-1024x788.jpg 1024w, https:\/\/naturefirst.org\/wp-content\/uploads\/Jonathan-Fearer-Anasazi-Ruin_FI-1-500x385.jpg 500w, https:\/\/naturefirst.org\/wp-content\/uploads\/Jonathan-Fearer-Anasazi-Ruin_FI-1-768x591.jpg 768w, https:\/\/naturefirst.org\/wp-content\/uploads\/Jonathan-Fearer-Anasazi-Ruin_FI-1-16x12.jpg 16w, https:\/\/naturefirst.org\/wp-content\/uploads\/Jonathan-Fearer-Anasazi-Ruin_FI-1.jpg 1200w\" sizes=\"(max-width: 1024px) 100vw, 1024px\" \/>\t\t\t\t\t\t\t\t\t\t\t<figcaption class=\"widget-image-caption wp-caption-text\">Anasazi Ruin \u00a9 Jonathan Fearer 2022. Wszelkie prawa zastrze\u017cone.<\/figcaption>\n\t\t\t\t\t\t\t\t\t\t<\/figure>\n\t\t\t\t\t\t\t\t\t<\/div>\n\t\t\t\t<\/div>\n\t\t\t\t\t<\/div>\n\t\t<\/div>\n\t\t\t\t\t<\/div>\n\t\t<\/section>\n\t\t\t\t<\/div>","protected":false},"excerpt":{"rendered":"<p>Jonathan uczyni\u0142 sw\u00f3j dom z p\u00f3\u0142nocno-zachodniego Pacyfiku oko\u0142o dekady temu i od tamtej pory zakocha\u0142 si\u0119 w jego r\u00f3\u017cnorodno\u015bci geograficznej i geologicznej. Wykorzystuje g\u0142\u00f3wnie tradycyjn\u0105 kamer\u0119 wielkoformatow\u0105, tworz\u0105c obrazy, kt\u00f3re pokazuj\u0105 natur\u0119 tak\u0105, jaka jest, wyra\u017caj\u0105c siebie, zachowuj\u0105c integralno\u015b\u0107 i splendor dzikiej przyrody. <\/p>","protected":false},"author":32,"featured_media":2057,"comment_status":"closed","ping_status":"open","sticky":false,"template":"","format":"standard","meta":{"_mo_disable_npp":"","site-sidebar-layout":"default","site-content-layout":"","ast-site-content-layout":"default","site-content-style":"default","site-sidebar-style":"default","ast-global-header-display":"","ast-banner-title-visibility":"","ast-main-header-display":"","ast-hfb-above-header-display":"","ast-hfb-below-header-display":"","ast-hfb-mobile-header-display":"","site-post-title":"","ast-breadcrumbs-content":"","ast-featured-img":"","footer-sml-layout":"","ast-disable-related-posts":"","theme-transparent-header-meta":"","adv-header-id-meta":"","stick-header-meta":"","header-above-stick-meta":"","header-main-stick-meta":"","header-below-stick-meta":"","astra-migrate-meta-layouts":"default","ast-page-background-enabled":"default","ast-page-background-meta":{"desktop":{"background-color":"","background-image":"","background-repeat":"repeat","background-position":"center center","background-size":"auto","background-attachment":"scroll","background-type":"","background-media":"","overlay-type":"","overlay-color":"","overlay-opacity":"","overlay-gradient":""},"tablet":{"background-color":"","background-image":"","background-repeat":"repeat","background-position":"center center","background-size":"auto","background-attachment":"scroll","background-type":"","background-media":"","overlay-type":"","overlay-color":"","overlay-opacity":"","overlay-gradient":""},"mobile":{"background-color":"","background-image":"","background-repeat":"repeat","background-position":"center center","background-size":"auto","background-attachment":"scroll","background-type":"","background-media":"","overlay-type":"","overlay-color":"","overlay-opacity":"","overlay-gradient":""}},"ast-content-background-meta":{"desktop":{"background-color":"var(--ast-global-color-5)","background-image":"","background-repeat":"repeat","background-position":"center center","background-size":"auto","background-attachment":"scroll","background-type":"","background-media":"","overlay-type":"","overlay-color":"","overlay-opacity":"","overlay-gradient":""},"tablet":{"background-color":"var(--ast-global-color-5)","background-image":"","background-repeat":"repeat","background-position":"center center","background-size":"auto","background-attachment":"scroll","background-type":"","background-media":"","overlay-type":"","overlay-color":"","overlay-opacity":"","overlay-gradient":""},"mobile":{"background-color":"var(--ast-global-color-5)","background-image":"","background-repeat":"repeat","background-position":"center center","background-size":"auto","background-attachment":"scroll","background-type":"","background-media":"","overlay-type":"","overlay-color":"","overlay-opacity":"","overlay-gradient":""}},"footnotes":""},"categories":[21],"tags":[],"ppma_author":[61],"class_list":["post-2050","post","type-post","status-publish","format-standard","has-post-thumbnail","hentry","category-nature-first-ambassador"],"aioseo_notices":[],"authors":[{"term_id":61,"user_id":32,"is_guest":0,"slug":"jonathan-fearer","display_name":"Jonathan Fearer","avatar_url":"https:\/\/naturefirst.org\/wp-content\/litespeed\/avatar\/a566168ed0058323b903a6026d221c3b.jpg?ver=1777150131","0":null,"1":"","2":"","3":"","4":"","5":"","6":"","7":"","8":""}],"_links":{"self":[{"href":"https:\/\/naturefirst.org\/pl\/wp-json\/wp\/v2\/posts\/2050","targetHints":{"allow":["GET"]}}],"collection":[{"href":"https:\/\/naturefirst.org\/pl\/wp-json\/wp\/v2\/posts"}],"about":[{"href":"https:\/\/naturefirst.org\/pl\/wp-json\/wp\/v2\/types\/post"}],"author":[{"embeddable":true,"href":"https:\/\/naturefirst.org\/pl\/wp-json\/wp\/v2\/users\/32"}],"replies":[{"embeddable":true,"href":"https:\/\/naturefirst.org\/pl\/wp-json\/wp\/v2\/comments?post=2050"}],"version-history":[{"count":19,"href":"https:\/\/naturefirst.org\/pl\/wp-json\/wp\/v2\/posts\/2050\/revisions"}],"predecessor-version":[{"id":4291,"href":"https:\/\/naturefirst.org\/pl\/wp-json\/wp\/v2\/posts\/2050\/revisions\/4291"}],"wp:featuredmedia":[{"embeddable":true,"href":"https:\/\/naturefirst.org\/pl\/wp-json\/wp\/v2\/media\/2057"}],"wp:attachment":[{"href":"https:\/\/naturefirst.org\/pl\/wp-json\/wp\/v2\/media?parent=2050"}],"wp:term":[{"taxonomy":"category","embeddable":true,"href":"https:\/\/naturefirst.org\/pl\/wp-json\/wp\/v2\/categories?post=2050"},{"taxonomy":"post_tag","embeddable":true,"href":"https:\/\/naturefirst.org\/pl\/wp-json\/wp\/v2\/tags?post=2050"},{"taxonomy":"author","embeddable":true,"href":"https:\/\/naturefirst.org\/pl\/wp-json\/wp\/v2\/ppma_author?post=2050"}],"curies":[{"name":"wp","href":"https:\/\/api.w.org\/{rel}","templated":true}]}}