{"id":86,"date":"2021-02-27T15:30:57","date_gmt":"2021-02-27T15:30:57","guid":{"rendered":"https:\/\/naturefirst.org\/2021-2-27-art-of-photography-conference\/"},"modified":"2024-05-13T07:02:28","modified_gmt":"2024-05-13T13:02:28","slug":"art-of-photography-conference","status":"publish","type":"post","link":"https:\/\/naturefirst.org\/pl\/news-items\/2021\/02\/27\/art-of-photography-conference\/","title":{"rendered":"Konferencja Sztuka Fotografii"},"content":{"rendered":"<div data-elementor-type=\"wp-post\" data-elementor-id=\"86\" class=\"elementor elementor-86\" data-elementor-post-type=\"post\">\n\t\t\t\t\t\t<section class=\"elementor-section elementor-top-section elementor-element elementor-element-d720ad5 elementor-section-boxed elementor-section-height-default elementor-section-height-default\" data-id=\"d720ad5\" data-element_type=\"section\" data-e-type=\"section\">\n\t\t\t\t\t\t<div class=\"elementor-container elementor-column-gap-default\">\n\t\t\t\t\t<div class=\"elementor-column elementor-col-100 elementor-top-column elementor-element elementor-element-75a67b7\" data-id=\"75a67b7\" data-element_type=\"column\" data-e-type=\"column\">\n\t\t\t<div class=\"elementor-widget-wrap elementor-element-populated\">\n\t\t\t\t\t\t<div class=\"elementor-element elementor-element-e537889 elementor-widget elementor-widget-post-info\" data-id=\"e537889\" data-element_type=\"widget\" data-e-type=\"widget\" data-widget_type=\"post-info.default\">\n\t\t\t\t<div class=\"elementor-widget-container\">\n\t\t\t\t\t\t\t<ul class=\"elementor-inline-items elementor-icon-list-items elementor-post-info\">\n\t\t\t\t\t\t\t\t<li class=\"elementor-icon-list-item elementor-repeater-item-c9279f2 elementor-inline-item\" itemprop=\"datePublished\">\n\t\t\t\t\t\t<a href=\"https:\/\/naturefirst.org\/pl\/news-items\/2021\/02\/27\/\">\n\t\t\t\t\t\t\t\t\t\t\t<span class=\"elementor-icon-list-icon\">\n\t\t\t\t\t\t\t\t<i aria-hidden=\"true\" class=\"fas fa-calendar\"><\/i>\t\t\t\t\t\t\t<\/span>\n\t\t\t\t\t\t\t\t\t<span class=\"elementor-icon-list-text elementor-post-info__item elementor-post-info__item--type-date\">\n\t\t\t\t\t\t\t\t\t\t<time>27 lutego 2021<\/time>\t\t\t\t\t<\/span>\n\t\t\t\t\t\t\t\t\t<\/a>\n\t\t\t\t<\/li>\n\t\t\t\t<\/ul>\n\t\t\t\t\t\t<\/div>\n\t\t\t\t<\/div>\n\t\t\t\t<div class=\"elementor-element elementor-element-6dd3112 elementor-widget elementor-widget-text-editor\" data-id=\"6dd3112\" data-element_type=\"widget\" data-e-type=\"widget\" data-widget_type=\"text-editor.default\">\n\t\t\t\t<div class=\"elementor-widget-container\">\n\t\t\t\t\t\t\t\t\t<div id=\"block-846b389f74781a2d077d\" class=\"sqs-block html-block sqs-block-html\" data-block-type=\"2\"><div class=\"sqs-block-content\"><p class=\"\">W dniu 17 kwietnia 2021 r. o godz. <a href=\"https:\/\/www.artphotoconference.com\/\" class=\"blc-broken-link\" data-blc-broken=\"1\">Konferencja Sztuka Fotografii<\/a> zorganizuje ca\u0142y dzie\u0144 wci\u0105gaj\u0105cych prezentacji na temat sztuki fotografii. Chocia\u017c konferencja odbywa si\u0119 w Wielkiej Brytanii, w tym niezwyk\u0142ym roku b\u0119dzie to konferencja wirtualna, w kt\u00f3rej b\u0119dzie m\u00f3g\u0142 wzi\u0105\u0107 udzia\u0142 ka\u017cdy z ca\u0142ego \u015bwiata. Wielu prelegent\u00f3w na tej konferencji jest dobrze znanych w \u015bwiecie fotografii przyrodniczej, w tym Guy Tal, Brenda Tharp, Michael Gordon, Tony Sweet itp., a tak\u017ce wielu fotograf\u00f3w z innych dziedzin, w tym Julieanne Kost z Adobe, kt\u00f3ra uczy zar\u00f3wno Lightrooma, jak i Photoshopa.<\/p><\/div><\/div><div id=\"block-yui_3_17_2_1_1614435729851_210426\" class=\"sqs-block image-block sqs-block-image sqs-text-ready\" data-block-type=\"5\"><div id=\"yui_3_17_2_1_1668186377959_378\" class=\"sqs-block-content\"><div id=\"yui_3_17_2_1_1668186377959_377\" class=\"image-block-outer-wrapper          layout-caption-below          design-layout-inline          combination-animation-none          individual-animation-none          individual-text-animation-none\" data-test=\"image-block-inline-outer-wrapper\"><figure id=\"yui_3_17_2_1_1668186377959_376\" class=\"sqs-block-image-figure              intrinsic\"><div id=\"yui_3_17_2_1_1668186377959_374\" class=\"image-block-wrapper\" data-animation-role=\"image\"><div id=\"yui_3_17_2_1_1668186377959_373\" class=\"sqs-image-shape-container-element                                              has-aspect-ratio\"><img decoding=\"async\" class=\"thumb-image loaded aligncenter\" src=\"https:\/\/images.squarespace-cdn.com\/content\/v1\/5c69df27ca525b3b56a5cce6\/1614439674826-SG1103JEYG3230OZMVTZ\/ArtofPhotography.jpg?format=500w\" alt=\"ArtofPhotography.jpg\" data-src=\"https:\/\/images.squarespace-cdn.com\/content\/v1\/5c69df27ca525b3b56a5cce6\/1614439674826-SG1103JEYG3230OZMVTZ\/ArtofPhotography.jpg\" data-image=\"https:\/\/images.squarespace-cdn.com\/content\/v1\/5c69df27ca525b3b56a5cce6\/1614439674826-SG1103JEYG3230OZMVTZ\/ArtofPhotography.jpg\" data-image-dimensions=\"375x145\" data-image-focal-point=\"0.5,0.5\" data-load=\"false\" data-image-id=\"603a64fa0d64391574511c79\" data-type=\"image\" data-image-resolution=\"500w\" \/><\/div><\/div><\/figure><\/div><\/div><\/div><div id=\"block-yui_3_17_2_1_1614435729851_210728\" class=\"sqs-block html-block sqs-block-html\" data-block-type=\"2\"><div class=\"sqs-block-content\"><p class=\"\">By\u0107 mo\u017ce zastanawiasz si\u0119, dlaczego Nature First wspomina o tej konferencji. Zazwyczaj nie reklamujemy konferencji, ale zdecydowali\u015bmy si\u0119 sponsorowa\u0107 t\u0119 konferencj\u0119, aby pom\u00f3c w rozpropagowaniu informacji o Nature First w\u015br\u00f3d odbiorc\u00f3w na ca\u0142ym \u015bwiecie. Je\u015bli zdecydujesz si\u0119 wzi\u0105\u0107 udzia\u0142, rozwa\u017c wzmiank\u0119 o Nature First w swoim biografii lub jako slogan do swojego imienia i nazwiska. <strong>Naszym celem jest, aby wszyscy fotografowie wszystkich gatunk\u00f3w byli \u015bwiadomi potrzeby odpowiedzialnej fotografii przyrody<\/strong>.<\/p><p class=\"\">Mo\u017cesz dowiedzie\u0107 si\u0119 wi\u0119cej na:<a href=\"https:\/\/www.artphotoconference.com\/\" class=\"blc-broken-link\" data-blc-broken=\"1\"> https:\/\/www.artphotoconference.com\/<\/a><\/p><\/div><\/div>\t\t\t\t\t\t\t\t<\/div>\n\t\t\t\t<\/div>\n\t\t\t\t\t<\/div>\n\t\t<\/div>\n\t\t\t\t\t<\/div>\n\t\t<\/section>\n\t\t\t\t<\/div>","protected":false},"excerpt":{"rendered":"<p class=\"\">By\u0107 mo\u017ce zastanawiasz si\u0119, dlaczego Nature First wspomina o tej konferencji. Zazwyczaj nie reklamujemy konferencji, ale zdecydowali\u015bmy si\u0119 sponsorowa\u0107 t\u0119 konferencj\u0119, aby pom\u00f3c w rozpropagowaniu informacji o Nature First w\u015br\u00f3d odbiorc\u00f3w na ca\u0142ym \u015bwiecie.<\/p>","protected":false},"author":41,"featured_media":87,"comment_status":"closed","ping_status":"open","sticky":false,"template":"","format":"standard","meta":{"_mo_disable_npp":"","site-sidebar-layout":"default","site-content-layout":"","ast-site-content-layout":"default","site-content-style":"default","site-sidebar-style":"default","ast-global-header-display":"","ast-banner-title-visibility":"","ast-main-header-display":"","ast-hfb-above-header-display":"","ast-hfb-below-header-display":"","ast-hfb-mobile-header-display":"","site-post-title":"","ast-breadcrumbs-content":"","ast-featured-img":"","footer-sml-layout":"","ast-disable-related-posts":"","theme-transparent-header-meta":"","adv-header-id-meta":"","stick-header-meta":"","header-above-stick-meta":"","header-main-stick-meta":"","header-below-stick-meta":"","astra-migrate-meta-layouts":"default","ast-page-background-enabled":"default","ast-page-background-meta":{"desktop":{"background-color":"","background-image":"","background-repeat":"repeat","background-position":"center center","background-size":"auto","background-attachment":"scroll","background-type":"","background-media":"","overlay-type":"","overlay-color":"","overlay-opacity":"","overlay-gradient":""},"tablet":{"background-color":"","background-image":"","background-repeat":"repeat","background-position":"center center","background-size":"auto","background-attachment":"scroll","background-type":"","background-media":"","overlay-type":"","overlay-color":"","overlay-opacity":"","overlay-gradient":""},"mobile":{"background-color":"","background-image":"","background-repeat":"repeat","background-position":"center center","background-size":"auto","background-attachment":"scroll","background-type":"","background-media":"","overlay-type":"","overlay-color":"","overlay-opacity":"","overlay-gradient":""}},"ast-content-background-meta":{"desktop":{"background-color":"var(--ast-global-color-5)","background-image":"","background-repeat":"repeat","background-position":"center center","background-size":"auto","background-attachment":"scroll","background-type":"","background-media":"","overlay-type":"","overlay-color":"","overlay-opacity":"","overlay-gradient":""},"tablet":{"background-color":"var(--ast-global-color-5)","background-image":"","background-repeat":"repeat","background-position":"center center","background-size":"auto","background-attachment":"scroll","background-type":"","background-media":"","overlay-type":"","overlay-color":"","overlay-opacity":"","overlay-gradient":""},"mobile":{"background-color":"var(--ast-global-color-5)","background-image":"","background-repeat":"repeat","background-position":"center center","background-size":"auto","background-attachment":"scroll","background-type":"","background-media":"","overlay-type":"","overlay-color":"","overlay-opacity":"","overlay-gradient":""}},"footnotes":""},"categories":[1],"tags":[],"ppma_author":[50],"class_list":["post-86","post","type-post","status-publish","format-standard","has-post-thumbnail","hentry","category-uncategorized"],"aioseo_notices":[],"aioseo_head":"\n\t\t<!-- All in One SEO 5.0.1.1 - aioseo.com -->\n\t<meta name=\"description\" content=\"You may be wondering why Nature First is mentioning this conference. We don\u2019t typically advertise conferences, but we\u2019ve chosen to sponsor this one to help get the word out about Nature First to a global audience.\" \/>\n\t<meta name=\"robots\" content=\"max-image-preview:large\" \/>\n\t<meta name=\"author\" content=\"Erik Stensland\"\/>\n\t<link rel=\"canonical\" href=\"https:\/\/naturefirst.org\/pl\/news-items\/2021\/02\/27\/art-of-photography-conference\/\" \/>\n\t<meta name=\"generator\" content=\"All in One SEO (AIOSEO) 5.0.1.1\" \/>\n\t\t<meta property=\"og:locale\" content=\"pl_PL\" \/>\n\t\t<meta property=\"og:site_name\" content=\"Nature First - The Alliance for Responsible Nature Photography\" \/>\n\t\t<meta property=\"og:type\" content=\"article\" \/>\n\t\t<meta property=\"og:title\" content=\"Art of Photography Conference - Nature First\" \/>\n\t\t<meta property=\"og:description\" content=\"You may be wondering why Nature First is mentioning this conference. We don\u2019t typically advertise conferences, but we\u2019ve chosen to sponsor this one to help get the word out about Nature First to a global audience.\" \/>\n\t\t<meta property=\"og:url\" content=\"https:\/\/naturefirst.org\/pl\/news-items\/2021\/02\/27\/art-of-photography-conference\/\" \/>\n\t\t<meta property=\"og:image\" content=\"https:\/\/naturefirst.org\/wp-content\/uploads\/cropped-nf-site-logo-1.png\" \/>\n\t\t<meta property=\"og:image:secure_url\" content=\"https:\/\/naturefirst.org\/wp-content\/uploads\/cropped-nf-site-logo-1.png\" \/>\n\t\t<meta property=\"og:image:width\" content=\"512\" \/>\n\t\t<meta property=\"og:image:height\" content=\"512\" \/>\n\t\t<meta property=\"article:published_time\" content=\"2021-02-27T15:30:57+00:00\" \/>\n\t\t<meta property=\"article:modified_time\" content=\"2024-05-13T13:02:28+00:00\" \/>\n\t\t<meta property=\"article:publisher\" content=\"https:\/\/www.facebook.com\/NatureFirstMovement\" \/>\n\t\t<meta name=\"twitter:card\" content=\"summary\" \/>\n\t\t<meta name=\"twitter:site\" content=\"@naturefirstorg\" \/>\n\t\t<meta name=\"twitter:title\" content=\"Art of Photography Conference - Nature First\" \/>\n\t\t<meta name=\"twitter:description\" content=\"You may be wondering why Nature First is mentioning this conference. We don\u2019t typically advertise conferences, but we\u2019ve chosen to sponsor this one to help get the word out about Nature First to a global audience.\" \/>\n\t\t<meta name=\"twitter:creator\" content=\"@naturefirstorg\" \/>\n\t\t<meta name=\"twitter:image\" content=\"https:\/\/naturefirst.org\/wp-content\/uploads\/cropped-nf-site-logo-1.png\" \/>\n\t\t<script type=\"application\/ld+json\" class=\"aioseo-schema\">\n\t\t\t{\"@context\":\"https:\\\/\\\/schema.org\",\"@graph\":[{\"@type\":\"BlogPosting\",\"@id\":\"https:\\\/\\\/naturefirst.org\\\/pl\\\/news-items\\\/2021\\\/02\\\/27\\\/art-of-photography-conference\\\/#blogposting\",\"name\":\"Art of Photography Conference - Nature First\",\"headline\":\"Art of Photography Conference\",\"author\":{\"@id\":\"https:\\\/\\\/naturefirst.org\\\/pl\\\/news-items\\\/author\\\/malok\\\/#author\"},\"publisher\":{\"@id\":\"https:\\\/\\\/naturefirst.org\\\/pl\\\/#organization\"},\"image\":{\"@type\":\"ImageObject\",\"url\":\"https:\\\/\\\/naturefirst.org\\\/wp-content\\\/uploads\\\/ArtofPhotography.jpg\",\"width\":375,\"height\":145,\"caption\":\"exc-603a61ddfe1d40450ffd54a9\"},\"datePublished\":\"2021-02-27T15:30:57-07:00\",\"dateModified\":\"2024-05-13T07:02:28-06:00\",\"inLanguage\":\"pl-PL\",\"mainEntityOfPage\":{\"@id\":\"https:\\\/\\\/naturefirst.org\\\/pl\\\/news-items\\\/2021\\\/02\\\/27\\\/art-of-photography-conference\\\/#webpage\"},\"isPartOf\":{\"@id\":\"https:\\\/\\\/naturefirst.org\\\/pl\\\/news-items\\\/2021\\\/02\\\/27\\\/art-of-photography-conference\\\/#webpage\"},\"articleSection\":\"Uncategorized, Erik Stensland\"},{\"@type\":\"BreadcrumbList\",\"@id\":\"https:\\\/\\\/naturefirst.org\\\/pl\\\/news-items\\\/2021\\\/02\\\/27\\\/art-of-photography-conference\\\/#breadcrumblist\",\"itemListElement\":[{\"@type\":\"ListItem\",\"@id\":\"https:\\\/\\\/naturefirst.org\\\/pl#listItem\",\"position\":1,\"name\":\"Home\",\"item\":\"https:\\\/\\\/naturefirst.org\\\/pl\",\"nextItem\":{\"@type\":\"ListItem\",\"@id\":\"https:\\\/\\\/naturefirst.org\\\/pl\\\/news-items\\\/category\\\/uncategorized\\\/#listItem\",\"name\":\"Uncategorized\"}},{\"@type\":\"ListItem\",\"@id\":\"https:\\\/\\\/naturefirst.org\\\/pl\\\/news-items\\\/category\\\/uncategorized\\\/#listItem\",\"position\":2,\"name\":\"Uncategorized\",\"item\":\"https:\\\/\\\/naturefirst.org\\\/pl\\\/news-items\\\/category\\\/uncategorized\\\/\",\"nextItem\":{\"@type\":\"ListItem\",\"@id\":\"https:\\\/\\\/naturefirst.org\\\/pl\\\/news-items\\\/2021\\\/02\\\/27\\\/art-of-photography-conference\\\/#listItem\",\"name\":\"Art of Photography Conference\"},\"previousItem\":{\"@type\":\"ListItem\",\"@id\":\"https:\\\/\\\/naturefirst.org\\\/pl#listItem\",\"name\":\"Home\"}},{\"@type\":\"ListItem\",\"@id\":\"https:\\\/\\\/naturefirst.org\\\/pl\\\/news-items\\\/2021\\\/02\\\/27\\\/art-of-photography-conference\\\/#listItem\",\"position\":3,\"name\":\"Art of Photography Conference\",\"previousItem\":{\"@type\":\"ListItem\",\"@id\":\"https:\\\/\\\/naturefirst.org\\\/pl\\\/news-items\\\/category\\\/uncategorized\\\/#listItem\",\"name\":\"Uncategorized\"}}]},{\"@type\":\"Organization\",\"@id\":\"https:\\\/\\\/naturefirst.org\\\/pl\\\/#organization\",\"name\":\"naturefirst.org\",\"description\":\"The Alliance for Responsible Nature Photography\",\"url\":\"https:\\\/\\\/naturefirst.org\\\/pl\\\/\",\"logo\":{\"@type\":\"ImageObject\",\"url\":\"http:\\\/\\\/naturefirst.org\\\/wp-content\\\/uploads\\\/Asset-16@3x.png\",\"@id\":\"https:\\\/\\\/naturefirst.org\\\/pl\\\/news-items\\\/2021\\\/02\\\/27\\\/art-of-photography-conference\\\/#organizationLogo\"},\"image\":{\"@id\":\"https:\\\/\\\/naturefirst.org\\\/pl\\\/news-items\\\/2021\\\/02\\\/27\\\/art-of-photography-conference\\\/#organizationLogo\"},\"sameAs\":[\"https:\\\/\\\/www.facebook.com\\\/NatureFirstMovement\",\"https:\\\/\\\/twitter.com\\\/naturefirstorg\",\"https:\\\/\\\/www.instagram.com\\\/naturefirst_org\\\/\",\"https:\\\/\\\/www.linkedin.com\\\/company\\\/76755589\\\/\"]},{\"@type\":\"Person\",\"@id\":\"https:\\\/\\\/naturefirst.org\\\/pl\\\/news-items\\\/author\\\/malok\\\/#author\",\"url\":\"https:\\\/\\\/naturefirst.org\\\/pl\\\/news-items\\\/author\\\/malok\\\/\",\"name\":\"Erik Stensland\",\"image\":{\"@type\":\"ImageObject\",\"@id\":\"https:\\\/\\\/naturefirst.org\\\/pl\\\/news-items\\\/2021\\\/02\\\/27\\\/art-of-photography-conference\\\/#authorImage\",\"url\":\"https:\\\/\\\/naturefirst.org\\\/wp-content\\\/litespeed\\\/avatar\\\/dc919d09faceea080d4922c2a13f75e5.jpg?ver=1788046833\",\"width\":96,\"height\":96,\"caption\":\"Erik Stensland\"}},{\"@type\":\"WebPage\",\"@id\":\"https:\\\/\\\/naturefirst.org\\\/pl\\\/news-items\\\/2021\\\/02\\\/27\\\/art-of-photography-conference\\\/#webpage\",\"url\":\"https:\\\/\\\/naturefirst.org\\\/pl\\\/news-items\\\/2021\\\/02\\\/27\\\/art-of-photography-conference\\\/\",\"name\":\"Art of Photography Conference - Nature First\",\"description\":\"You may be wondering why Nature First is mentioning this conference. We don\\u2019t typically advertise conferences, but we\\u2019ve chosen to sponsor this one to help get the word out about Nature First to a global audience.\",\"inLanguage\":\"pl-PL\",\"isPartOf\":{\"@id\":\"https:\\\/\\\/naturefirst.org\\\/pl\\\/#website\"},\"breadcrumb\":{\"@id\":\"https:\\\/\\\/naturefirst.org\\\/pl\\\/news-items\\\/2021\\\/02\\\/27\\\/art-of-photography-conference\\\/#breadcrumblist\"},\"author\":{\"@id\":\"https:\\\/\\\/naturefirst.org\\\/pl\\\/news-items\\\/author\\\/malok\\\/#author\"},\"creator\":{\"@id\":\"https:\\\/\\\/naturefirst.org\\\/pl\\\/news-items\\\/author\\\/malok\\\/#author\"},\"image\":{\"@type\":\"ImageObject\",\"url\":\"https:\\\/\\\/naturefirst.org\\\/wp-content\\\/uploads\\\/ArtofPhotography.jpg\",\"@id\":\"https:\\\/\\\/naturefirst.org\\\/pl\\\/news-items\\\/2021\\\/02\\\/27\\\/art-of-photography-conference\\\/#mainImage\",\"width\":375,\"height\":145,\"caption\":\"exc-603a61ddfe1d40450ffd54a9\"},\"primaryImageOfPage\":{\"@id\":\"https:\\\/\\\/naturefirst.org\\\/pl\\\/news-items\\\/2021\\\/02\\\/27\\\/art-of-photography-conference\\\/#mainImage\"},\"datePublished\":\"2021-02-27T15:30:57-07:00\",\"dateModified\":\"2024-05-13T07:02:28-06:00\"},{\"@type\":\"WebSite\",\"@id\":\"https:\\\/\\\/naturefirst.org\\\/pl\\\/#website\",\"url\":\"https:\\\/\\\/naturefirst.org\\\/pl\\\/\",\"name\":\"Nature First\",\"description\":\"The Alliance for Responsible Nature Photography\",\"inLanguage\":\"pl-PL\",\"publisher\":{\"@id\":\"https:\\\/\\\/naturefirst.org\\\/pl\\\/#organization\"}}]}\n\t\t<\/script>\n\t\t<!-- All in One SEO -->\n\n","aioseo_head_json":{"title":"Konferencja Sztuki Fotografii - Nature First","description":"By\u0107 mo\u017ce zastanawiasz si\u0119, dlaczego Nature First wspomina o tej konferencji. Zazwyczaj nie reklamujemy konferencji, ale zdecydowali\u015bmy si\u0119 sponsorowa\u0107 t\u0119 konferencj\u0119, aby pom\u00f3c w rozpropagowaniu informacji o Nature First w\u015br\u00f3d odbiorc\u00f3w na ca\u0142ym \u015bwiecie.","canonical_url":"https:\/\/naturefirst.org\/pl\/news-items\/2021\/02\/27\/art-of-photography-conference\/","robots":"max-image-preview:large","keywords":"","webmasterTools":{"miscellaneous":""},"schema":{"@context":"https:\/\/schema.org","@graph":[{"@type":"BlogPosting","@id":"https:\/\/naturefirst.org\/pl\/news-items\/2021\/02\/27\/art-of-photography-conference\/#blogposting","name":"Art of Photography Conference - Nature First","headline":"Art of Photography Conference","author":{"@id":"https:\/\/naturefirst.org\/pl\/news-items\/author\/malok\/#author"},"publisher":{"@id":"https:\/\/naturefirst.org\/pl\/#organization"},"image":{"@type":"ImageObject","url":"https:\/\/naturefirst.org\/wp-content\/uploads\/ArtofPhotography.jpg","width":375,"height":145,"caption":"exc-603a61ddfe1d40450ffd54a9"},"datePublished":"2021-02-27T15:30:57-07:00","dateModified":"2024-05-13T07:02:28-06:00","inLanguage":"pl-PL","mainEntityOfPage":{"@id":"https:\/\/naturefirst.org\/pl\/news-items\/2021\/02\/27\/art-of-photography-conference\/#webpage"},"isPartOf":{"@id":"https:\/\/naturefirst.org\/pl\/news-items\/2021\/02\/27\/art-of-photography-conference\/#webpage"},"articleSection":"Uncategorized, Erik Stensland"},{"@type":"BreadcrumbList","@id":"https:\/\/naturefirst.org\/pl\/news-items\/2021\/02\/27\/art-of-photography-conference\/#breadcrumblist","itemListElement":[{"@type":"ListItem","@id":"https:\/\/naturefirst.org\/pl#listItem","position":1,"name":"Home","item":"https:\/\/naturefirst.org\/pl","nextItem":{"@type":"ListItem","@id":"https:\/\/naturefirst.org\/pl\/news-items\/category\/uncategorized\/#listItem","name":"Uncategorized"}},{"@type":"ListItem","@id":"https:\/\/naturefirst.org\/pl\/news-items\/category\/uncategorized\/#listItem","position":2,"name":"Uncategorized","item":"https:\/\/naturefirst.org\/pl\/news-items\/category\/uncategorized\/","nextItem":{"@type":"ListItem","@id":"https:\/\/naturefirst.org\/pl\/news-items\/2021\/02\/27\/art-of-photography-conference\/#listItem","name":"Art of Photography Conference"},"previousItem":{"@type":"ListItem","@id":"https:\/\/naturefirst.org\/pl#listItem","name":"Home"}},{"@type":"ListItem","@id":"https:\/\/naturefirst.org\/pl\/news-items\/2021\/02\/27\/art-of-photography-conference\/#listItem","position":3,"name":"Art of Photography Conference","previousItem":{"@type":"ListItem","@id":"https:\/\/naturefirst.org\/pl\/news-items\/category\/uncategorized\/#listItem","name":"Uncategorized"}}]},{"@type":"Organization","@id":"https:\/\/naturefirst.org\/pl\/#organization","name":"naturefirst.org","description":"The Alliance for Responsible Nature Photography","url":"https:\/\/naturefirst.org\/pl\/","logo":{"@type":"ImageObject","url":"http:\/\/naturefirst.org\/wp-content\/uploads\/Asset-16@3x.png","@id":"https:\/\/naturefirst.org\/pl\/news-items\/2021\/02\/27\/art-of-photography-conference\/#organizationLogo"},"image":{"@id":"https:\/\/naturefirst.org\/pl\/news-items\/2021\/02\/27\/art-of-photography-conference\/#organizationLogo"},"sameAs":["https:\/\/www.facebook.com\/NatureFirstMovement","https:\/\/twitter.com\/naturefirstorg","https:\/\/www.instagram.com\/naturefirst_org\/","https:\/\/www.linkedin.com\/company\/76755589\/"]},{"@type":"Person","@id":"https:\/\/naturefirst.org\/pl\/news-items\/author\/malok\/#author","url":"https:\/\/naturefirst.org\/pl\/news-items\/author\/malok\/","name":"Erik Stensland","image":{"@type":"ImageObject","@id":"https:\/\/naturefirst.org\/pl\/news-items\/2021\/02\/27\/art-of-photography-conference\/#authorImage","url":"https:\/\/naturefirst.org\/wp-content\/litespeed\/avatar\/dc919d09faceea080d4922c2a13f75e5.jpg?ver=1788046833","width":96,"height":96,"caption":"Erik Stensland"}},{"@type":"WebPage","@id":"https:\/\/naturefirst.org\/pl\/news-items\/2021\/02\/27\/art-of-photography-conference\/#webpage","url":"https:\/\/naturefirst.org\/pl\/news-items\/2021\/02\/27\/art-of-photography-conference\/","name":"Art of Photography Conference - Nature First","description":"You may be wondering why Nature First is mentioning this conference. We don\u2019t typically advertise conferences, but we\u2019ve chosen to sponsor this one to help get the word out about Nature First to a global audience.","inLanguage":"pl-PL","isPartOf":{"@id":"https:\/\/naturefirst.org\/pl\/#website"},"breadcrumb":{"@id":"https:\/\/naturefirst.org\/pl\/news-items\/2021\/02\/27\/art-of-photography-conference\/#breadcrumblist"},"author":{"@id":"https:\/\/naturefirst.org\/pl\/news-items\/author\/malok\/#author"},"creator":{"@id":"https:\/\/naturefirst.org\/pl\/news-items\/author\/malok\/#author"},"image":{"@type":"ImageObject","url":"https:\/\/naturefirst.org\/wp-content\/uploads\/ArtofPhotography.jpg","@id":"https:\/\/naturefirst.org\/pl\/news-items\/2021\/02\/27\/art-of-photography-conference\/#mainImage","width":375,"height":145,"caption":"exc-603a61ddfe1d40450ffd54a9"},"primaryImageOfPage":{"@id":"https:\/\/naturefirst.org\/pl\/news-items\/2021\/02\/27\/art-of-photography-conference\/#mainImage"},"datePublished":"2021-02-27T15:30:57-07:00","dateModified":"2024-05-13T07:02:28-06:00"},{"@type":"WebSite","@id":"https:\/\/naturefirst.org\/pl\/#website","url":"https:\/\/naturefirst.org\/pl\/","name":"Nature First","description":"The Alliance for Responsible Nature Photography","inLanguage":"pl-PL","publisher":{"@id":"https:\/\/naturefirst.org\/pl\/#organization"}}]},"og:locale":"pl_PL","og:site_name":"Nature First - The Alliance for Responsible Nature Photography","og:type":"article","og:title":"Art of Photography Conference - Nature First","og:description":"You may be wondering why Nature First is mentioning this conference. We don\u2019t typically advertise conferences, but we\u2019ve chosen to sponsor this one to help get the word out about Nature First to a global audience.","og:url":"https:\/\/naturefirst.org\/pl\/news-items\/2021\/02\/27\/art-of-photography-conference\/","og:image":"https:\/\/naturefirst.org\/wp-content\/uploads\/cropped-nf-site-logo-1.png","og:image:secure_url":"https:\/\/naturefirst.org\/wp-content\/uploads\/cropped-nf-site-logo-1.png","og:image:width":512,"og:image:height":512,"article:published_time":"2021-02-27T15:30:57+00:00","article:modified_time":"2024-05-13T13:02:28+00:00","article:publisher":"https:\/\/www.facebook.com\/NatureFirstMovement","twitter:card":"summary","twitter:site":"@naturefirstorg","twitter:title":"Art of Photography Conference - Nature First","twitter:description":"You may be wondering why Nature First is mentioning this conference. We don\u2019t typically advertise conferences, but we\u2019ve chosen to sponsor this one to help get the word out about Nature First to a global audience.","twitter:creator":"@naturefirstorg","twitter:image":"https:\/\/naturefirst.org\/wp-content\/uploads\/cropped-nf-site-logo-1.png"},"aioseo_meta_data":{"post_id":"86","title":null,"description":null,"keywords":[],"keyphrases":{"focus":{"keyphrase":"","score":0,"analysis":{"keyphraseInTitle":{"score":0,"maxScore":9,"error":1}}},"additional":[]},"primary_term":null,"canonical_url":null,"og_title":null,"og_description":null,"og_object_type":"default","og_image_type":"default","og_image_url":null,"og_image_width":null,"og_image_height":null,"og_image_custom_url":null,"og_image_custom_fields":null,"og_video":"","og_custom_url":null,"og_article_section":null,"og_article_tags":[],"twitter_use_og":false,"twitter_card":"default","twitter_image_type":"default","twitter_image_url":null,"twitter_image_custom_url":null,"twitter_image_custom_fields":null,"twitter_title":null,"twitter_description":null,"schema":{"blockGraphs":[],"customGraphs":[],"default":{"data":{"Article":[],"Course":[],"Dataset":[],"FAQPage":[],"Movie":[],"Person":[],"Product":[],"ProductReview":[],"Car":[],"Recipe":[],"Service":[],"SoftwareApplication":[],"WebPage":[]},"graphName":"BlogPosting","isEnabled":true},"graphs":[],"defaultGraph":"","defaultPostTypeGraph":""},"schema_type":"default","schema_type_options":null,"pillar_content":false,"robots_default":true,"robots_noindex":false,"robots_noarchive":false,"robots_nosnippet":false,"robots_nofollow":false,"robots_noimageindex":false,"robots_noodp":false,"robots_notranslate":false,"robots_max_snippet":"-1","robots_max_videopreview":"-1","robots_max_imagepreview":"large","priority":null,"frequency":"default","local_seo":null,"breadcrumb_settings":null,"limit_modified_date":false,"ai":null,"created":"2022-10-12 03:22:27","updated":"2025-06-04 20:22:19","seo_analyzer_scan_date":null,"focus_keyword":null,"additional_keywords":null,"truseo_locale":null},"aioseo_breadcrumb":"<div class=\"aioseo-breadcrumbs\"><span class=\"aioseo-breadcrumb\">\n\t\t\t<a href=\"https:\/\/naturefirst.org\/pl\" title=\"Home\">Home<\/a>\n\t\t<\/span><span class=\"aioseo-breadcrumb-separator\">&raquo;<\/span><span class=\"aioseo-breadcrumb\">\n\t\t\t<a href=\"https:\/\/naturefirst.org\/pl\/news-items\/category\/uncategorized\/\" title=\"Uncategorized\">Uncategorized<\/a>\n\t\t<\/span><span class=\"aioseo-breadcrumb-separator\">&raquo;<\/span><span class=\"aioseo-breadcrumb\">\n\t\t\tArt of Photography Conference\n\t\t<\/span><\/div>","aioseo_breadcrumb_json":[{"label":"Home","link":"https:\/\/naturefirst.org\/pl"},{"label":"Uncategorized","link":"https:\/\/naturefirst.org\/pl\/news-items\/category\/uncategorized\/"},{"label":"Art of Photography Conference","link":"https:\/\/naturefirst.org\/pl\/news-items\/2021\/02\/27\/art-of-photography-conference\/"}],"authors":[{"term_id":50,"user_id":41,"is_guest":0,"slug":"malok","display_name":"Erik Stensland","avatar_url":"https:\/\/naturefirst.org\/wp-content\/litespeed\/avatar\/dc919d09faceea080d4922c2a13f75e5.jpg?ver=1788046833","author_category":"","user_url":"http:\/\/www.ErikStensland.com","last_name":"Stensland","first_name":"Erik","job_title":"","description":"Erik Stensland is a nature photographer and author based in Estes Park, Colorado at the edge of Rocky Mountain National Park. \r\n\u2014\r\nWhen I was five years old my dad told me that if I sprinkled salt on the tail of a bear that it would follow me home. As a result of his dubious advice, much of my early childhood was spent exploring the mountainous terrain around our Montana home with saltshaker in hand. During these years the wilderness found its way into some deep place within me and became a central part of my life. The solitude, the silence and the sense of connection with something much greater than myself has drawn me ever since.\r\n\r\nAfter college I spent about a decade living in Europe&#039;s Balkan Peninsula with my wife Joanna. Years of high stress during this period led to severe burnout. In pursuit of restoration I jumped at an opportunity to move to the mountains of Colorado at the edge of Rocky Mountain National Park. There, on quiet trails, surrounded by beauty and solitude, my soul began to recover.\r\n\r\nI decided to make a career of hiking and so became a professional nature photographer. As I hiked the many trails of the national park both day and night in pursuit of unique images, I came back to life and found myself overflowing with things I wanted to write about. This led me to become a writer and also a publisher. This time in the wild continues to impress on me that we all need more solitude, stillness, silence, and beauty in our lives."}],"_links":{"self":[{"href":"https:\/\/naturefirst.org\/pl\/wp-json\/wp\/v2\/posts\/86","targetHints":{"allow":["GET"]}}],"collection":[{"href":"https:\/\/naturefirst.org\/pl\/wp-json\/wp\/v2\/posts"}],"about":[{"href":"https:\/\/naturefirst.org\/pl\/wp-json\/wp\/v2\/types\/post"}],"author":[{"embeddable":true,"href":"https:\/\/naturefirst.org\/pl\/wp-json\/wp\/v2\/users\/41"}],"replies":[{"embeddable":true,"href":"https:\/\/naturefirst.org\/pl\/wp-json\/wp\/v2\/comments?post=86"}],"version-history":[{"count":10,"href":"https:\/\/naturefirst.org\/pl\/wp-json\/wp\/v2\/posts\/86\/revisions"}],"predecessor-version":[{"id":4941,"href":"https:\/\/naturefirst.org\/pl\/wp-json\/wp\/v2\/posts\/86\/revisions\/4941"}],"wp:featuredmedia":[{"embeddable":true,"href":"https:\/\/naturefirst.org\/pl\/wp-json\/wp\/v2\/media\/87"}],"wp:attachment":[{"href":"https:\/\/naturefirst.org\/pl\/wp-json\/wp\/v2\/media?parent=86"}],"wp:term":[{"taxonomy":"category","embeddable":true,"href":"https:\/\/naturefirst.org\/pl\/wp-json\/wp\/v2\/categories?post=86"},{"taxonomy":"post_tag","embeddable":true,"href":"https:\/\/naturefirst.org\/pl\/wp-json\/wp\/v2\/tags?post=86"},{"taxonomy":"author","embeddable":true,"href":"https:\/\/naturefirst.org\/pl\/wp-json\/wp\/v2\/ppma_author?post=86"}],"curies":[{"name":"wp","href":"https:\/\/api.w.org\/{rel}","templated":true}]}}