{"id":91,"date":"2021-01-30T17:12:36","date_gmt":"2021-01-30T17:12:36","guid":{"rendered":"https:\/\/naturefirst.org\/2021-1-30-2021-winter-newsletter\/"},"modified":"2023-01-24T13:59:57","modified_gmt":"2023-01-24T20:59:57","slug":"2021-winter-newsletter","status":"publish","type":"post","link":"https:\/\/naturefirst.org\/pl\/news-items\/2021\/01\/30\/2021-winter-newsletter\/","title":{"rendered":"Zimowy biuletyn 2021"},"content":{"rendered":"<div data-elementor-type=\"wp-post\" data-elementor-id=\"91\" class=\"elementor elementor-91\" data-elementor-post-type=\"post\">\n\t\t\t\t\t\t<section class=\"elementor-section elementor-top-section elementor-element elementor-element-da9428c elementor-section-boxed elementor-section-height-default elementor-section-height-default\" data-id=\"da9428c\" data-element_type=\"section\" data-e-type=\"section\">\n\t\t\t\t\t\t<div class=\"elementor-container elementor-column-gap-default\">\n\t\t\t\t\t<div class=\"elementor-column elementor-col-100 elementor-top-column elementor-element elementor-element-b8c7449\" data-id=\"b8c7449\" data-element_type=\"column\" data-e-type=\"column\">\n\t\t\t<div class=\"elementor-widget-wrap elementor-element-populated\">\n\t\t\t\t\t\t<div class=\"elementor-element elementor-element-62de2a2 elementor-widget elementor-widget-post-info\" data-id=\"62de2a2\" data-element_type=\"widget\" data-e-type=\"widget\" data-widget_type=\"post-info.default\">\n\t\t\t\t<div class=\"elementor-widget-container\">\n\t\t\t\t\t\t\t<ul class=\"elementor-inline-items elementor-icon-list-items elementor-post-info\">\n\t\t\t\t\t\t\t\t<li class=\"elementor-icon-list-item elementor-repeater-item-e0e6df6 elementor-inline-item\" itemprop=\"datePublished\">\n\t\t\t\t\t\t<a href=\"https:\/\/naturefirst.org\/pl\/news-items\/2021\/01\/30\/\">\n\t\t\t\t\t\t\t\t\t\t\t<span class=\"elementor-icon-list-icon\">\n\t\t\t\t\t\t\t\t<i aria-hidden=\"true\" class=\"fas fa-calendar\"><\/i>\t\t\t\t\t\t\t<\/span>\n\t\t\t\t\t\t\t\t\t<span class=\"elementor-icon-list-text elementor-post-info__item elementor-post-info__item--type-date\">\n\t\t\t\t\t\t\t\t\t\t<time>30 stycznia 2021<\/time>\t\t\t\t\t<\/span>\n\t\t\t\t\t\t\t\t\t<\/a>\n\t\t\t\t<\/li>\n\t\t\t\t<\/ul>\n\t\t\t\t\t\t<\/div>\n\t\t\t\t<\/div>\n\t\t\t\t<div class=\"elementor-element elementor-element-964b48f elementor-widget elementor-widget-heading\" data-id=\"964b48f\" data-element_type=\"widget\" data-e-type=\"widget\" data-widget_type=\"heading.default\">\n\t\t\t\t<div class=\"elementor-widget-container\">\n\t\t\t\t\t<h2 class=\"elementor-heading-title elementor-size-default\">Witamy w 2021 roku!<\/h2>\t\t\t\t<\/div>\n\t\t\t\t<\/div>\n\t\t\t\t\t<\/div>\n\t\t<\/div>\n\t\t\t\t\t<\/div>\n\t\t<\/section>\n\t\t\t\t<section class=\"elementor-section elementor-top-section elementor-element elementor-element-7d8b917 elementor-section-boxed elementor-section-height-default elementor-section-height-default\" data-id=\"7d8b917\" data-element_type=\"section\" data-e-type=\"section\">\n\t\t\t\t\t\t<div class=\"elementor-container elementor-column-gap-default\">\n\t\t\t\t\t<div class=\"elementor-column elementor-col-100 elementor-top-column elementor-element elementor-element-cc0e21c\" data-id=\"cc0e21c\" data-element_type=\"column\" data-e-type=\"column\">\n\t\t\t<div class=\"elementor-widget-wrap elementor-element-populated\">\n\t\t\t\t\t\t<div class=\"elementor-element elementor-element-ac383a5 elementor-widget elementor-widget-image\" data-id=\"ac383a5\" data-element_type=\"widget\" data-e-type=\"widget\" data-widget_type=\"image.default\">\n\t\t\t\t<div class=\"elementor-widget-container\">\n\t\t\t\t\t\t\t\t\t\t\t\t\t\t\t<img fetchpriority=\"high\" decoding=\"async\" width=\"1024\" height=\"683\" src=\"https:\/\/naturefirst.org\/wp-content\/uploads\/image1-1-1024x683.jpg\" class=\"attachment-large size-large wp-image-92\" alt=\"\" srcset=\"https:\/\/naturefirst.org\/wp-content\/uploads\/image1-1-1024x683.jpg.webp 1024w, https:\/\/naturefirst.org\/wp-content\/uploads\/image1-1-500x333.jpg.webp 500w, https:\/\/naturefirst.org\/wp-content\/uploads\/image1-1-768x512.jpg.webp 768w, https:\/\/naturefirst.org\/wp-content\/uploads\/image1-1-18x12.jpg.webp 18w, https:\/\/naturefirst.org\/wp-content\/uploads\/image1-1.jpg.webp 1200w\" sizes=\"(max-width: 1024px) 100vw, 1024px\" \/>\t\t\t\t\t\t\t\t\t\t\t\t\t\t\t<\/div>\n\t\t\t\t<\/div>\n\t\t\t\t\t<\/div>\n\t\t<\/div>\n\t\t\t\t\t<\/div>\n\t\t<\/section>\n\t\t\t\t<section class=\"elementor-section elementor-top-section elementor-element elementor-element-a2b1db7 elementor-section-boxed elementor-section-height-default elementor-section-height-default\" data-id=\"a2b1db7\" data-element_type=\"section\" data-e-type=\"section\">\n\t\t\t\t\t\t<div class=\"elementor-container elementor-column-gap-default\">\n\t\t\t\t\t<div class=\"elementor-column elementor-col-100 elementor-top-column elementor-element elementor-element-541bc4b\" data-id=\"541bc4b\" data-element_type=\"column\" data-e-type=\"column\">\n\t\t\t<div class=\"elementor-widget-wrap elementor-element-populated\">\n\t\t\t\t\t\t<div class=\"elementor-element elementor-element-a018102 elementor-widget elementor-widget-text-editor\" data-id=\"a018102\" data-element_type=\"widget\" data-e-type=\"widget\" data-widget_type=\"text-editor.default\">\n\t\t\t\t<div class=\"elementor-widget-container\">\n\t\t\t\t\t\t\t\t\t<p>My tutaj w Nature First jeste\u015bmy wdzi\u0119czni za nowy rok i oczekiwanie na stopniowy powr\u00f3t do \u017cycia, kt\u00f3re kiedy\u015b mieli\u015bmy. Jeste\u015bmy r\u00f3wnie\u017c bardzo wdzi\u0119czni za wszystkich, kt\u00f3rzy s\u0105 cz\u0119\u015bci\u0105 tego wa\u017cnego ruchu. Nadal znajdujemy si\u0119 w trudnym czasie, poniewa\u017c wirus nadal wp\u0142ywa na tak wiele z naszych \u017cy\u0107 i plan\u00f3w. Zdajemy sobie spraw\u0119, \u017ce wi\u0119kszo\u015b\u0107 z Was nadal boryka si\u0119 z ograniczeniami, przestojami, ci\u0105g\u0142ym zagro\u017ceniem chorob\u0105, utrat\u0105 bliskich i wp\u0142ywem na w\u0142asne dochody i gospodark\u0119. Zdajemy sobie r\u00f3wnie\u017c spraw\u0119 z wp\u0142ywu, jaki ten kryzys wywar\u0142 na zdrowie psychiczne tak wielu z nas. By\u0142o to g\u0142\u0119boko odczuwane nie tylko przez nas, ale tak\u017ce przez nasze rodziny i nasze spo\u0142eczno\u015bci. Bior\u0105c to wszystko pod uwag\u0119, zdajemy sobie spraw\u0119, \u017ce Nature First mo\u017ce nie by\u0107 na pierwszym planie waszych umys\u0142\u00f3w, dlatego chcemy szczeg\u00f3lnie podzi\u0119kowa\u0107 ka\u017cdemu z was, kt\u00f3rzy opowiadaj\u0105 si\u0119 za naszymi dzikimi miejscami i stosuj\u0105 <a href=\"https:\/\/naturefirst.org\/pl\/principles\/\">Zasady Nature First<\/a> w tych trudnych dniach.<\/p>\t\t\t\t\t\t\t\t<\/div>\n\t\t\t\t<\/div>\n\t\t\t\t\t<\/div>\n\t\t<\/div>\n\t\t\t\t\t<\/div>\n\t\t<\/section>\n\t\t\t\t<section class=\"elementor-section elementor-top-section elementor-element elementor-element-87f3fb2 elementor-section-boxed elementor-section-height-default elementor-section-height-default\" data-id=\"87f3fb2\" data-element_type=\"section\" data-e-type=\"section\">\n\t\t\t\t\t\t<div class=\"elementor-container elementor-column-gap-default\">\n\t\t\t\t\t<div class=\"elementor-column elementor-col-100 elementor-top-column elementor-element elementor-element-21874b0\" data-id=\"21874b0\" data-element_type=\"column\" data-e-type=\"column\">\n\t\t\t<div class=\"elementor-widget-wrap elementor-element-populated\">\n\t\t\t\t\t\t<div class=\"elementor-element elementor-element-4152599 elementor-widget elementor-widget-image\" data-id=\"4152599\" data-element_type=\"widget\" data-e-type=\"widget\" data-widget_type=\"image.default\">\n\t\t\t\t<div class=\"elementor-widget-container\">\n\t\t\t\t\t\t\t\t\t\t\t\t\t\t\t<img decoding=\"async\" width=\"1024\" height=\"768\" src=\"https:\/\/naturefirst.org\/wp-content\/uploads\/1_image2-1024x768.jpg\" class=\"attachment-large size-large wp-image-1471\" alt=\"\" srcset=\"https:\/\/naturefirst.org\/wp-content\/uploads\/1_image2-1024x768.jpg.webp 1024w, https:\/\/naturefirst.org\/wp-content\/uploads\/1_image2-500x375.jpg.webp 500w, https:\/\/naturefirst.org\/wp-content\/uploads\/1_image2-768x576.jpg.webp 768w, https:\/\/naturefirst.org\/wp-content\/uploads\/1_image2-16x12.jpg.webp 16w, https:\/\/naturefirst.org\/wp-content\/uploads\/1_image2.jpg.webp 1200w\" sizes=\"(max-width: 1024px) 100vw, 1024px\" \/>\t\t\t\t\t\t\t\t\t\t\t\t\t\t\t<\/div>\n\t\t\t\t<\/div>\n\t\t\t\t\t<\/div>\n\t\t<\/div>\n\t\t\t\t\t<\/div>\n\t\t<\/section>\n\t\t\t\t<section class=\"elementor-section elementor-top-section elementor-element elementor-element-46bc5f2 elementor-section-boxed elementor-section-height-default elementor-section-height-default\" data-id=\"46bc5f2\" data-element_type=\"section\" data-e-type=\"section\">\n\t\t\t\t\t\t<div class=\"elementor-container elementor-column-gap-default\">\n\t\t\t\t\t<div class=\"elementor-column elementor-col-100 elementor-top-column elementor-element elementor-element-0e2f081\" data-id=\"0e2f081\" data-element_type=\"column\" data-e-type=\"column\">\n\t\t\t<div class=\"elementor-widget-wrap elementor-element-populated\">\n\t\t\t\t\t\t<div class=\"elementor-element elementor-element-f8d3500 elementor-widget elementor-widget-text-editor\" data-id=\"f8d3500\" data-element_type=\"widget\" data-e-type=\"widget\" data-widget_type=\"text-editor.default\">\n\t\t\t\t<div class=\"elementor-widget-container\">\n\t\t\t\t\t\t\t\t\t<h3><strong>WYZWANIE OBSZAR\u00d3W NATURALNYCH<\/strong><\/h3><p class=\"\">W wielu miejscach na ca\u0142ym \u015bwiecie obserwujemy szkodliwe skutki na terenach publicznych i innych naturalnych miejscach z powodu zwi\u0119kszonej aktywno\u015bci na \u015bwie\u017cym powietrzu z powodu wirusa. Gwa\u0142towny wzrost liczby odwiedzin doprowadzi\u0142 do wzrostu ilo\u015bci \u015bmieci, zdeptanej ro\u015blinno\u015bci, porzuconych ognisk i wielu innych skutk\u00f3w \u015brodowiskowych na obszarach naturalnych. Poniewa\u017c jednak nadal obserwujemy negatywne skutki dla naszych ziem i dzikich miejsc, uwa\u017camy, \u017ce jest to doskona\u0142y czas na edukacj\u0119 i \u015bwiadomo\u015b\u0107. Widzimy, \u017ce wielu z was to robi i wspaniale jest widzie\u0107, jak ten ruch nabiera rozp\u0119du. Widzieli\u015bmy nawet miejsca takie jak San Diego w Kalifornii, kt\u00f3re umieszcza\u0142y w swoich parkach znaki promuj\u0105ce <a href=\"https:\/\/naturefirst.org\/pl\/principles\/\">Zasady Nature First<\/a>. Kontynuujcie dobr\u0105 prac\u0119, edukuj\u0105c ludzi, jak by\u0107 odpowiedzialnym w \u015bwiecie przyrody.<\/p>\t\t\t\t\t\t\t\t<\/div>\n\t\t\t\t<\/div>\n\t\t\t\t\t<\/div>\n\t\t<\/div>\n\t\t\t\t\t<\/div>\n\t\t<\/section>\n\t\t\t\t<section class=\"elementor-section elementor-top-section elementor-element elementor-element-c5eb75d elementor-section-boxed elementor-section-height-default elementor-section-height-default\" data-id=\"c5eb75d\" data-element_type=\"section\" data-e-type=\"section\">\n\t\t\t\t\t\t<div class=\"elementor-container elementor-column-gap-default\">\n\t\t\t\t\t<div class=\"elementor-column elementor-col-100 elementor-top-column elementor-element elementor-element-6213576\" data-id=\"6213576\" data-element_type=\"column\" data-e-type=\"column\">\n\t\t\t<div class=\"elementor-widget-wrap elementor-element-populated\">\n\t\t\t\t\t\t<div class=\"elementor-element elementor-element-836c2b0 elementor-widget elementor-widget-image\" data-id=\"836c2b0\" data-element_type=\"widget\" data-e-type=\"widget\" data-widget_type=\"image.default\">\n\t\t\t\t<div class=\"elementor-widget-container\">\n\t\t\t\t\t\t\t\t\t\t\t\t<figure class=\"wp-caption\">\n\t\t\t\t\t\t\t\t\t\t<img decoding=\"async\" width=\"1024\" height=\"576\" src=\"https:\/\/naturefirst.org\/wp-content\/uploads\/1_image3-1024x576.jpg\" class=\"attachment-large size-large wp-image-1472\" alt=\"\" srcset=\"https:\/\/naturefirst.org\/wp-content\/uploads\/1_image3-1024x576.jpg.webp 1024w, https:\/\/naturefirst.org\/wp-content\/uploads\/1_image3-500x281.jpg.webp 500w, https:\/\/naturefirst.org\/wp-content\/uploads\/1_image3-768x432.jpg.webp 768w, https:\/\/naturefirst.org\/wp-content\/uploads\/1_image3-18x10.jpg.webp 18w, https:\/\/naturefirst.org\/wp-content\/uploads\/1_image3.jpg.webp 1200w\" sizes=\"(max-width: 1024px) 100vw, 1024px\" \/>\t\t\t\t\t\t\t\t\t\t\t<figcaption class=\"widget-image-caption wp-caption-text\">Znak wys\u0142any w parkach San Diego, Kalifornia, USA<\/figcaption>\n\t\t\t\t\t\t\t\t\t\t<\/figure>\n\t\t\t\t\t\t\t\t\t<\/div>\n\t\t\t\t<\/div>\n\t\t\t\t\t<\/div>\n\t\t<\/div>\n\t\t\t\t\t<\/div>\n\t\t<\/section>\n\t\t\t\t<section class=\"elementor-section elementor-top-section elementor-element elementor-element-4aa0063 elementor-section-boxed elementor-section-height-default elementor-section-height-default\" data-id=\"4aa0063\" data-element_type=\"section\" data-e-type=\"section\">\n\t\t\t\t\t\t<div class=\"elementor-container elementor-column-gap-default\">\n\t\t\t\t\t<div class=\"elementor-column elementor-col-100 elementor-top-column elementor-element elementor-element-a98e99f\" data-id=\"a98e99f\" data-element_type=\"column\" data-e-type=\"column\">\n\t\t\t<div class=\"elementor-widget-wrap elementor-element-populated\">\n\t\t\t\t\t\t<div class=\"elementor-element elementor-element-858e549 elementor-widget elementor-widget-text-editor\" data-id=\"858e549\" data-element_type=\"widget\" data-e-type=\"widget\" data-widget_type=\"text-editor.default\">\n\t\t\t\t<div class=\"elementor-widget-container\">\n\t\t\t\t\t\t\t\t\t<div id=\"block-yui_3_17_2_1_1612023483161_39575\" class=\"sqs-block html-block sqs-block-html\" data-block-type=\"2\"><div class=\"sqs-block-content\"><h3><strong>NAJWA\u017bNIEJSZY CZ\u0141ONEK: SIMON BAXTER<\/strong><\/h3><p class=\"\">Dzisiaj chcieliby\u015bmy wyr\u00f3\u017cni\u0107 cz\u0142onka, kt\u00f3ry daje przyk\u0142ad i pokazuje, co to znaczy by\u0107 ambasadorem \u015bwiata przyrody. Simon Baxter jest znanym fotografem przyrody z Wielkiej Brytanii\u00a0<a href=\"https:\/\/www.youtube.com\/channel\/UCcGPU4A6xJ1OYOkvfMoo25w\" target=\"_blank\" rel=\"noopener\">Filmy na youtube<\/a>\u00a0i wspania\u0142e zdj\u0119cia le\u015bne. Zadali\u015bmy Simonowi kilka pyta\u0144 na temat Nature First i kreatywnych sposob\u00f3w, w jakie znalaz\u0142 spos\u00f3b na odwdzi\u0119czenie si\u0119 obszarom, kt\u00f3re uwielbia fotografowa\u0107.<\/p><\/div><\/div><div id=\"block-yui_3_17_2_1_1612023483161_46941\" class=\"sqs-block image-block sqs-block-image sqs-col-5 span-5 float float-right sqs-text-ready\" data-aspect-ratio=\"158.09859154929578\" data-block-type=\"5\"><div id=\"yui_3_17_2_1_1668183147617_436\" class=\"sqs-block-content\"><div id=\"yui_3_17_2_1_1668183147617_435\" class=\"image-block-outer-wrapper          layout-caption-hidden          design-layout-inline          combination-animation-none          individual-animation-none          individual-text-animation-none         sqs-narrow-width\" data-test=\"image-block-inline-outer-wrapper\"><figure id=\"yui_3_17_2_1_1668183147617_434\" class=\"sqs-block-image-figure              intrinsic\"><div id=\"yui_3_17_2_1_1668183147617_433\" class=\"image-block-wrapper\" data-animation-role=\"image\"><div id=\"yui_3_17_2_1_1668183147617_432\" class=\"sqs-image-shape-container-element                                              has-aspect-ratio\"><img decoding=\"async\" class=\"thumb-image loaded alignright\" src=\"https:\/\/images.squarespace-cdn.com\/content\/v1\/5c69df27ca525b3b56a5cce6\/1612024599682-QGY095B7FPTNOZTZXW01\/simonbaxter.jpg?format=300w\" alt=\"simonbaxter.jpg\" data-src=\"https:\/\/images.squarespace-cdn.com\/content\/v1\/5c69df27ca525b3b56a5cce6\/1612024599682-QGY095B7FPTNOZTZXW01\/simonbaxter.jpg\" data-image=\"https:\/\/images.squarespace-cdn.com\/content\/v1\/5c69df27ca525b3b56a5cce6\/1612024599682-QGY095B7FPTNOZTZXW01\/simonbaxter.jpg\" data-image-dimensions=\"360x540\" data-image-focal-point=\"0.5,0.5\" data-load=\"false\" data-image-id=\"60158b1731367d7eb9a70808\" data-type=\"image\" data-image-resolution=\"300w\" \/><\/div><\/div><\/figure><\/div><\/div><\/div><div id=\"block-yui_3_17_2_1_1612023483161_71534\" class=\"sqs-block html-block sqs-block-html\" data-block-type=\"2\"><div class=\"sqs-block-content\"><p class=\"\"><em>\u201eDo\u0142\u0105czy\u0142em do Nature First wiosn\u0105 2019 roku, poniewa\u017c ca\u0142ym sercem zgadza\u0142em si\u0119 z zasadami, kt\u00f3re przekazuje organizacja. Wysy\u0142a pozytywn\u0105 wiadomo\u015b\u0107 do spo\u0142eczno\u015bci, kt\u00f3ra zawsze powinna by\u0107 w naszych my\u015blach jako fotograf\u00f3w plenerowych i mi\u0142o\u015bnik\u00f3w przyrody. B\u0119d\u0105c kim\u015b, kto zosta\u0142 g\u0142\u0119boko dotkni\u0119ty swobodnie dost\u0119pnymi terapeutycznymi korzy\u015bciami natury, uwa\u017cam, \u017ce wa\u017cne jest, aby dostosowa\u0107 si\u0119 do potrzeb natury i wykorzysta\u0107 nasz\u0105 prac\u0119 jako si\u0142\u0119 do czynienia dobra\u201d.<\/em><\/p><p class=\"\">Simon uruchomi\u0142 program o nazwie \u201e<a href=\"https:\/\/treesforlife.org.uk\/groves\/g8298\/\" target=\"_blank\" rel=\"noopener\">Gaj Meg<\/a>\u201d, kt\u00f3ra do tej pory zebra\u0142a \u015brodki na posadzenie prawie 1800 drzew. Ten projekt jest cz\u0119\u015bci\u0105 wi\u0119kszego\u00a0<a href=\"https:\/\/treesforlife.org.uk\/\" target=\"_blank\" rel=\"noopener\">Drzewa na ca\u0142e \u017cycie\u00a0<\/a>inicjatywa w Szkocji Aktywnie zbiera \u015bmieci na fotografowanych przez siebie terenach i m\u00f3wi, \u017ce kiedy pojawiaj\u0105 si\u0119 oznaki jego obecno\u015bci w lesie, daje im czas na regeneracj\u0119 przed ponownym fotografowaniem.<\/p><p class=\"\"><em>\u201eOdk\u0105d w grudniu 2016 r. za\u0142o\u017cy\u0142em sw\u00f3j kana\u0142 na YouTube, zawsze stara\u0142em si\u0119 wyrazi\u0107 moj\u0105 mi\u0142o\u015b\u0107 do las\u00f3w, dziko\u015bci, a zw\u0142aszcza wzbogacaj\u0105cego procesu fotografowania i \u0142\u0105czenia si\u0119 z lokalnym krajobrazem. Moim przes\u0142aniem by\u0142o zainspirowanie fotograf\u00f3w do znalezienia tw\u00f3rczego i osobistego spe\u0142nienia bli\u017cej domu i pokazanie, \u017ce zrozumienie i troska o krajobraz mo\u017ce informowa\u0107 i ulepsza\u0107 nasz\u0105 fotografi\u0119. \u201c<\/em><\/p><p class=\"\">Bardzo dzi\u0119kujemy Simonowi za podzielenie si\u0119 z nami i mamy nadziej\u0119, \u017ce zach\u0119ci to was wszystkich do zastanowienia si\u0119, w jaki spos\u00f3b wy r\u00f3wnie\u017c mo\u017cecie co\u015b zmieni\u0107 w swoich fotografiach i <a href=\"https:\/\/naturefirst.org\/pl\/principles\/\">Zasady Nature First<\/a>. Je\u015bli znasz kogo\u015b, kto robi r\u00f3\u017cnic\u0119 dzi\u0119ki swoim fotografiom, prosz\u0119\u00a0<a href=\"mailto:info@naturefirst.org?subject=Someone%20Making%20a%20Difference\" target=\"_blank\" rel=\"noopener\">Powiadom nas<\/a>.<\/p><\/div><\/div>\t\t\t\t\t\t\t\t<\/div>\n\t\t\t\t<\/div>\n\t\t\t\t\t<\/div>\n\t\t<\/div>\n\t\t\t\t\t<\/div>\n\t\t<\/section>\n\t\t\t\t<section class=\"elementor-section elementor-top-section elementor-element elementor-element-74c24a2 elementor-section-boxed elementor-section-height-default elementor-section-height-default\" data-id=\"74c24a2\" data-element_type=\"section\" data-e-type=\"section\">\n\t\t\t\t\t\t<div class=\"elementor-container elementor-column-gap-default\">\n\t\t\t\t\t<div class=\"elementor-column elementor-col-100 elementor-top-column elementor-element elementor-element-ddba3e5\" data-id=\"ddba3e5\" data-element_type=\"column\" data-e-type=\"column\">\n\t\t\t<div class=\"elementor-widget-wrap elementor-element-populated\">\n\t\t\t\t\t\t<div class=\"elementor-element elementor-element-5e91e46 elementor-widget elementor-widget-image\" data-id=\"5e91e46\" data-element_type=\"widget\" data-e-type=\"widget\" data-widget_type=\"image.default\">\n\t\t\t\t<div class=\"elementor-widget-container\">\n\t\t\t\t\t\t\t\t\t\t\t\t\t\t\t<img loading=\"lazy\" decoding=\"async\" width=\"1000\" height=\"625\" src=\"https:\/\/naturefirst.org\/wp-content\/uploads\/1_image4.jpg\" class=\"attachment-large size-large wp-image-1474\" alt=\"\" srcset=\"https:\/\/naturefirst.org\/wp-content\/uploads\/1_image4.jpg.webp 1000w, https:\/\/naturefirst.org\/wp-content\/uploads\/1_image4-500x313.jpg.webp 500w, https:\/\/naturefirst.org\/wp-content\/uploads\/1_image4-768x480.jpg.webp 768w, https:\/\/naturefirst.org\/wp-content\/uploads\/1_image4-18x12.jpg.webp 18w\" sizes=\"(max-width: 1000px) 100vw, 1000px\" \/>\t\t\t\t\t\t\t\t\t\t\t\t\t\t\t<\/div>\n\t\t\t\t<\/div>\n\t\t\t\t\t<\/div>\n\t\t<\/div>\n\t\t\t\t\t<\/div>\n\t\t<\/section>\n\t\t\t\t<section class=\"elementor-section elementor-top-section elementor-element elementor-element-a35ed89 elementor-section-boxed elementor-section-height-default elementor-section-height-default\" data-id=\"a35ed89\" data-element_type=\"section\" data-e-type=\"section\">\n\t\t\t\t\t\t<div class=\"elementor-container elementor-column-gap-default\">\n\t\t\t\t\t<div class=\"elementor-column elementor-col-100 elementor-top-column elementor-element elementor-element-6e48967\" data-id=\"6e48967\" data-element_type=\"column\" data-e-type=\"column\">\n\t\t\t<div class=\"elementor-widget-wrap elementor-element-populated\">\n\t\t\t\t\t\t<div class=\"elementor-element elementor-element-6fc0fee elementor-widget elementor-widget-text-editor\" data-id=\"6fc0fee\" data-element_type=\"widget\" data-e-type=\"widget\" data-widget_type=\"text-editor.default\">\n\t\t\t\t<div class=\"elementor-widget-container\">\n\t\t\t\t\t\t\t\t\t<h3><strong>NAJWA\u017bNIEJSZE WYR\u00d3\u017bNIENIE PARTNERA: FOTO CASCADIA<\/strong><\/h3><p class=\"\">Program partnerski Nature First umo\u017cliwia organizacjom o podobnych pogl\u0105dach po\u0142\u0105czenie si\u0142 z Nature First w celu rozszerzenia naszego zasi\u0119gu w promowaniu odpowiedzialnej fotografii przyrody. Wsp\u00f3\u0142pracujemy z wieloma organizacjami, z kt\u00f3rych wiele robi wspania\u0142e rzeczy dla \u015brodowiska. Pe\u0142n\u0105 list\u0119 naszych partner\u00f3w znajdziesz na stronie\u00a0<a href=\"https:\/\/naturefirst.org\/pl\/partners\/\">strona partnerska<\/a>\u00a0naszej strony internetowej.<\/p><p class=\"\">Photo Cascadia by\u0142a jedn\u0105 z naszych pierwszych partnerstw. To wyj\u0105tkowa organizacja, b\u0119d\u0105ca efektem wsp\u00f3\u0142pracy siedmiu fotograf\u00f3w z regionu Cascadia w Stanach Zjednoczonych, kt\u00f3rych nazwiska s\u0105 znane w \u015bwiecie fotografii przyrodniczej: Erin Babnik, Sean Bagshaw, David Cobb, Adrian Klein, Kevin McNeal, Chip Phillips i Zach Schnepf . Pracuj\u0105 razem, aby odkrywa\u0107, edukowa\u0107, inspirowa\u0107 i zach\u0119ca\u0107 do zarz\u0105dzania i ochrony przyrody.<\/p>\t\t\t\t\t\t\t\t<\/div>\n\t\t\t\t<\/div>\n\t\t\t\t\t<\/div>\n\t\t<\/div>\n\t\t\t\t\t<\/div>\n\t\t<\/section>\n\t\t\t\t<section class=\"elementor-section elementor-top-section elementor-element elementor-element-3af6308 elementor-section-boxed elementor-section-height-default elementor-section-height-default\" data-id=\"3af6308\" data-element_type=\"section\" data-e-type=\"section\">\n\t\t\t\t\t\t<div class=\"elementor-container elementor-column-gap-default\">\n\t\t\t\t\t<div class=\"elementor-column elementor-col-100 elementor-top-column elementor-element elementor-element-dc61cfc\" data-id=\"dc61cfc\" data-element_type=\"column\" data-e-type=\"column\">\n\t\t\t<div class=\"elementor-widget-wrap elementor-element-populated\">\n\t\t\t\t\t\t<div class=\"elementor-element elementor-element-b73e37f elementor-widget elementor-widget-image\" data-id=\"b73e37f\" data-element_type=\"widget\" data-e-type=\"widget\" data-widget_type=\"image.default\">\n\t\t\t\t<div class=\"elementor-widget-container\">\n\t\t\t\t\t\t\t\t\t\t\t\t\t\t\t<img loading=\"lazy\" decoding=\"async\" width=\"1024\" height=\"683\" src=\"https:\/\/naturefirst.org\/wp-content\/uploads\/photocascadia-1024x683.jpg\" class=\"attachment-large size-large wp-image-1475\" alt=\"\" srcset=\"https:\/\/naturefirst.org\/wp-content\/uploads\/photocascadia-1024x683.jpg.webp 1024w, https:\/\/naturefirst.org\/wp-content\/uploads\/photocascadia-500x333.jpg.webp 500w, https:\/\/naturefirst.org\/wp-content\/uploads\/photocascadia-768x512.jpg.webp 768w, https:\/\/naturefirst.org\/wp-content\/uploads\/photocascadia-18x12.jpg.webp 18w, https:\/\/naturefirst.org\/wp-content\/uploads\/photocascadia.jpg.webp 1080w\" sizes=\"(max-width: 1024px) 100vw, 1024px\" \/>\t\t\t\t\t\t\t\t\t\t\t\t\t\t\t<\/div>\n\t\t\t\t<\/div>\n\t\t\t\t\t<\/div>\n\t\t<\/div>\n\t\t\t\t\t<\/div>\n\t\t<\/section>\n\t\t\t\t<section class=\"elementor-section elementor-top-section elementor-element elementor-element-484217a elementor-section-boxed elementor-section-height-default elementor-section-height-default\" data-id=\"484217a\" data-element_type=\"section\" data-e-type=\"section\">\n\t\t\t\t\t\t<div class=\"elementor-container elementor-column-gap-default\">\n\t\t\t\t\t<div class=\"elementor-column elementor-col-100 elementor-top-column elementor-element elementor-element-89e73dc\" data-id=\"89e73dc\" data-element_type=\"column\" data-e-type=\"column\">\n\t\t\t<div class=\"elementor-widget-wrap elementor-element-populated\">\n\t\t\t\t\t\t<div class=\"elementor-element elementor-element-7ef4028 elementor-widget elementor-widget-text-editor\" data-id=\"7ef4028\" data-element_type=\"widget\" data-e-type=\"widget\" data-widget_type=\"text-editor.default\">\n\t\t\t\t<div class=\"elementor-widget-container\">\n\t\t\t\t\t\t\t\t\t<p class=\"\">Sean Bagshaw powiedzia\u0142 niedawno: \u201ePhoto Cascadia ma nadziej\u0119 zainspirowa\u0107 innych do \u0142\u0105czenia si\u0119, doceniania i bronienia \u015bwiata przyrody. Wa\u017cne jest, aby\u015bmy kroczyli \u015bcie\u017ck\u0105 i byli cz\u0119\u015bci\u0105 rozwi\u0105zania, a nie problemu. Poprzez nasze pisanie, nauczanie i m\u00f3wienie zawsze mieli\u015bmy nadziej\u0119 edukowa\u0107 i o\u015bwieca\u0107. Teraz dzielimy si\u0119 tym przes\u0142aniem poprzez misj\u0119 i zasady ustanowione przez Nature First\u201d.<\/p><p class=\"\">Niedawno zesp\u00f3\u0142 Photo Cascadia wyda\u0142 now\u0105 ksi\u0105\u017ck\u0119 w twardej oprawie, aby pom\u00f3c w promowaniu wi\u0119kszej mi\u0142o\u015bci i ch\u0119ci ochrony spektakularnej przyrody w ich regionie. Jest zatytu\u0142owany\u00a0<a href=\"https:\/\/www.photocascadia.com\/store\/oregon-my-oregon-land-of-natural-wonders-by-photo-cascadia\/\" target=\"_blank\" rel=\"noopener\">Oregon, m\u00f3j Oregon, kraina cud\u00f3w natury<\/a>. Odwied\u017a stron\u0119 Photo Cascadia, aby dowiedzie\u0107 si\u0119 wi\u0119cej o nich i zainspirowa\u0107 si\u0119:\u00a0<a href=\"https:\/\/www.photocascadia.com\/\" target=\"_blank\" rel=\"noopener\">Zdj\u0119cie Cascadia<\/a>.<\/p><h3><strong>NAJPIERW WIADOMO\u015aCI OD NATURY<\/strong><\/h3><p class=\"\">Chocia\u017c mo\u017cesz mie\u0107 wra\u017cenie, \u017ce nie s\u0142yszysz ani nie widzisz wiele z Nature First, za kulisami dzieje si\u0119 du\u017co. Mamy dziewi\u0119ciu wolontariuszy i 30 rzecznik\u00f3w spo\u0142eczno\u015bci na ca\u0142ym \u015bwiecie. Jako personel prawie codziennie mamy spotkania i dyskusje, aby zbudowa\u0107 fundamenty tej organizacji i upewni\u0107 si\u0119, \u017ce ruch ten wywiera wp\u0142yw. Rzecznicy spo\u0142eczni r\u00f3wnie\u017c ci\u0119\u017cko pracuj\u0105 w swoich regionach, a tak\u017ce wsp\u00f3\u0142pracuj\u0105 ze sob\u0105 na ca\u0142ym \u015bwiecie.<\/p><p class=\"\">Niekt\u00f3rzy z naszych pracownik\u00f3w pracowali nad zarejestrowaniem Nature First jako oficjalnej organizacji non-profit w Stanach Zjednoczonych. To d\u0142ugi proces, ale jeste\u015bmy na dobrej drodze. Mamy r\u00f3wnie\u017c kilku pracownik\u00f3w pracuj\u0105cych nad stworzeniem strategii komunikacji dla organizacji, podczas gdy inni pracuj\u0105 nad aspektami technicznymi, aby umo\u017cliwi\u0107 nam lepsz\u0105 komunikacj\u0119 z wami wszystkimi. Rick Dunn jest najnowszym cz\u0142onkiem personelu Nature First i pomaga nam przej\u015b\u0107 przez prawne aspekty rejestracji. Brynn Schmidt ci\u0119\u017cko pracowa\u0142a, kieruj\u0105c naszymi dzia\u0142aniami w mediach spo\u0142eczno\u015bciowych. Niedawno do\u0142\u0105czy\u0142 do nas Matthew Ross, kt\u00f3ry obecnie kieruje naszym programem partnerskim, a G\u00fcnther Ebner jest naszym najnowszym rzecznikiem reprezentuj\u0105cym po\u0142udniowe Niemcy.\u00a0<\/p><p class=\"\">Opr\u00f3cz tych projekt\u00f3w mamy wiele innych pomys\u0142\u00f3w i plan\u00f3w na nadchodz\u0105cy rok. Aby pom\u00f3c nam wszystkim w stosowaniu naszej drugiej zasady, \u201eDowiedz si\u0119 o miejscach, kt\u00f3re fotografujesz\u201d, planujemy wsp\u00f3\u0142pracowa\u0107 z cz\u0142onkami z ca\u0142ego \u015bwiata w celu stworzenia regionalnych przewodnik\u00f3w, kt\u00f3re pomog\u0105 odwiedzaj\u0105cym fotografom dowiedzie\u0107 si\u0119 o potencjalnym wp\u0142ywie, zanim odwiedz\u0105 nowe obszary . Mamy r\u00f3wnie\u017c nadziej\u0119, \u017ce zaczniemy gromadzi\u0107 fotograf\u00f3w z okre\u015blonych gatunk\u00f3w fotografii (fotografia dzikiej przyrody, fotografia portretowa w plenerze, liderzy warsztat\u00f3w fotograficznych itp.), aby opracowa\u0107 rozszerzony zestaw wytycznych dotycz\u0105cych tego, jak wygl\u0105da odpowiedzialna fotografia w ich regionie. Planujemy r\u00f3wnie\u017c stworzy\u0107 program sponsorski, kt\u00f3ry pomo\u017ce sfinansowa\u0107 przysz\u0142y rozw\u00f3j tego ruchu. Chcieliby\u015bmy stworzy\u0107 zesp\u00f3\u0142 kamerzyst\u00f3w, kt\u00f3rzy pomog\u0105 w przekazywaniu wiadomo\u015bci, a tak\u017ce mamy nadziej\u0119 na opracowanie nowych materia\u0142\u00f3w drukowanych, kt\u00f3re pomog\u0105 w przekazywaniu etosu Nature First. Naszym celem numer jeden b\u0119dzie nadal szerzenie przes\u0142ania odpowiedzialnej fotografii i zach\u0119canie fotograf\u00f3w do stania si\u0119 or\u0119downikami \u015bwiata przyrody. Mo\u017cesz nam w tym pom\u00f3c, dziel\u0105c si\u0119 publicznie swoim zaanga\u017cowaniem w Nature First i zach\u0119caj\u0105c do tego innych <a href=\"https:\/\/naturefirst.org\/pl\/join\/\">przyj\u0105\u0107 przysi\u0119g\u0119<\/a> \u0107wiczy\u0107 <a href=\"https:\/\/naturefirst.org\/pl\/principles\/\">Zasady Nature First<\/a>.<\/p>\t\t\t\t\t\t\t\t<\/div>\n\t\t\t\t<\/div>\n\t\t\t\t\t<\/div>\n\t\t<\/div>\n\t\t\t\t\t<\/div>\n\t\t<\/section>\n\t\t\t\t<section class=\"elementor-section elementor-top-section elementor-element elementor-element-e2d543e elementor-section-boxed elementor-section-height-default elementor-section-height-default\" data-id=\"e2d543e\" data-element_type=\"section\" data-e-type=\"section\">\n\t\t\t\t\t\t<div class=\"elementor-container elementor-column-gap-default\">\n\t\t\t\t\t<div class=\"elementor-column elementor-col-100 elementor-top-column elementor-element elementor-element-3f872a0\" data-id=\"3f872a0\" data-element_type=\"column\" data-e-type=\"column\">\n\t\t\t<div class=\"elementor-widget-wrap elementor-element-populated\">\n\t\t\t\t\t\t<div class=\"elementor-element elementor-element-7a9bf63 elementor-widget elementor-widget-image\" data-id=\"7a9bf63\" data-element_type=\"widget\" data-e-type=\"widget\" data-widget_type=\"image.default\">\n\t\t\t\t<div class=\"elementor-widget-container\">\n\t\t\t\t\t\t\t\t\t\t\t\t\t\t\t<img loading=\"lazy\" decoding=\"async\" width=\"800\" height=\"533\" src=\"https:\/\/naturefirst.org\/wp-content\/uploads\/1_image5.jpg\" class=\"attachment-large size-large wp-image-1476\" alt=\"\" srcset=\"https:\/\/naturefirst.org\/wp-content\/uploads\/1_image5.jpg.webp 800w, https:\/\/naturefirst.org\/wp-content\/uploads\/1_image5-500x333.jpg.webp 500w, https:\/\/naturefirst.org\/wp-content\/uploads\/1_image5-768x512.jpg.webp 768w, https:\/\/naturefirst.org\/wp-content\/uploads\/1_image5-18x12.jpg.webp 18w\" sizes=\"(max-width: 800px) 100vw, 800px\" \/>\t\t\t\t\t\t\t\t\t\t\t\t\t\t\t<\/div>\n\t\t\t\t<\/div>\n\t\t\t\t\t<\/div>\n\t\t<\/div>\n\t\t\t\t\t<\/div>\n\t\t<\/section>\n\t\t\t\t<section class=\"elementor-section elementor-top-section elementor-element elementor-element-61cf26e elementor-section-boxed elementor-section-height-default elementor-section-height-default\" data-id=\"61cf26e\" data-element_type=\"section\" data-e-type=\"section\">\n\t\t\t\t\t\t<div class=\"elementor-container elementor-column-gap-default\">\n\t\t\t\t\t<div class=\"elementor-column elementor-col-100 elementor-top-column elementor-element elementor-element-37bc00c\" data-id=\"37bc00c\" data-element_type=\"column\" data-e-type=\"column\">\n\t\t\t<div class=\"elementor-widget-wrap elementor-element-populated\">\n\t\t\t\t\t\t<div class=\"elementor-element elementor-element-d8ca259 elementor-widget elementor-widget-text-editor\" data-id=\"d8ca259\" data-element_type=\"widget\" data-e-type=\"widget\" data-widget_type=\"text-editor.default\">\n\t\t\t\t<div class=\"elementor-widget-container\">\n\t\t\t\t\t\t\t\t\t<h3><strong>POTRZEBUJEMY TWOJEJ POMOCY I TW\u00d3RCZO\u015aCI<\/strong><\/h3><p class=\"\">Istnieje kilka innych bardzo praktycznych sposob\u00f3w, aby wspom\u00f3c ten ruch. Po pierwsze, rozwijamy zesp\u00f3\u0142 redakcyjny kierowany przez Jennifer Renwick, kt\u00f3ry b\u0119dzie przygotowywa\u0142 artyku\u0142y pomagaj\u0105ce promowa\u0107 etos i zasady odpowiedzialnej fotografii przyrodniczej. Je\u015bli jeste\u015b pisarzem lub redaktorem i chcia\u0142by\u015b by\u0107 tego cz\u0119\u015bci\u0105, zg\u0142o\u015b si\u0119. B\u0119dziesz chcia\u0142 mie\u0107 kilka pr\u00f3bek swojej pracy dost\u0119pnych do oceny.\u00a0<a href=\"mailto:info@naturefirst.org?subject=Nature%20First%20Writers%20Group\" target=\"_blank\" rel=\"noopener\">Skontaktuj si\u0119 z nami <\/a>po wi\u0119cej informacji.\u00a0<\/p><p class=\"\">Po drugie, pracujemy nad has\u0142em dla Nature First. Slogan to spos\u00f3b na szybkie przekazanie przes\u0142ania organizacji i pomoc ludziom w zapami\u0119taniu i wyja\u015bnieniu, co wyr\u00f3\u017cnia organizacj\u0119. Powinien by\u0107 kr\u00f3tki, prosty i niezapomniany, przekazuj\u0105c istot\u0119 Nature First na ca\u0142ym \u015bwiecie. Jako cz\u0142onek Nature First chcieliby\u015bmy zaanga\u017cowa\u0107 Ci\u0119 w ten proces i zach\u0119ci\u0107 do zg\u0142aszania kreatywnych pomys\u0142\u00f3w (najlepiej w j\u0119zyku angielskim). Je\u015bli Twoja propozycja zostanie wybrana, wy\u015blemy Ci prezent w postaci $200 w ramach podzi\u0119kowania lub je\u015bli Twoja propozycja zainspiruje nas do sformu\u0142owania sloganu, wy\u015blemy Ci pi\u0119kn\u0105 ksi\u0105\u017ck\u0119 fotograficzn\u0105 w twardej oprawie.\u00a0<\/p><p>Jeszcze raz dzi\u0119kujemy wszystkim za bycie cz\u0119\u015bci\u0105 tego ruchu maj\u0105cego na celu odzyskanie roli fotograf\u00f3w jako obro\u0144c\u00f3w i ambasador\u00f3w naszego \u015bwiata przyrody.\u00a0<\/p><p><strong>Eryka Stenslanda<br \/>Dyrektor zarz\u0105dzaj\u0105cy, Nature First<\/strong><\/p><p class=\"\"><em>Zdj\u0119cia przes\u0142ane przez:<\/em><br \/><em>Erik Stensland (wsch\u00f3d s\u0142o\u0144ca), Matthew Ross (t\u0142um), Andreea Popescu (pszenica), Kristel Schneider (drzewa).<\/em><\/p>\t\t\t\t\t\t\t\t<\/div>\n\t\t\t\t<\/div>\n\t\t\t\t\t<\/div>\n\t\t<\/div>\n\t\t\t\t\t<\/div>\n\t\t<\/section>\n\t\t\t\t<\/div>","protected":false},"excerpt":{"rendered":"<p class=\"\">My tutaj w Nature First jeste\u015bmy wdzi\u0119czni za nowy rok i oczekiwanie na stopniowy powr\u00f3t do \u017cycia, kt\u00f3re kiedy\u015b mieli\u015bmy. Jeste\u015bmy r\u00f3wnie\u017c bardzo wdzi\u0119czni za wszystkich, kt\u00f3rzy s\u0105 cz\u0119\u015bci\u0105 tego wa\u017cnego ruchu.<\/p>","protected":false},"author":41,"featured_media":92,"comment_status":"closed","ping_status":"open","sticky":false,"template":"","format":"standard","meta":{"_mo_disable_npp":"","site-sidebar-layout":"default","site-content-layout":"","ast-site-content-layout":"default","site-content-style":"default","site-sidebar-style":"default","ast-global-header-display":"","ast-banner-title-visibility":"","ast-main-header-display":"","ast-hfb-above-header-display":"","ast-hfb-below-header-display":"","ast-hfb-mobile-header-display":"","site-post-title":"","ast-breadcrumbs-content":"","ast-featured-img":"","footer-sml-layout":"","ast-disable-related-posts":"","theme-transparent-header-meta":"","adv-header-id-meta":"","stick-header-meta":"","header-above-stick-meta":"","header-main-stick-meta":"","header-below-stick-meta":"","astra-migrate-meta-layouts":"default","ast-page-background-enabled":"default","ast-page-background-meta":{"desktop":{"background-color":"","background-image":"","background-repeat":"repeat","background-position":"center center","background-size":"auto","background-attachment":"scroll","background-type":"","background-media":"","overlay-type":"","overlay-color":"","overlay-opacity":"","overlay-gradient":""},"tablet":{"background-color":"","background-image":"","background-repeat":"repeat","background-position":"center center","background-size":"auto","background-attachment":"scroll","background-type":"","background-media":"","overlay-type":"","overlay-color":"","overlay-opacity":"","overlay-gradient":""},"mobile":{"background-color":"","background-image":"","background-repeat":"repeat","background-position":"center center","background-size":"auto","background-attachment":"scroll","background-type":"","background-media":"","overlay-type":"","overlay-color":"","overlay-opacity":"","overlay-gradient":""}},"ast-content-background-meta":{"desktop":{"background-color":"var(--ast-global-color-5)","background-image":"","background-repeat":"repeat","background-position":"center center","background-size":"auto","background-attachment":"scroll","background-type":"","background-media":"","overlay-type":"","overlay-color":"","overlay-opacity":"","overlay-gradient":""},"tablet":{"background-color":"var(--ast-global-color-5)","background-image":"","background-repeat":"repeat","background-position":"center center","background-size":"auto","background-attachment":"scroll","background-type":"","background-media":"","overlay-type":"","overlay-color":"","overlay-opacity":"","overlay-gradient":""},"mobile":{"background-color":"var(--ast-global-color-5)","background-image":"","background-repeat":"repeat","background-position":"center center","background-size":"auto","background-attachment":"scroll","background-type":"","background-media":"","overlay-type":"","overlay-color":"","overlay-opacity":"","overlay-gradient":""}},"footnotes":""},"categories":[1],"tags":[],"ppma_author":[50],"class_list":["post-91","post","type-post","status-publish","format-standard","has-post-thumbnail","hentry","category-uncategorized"],"aioseo_notices":[],"authors":[{"term_id":50,"user_id":41,"is_guest":0,"slug":"malok","display_name":"Erik Stensland","avatar_url":"https:\/\/naturefirst.org\/wp-content\/litespeed\/avatar\/dc919d09faceea080d4922c2a13f75e5.jpg?ver=1777152786","0":null,"1":"","2":"","3":"","4":"","5":"","6":"","7":"","8":""}],"_links":{"self":[{"href":"https:\/\/naturefirst.org\/pl\/wp-json\/wp\/v2\/posts\/91","targetHints":{"allow":["GET"]}}],"collection":[{"href":"https:\/\/naturefirst.org\/pl\/wp-json\/wp\/v2\/posts"}],"about":[{"href":"https:\/\/naturefirst.org\/pl\/wp-json\/wp\/v2\/types\/post"}],"author":[{"embeddable":true,"href":"https:\/\/naturefirst.org\/pl\/wp-json\/wp\/v2\/users\/41"}],"replies":[{"embeddable":true,"href":"https:\/\/naturefirst.org\/pl\/wp-json\/wp\/v2\/comments?post=91"}],"version-history":[{"count":11,"href":"https:\/\/naturefirst.org\/pl\/wp-json\/wp\/v2\/posts\/91\/revisions"}],"predecessor-version":[{"id":3961,"href":"https:\/\/naturefirst.org\/pl\/wp-json\/wp\/v2\/posts\/91\/revisions\/3961"}],"wp:featuredmedia":[{"embeddable":true,"href":"https:\/\/naturefirst.org\/pl\/wp-json\/wp\/v2\/media\/92"}],"wp:attachment":[{"href":"https:\/\/naturefirst.org\/pl\/wp-json\/wp\/v2\/media?parent=91"}],"wp:term":[{"taxonomy":"category","embeddable":true,"href":"https:\/\/naturefirst.org\/pl\/wp-json\/wp\/v2\/categories?post=91"},{"taxonomy":"post_tag","embeddable":true,"href":"https:\/\/naturefirst.org\/pl\/wp-json\/wp\/v2\/tags?post=91"},{"taxonomy":"author","embeddable":true,"href":"https:\/\/naturefirst.org\/pl\/wp-json\/wp\/v2\/ppma_author?post=91"}],"curies":[{"name":"wp","href":"https:\/\/api.w.org\/{rel}","templated":true}]}}