{"id":99,"date":"2020-11-13T01:24:50","date_gmt":"2020-11-13T01:24:50","guid":{"rendered":"https:\/\/naturefirst.org\/2020-11-12-meet-our-partners-1-back-the-wild\/"},"modified":"2023-01-08T12:00:26","modified_gmt":"2023-01-08T19:00:26","slug":"meet-our-partners-back-the-wild","status":"publish","type":"post","link":"https:\/\/naturefirst.org\/pl\/news-items\/2020\/11\/13\/meet-our-partners-back-the-wild\/","title":{"rendered":"Poznaj naszych partner\u00f3w: Back the Wild"},"content":{"rendered":"<div data-elementor-type=\"wp-post\" data-elementor-id=\"99\" class=\"elementor elementor-99\" data-elementor-post-type=\"post\">\n\t\t\t\t\t\t<section class=\"elementor-section elementor-top-section elementor-element elementor-element-326f070 elementor-section-boxed elementor-section-height-default elementor-section-height-default\" data-id=\"326f070\" data-element_type=\"section\" data-e-type=\"section\">\n\t\t\t\t\t\t<div class=\"elementor-container elementor-column-gap-default\">\n\t\t\t\t\t<div class=\"elementor-column elementor-col-100 elementor-top-column elementor-element elementor-element-6d5fdbd\" data-id=\"6d5fdbd\" data-element_type=\"column\" data-e-type=\"column\">\n\t\t\t<div class=\"elementor-widget-wrap elementor-element-populated\">\n\t\t\t\t\t\t<div class=\"elementor-element elementor-element-3573f74 elementor-widget elementor-widget-post-info\" data-id=\"3573f74\" data-element_type=\"widget\" data-e-type=\"widget\" data-widget_type=\"post-info.default\">\n\t\t\t\t<div class=\"elementor-widget-container\">\n\t\t\t\t\t\t\t<ul class=\"elementor-inline-items elementor-icon-list-items elementor-post-info\">\n\t\t\t\t\t\t\t\t<li class=\"elementor-icon-list-item elementor-repeater-item-7b09eeb elementor-inline-item\" itemprop=\"datePublished\">\n\t\t\t\t\t\t<a href=\"https:\/\/naturefirst.org\/pl\/news-items\/2020\/11\/13\/\">\n\t\t\t\t\t\t\t\t\t\t\t<span class=\"elementor-icon-list-icon\">\n\t\t\t\t\t\t\t\t<i aria-hidden=\"true\" class=\"fas fa-calendar\"><\/i>\t\t\t\t\t\t\t<\/span>\n\t\t\t\t\t\t\t\t\t<span class=\"elementor-icon-list-text elementor-post-info__item elementor-post-info__item--type-date\">\n\t\t\t\t\t\t\t\t\t\t<time>13 listopada 2020<\/time>\t\t\t\t\t<\/span>\n\t\t\t\t\t\t\t\t\t<\/a>\n\t\t\t\t<\/li>\n\t\t\t\t<\/ul>\n\t\t\t\t\t\t<\/div>\n\t\t\t\t<\/div>\n\t\t\t\t<div class=\"elementor-element elementor-element-c42d43c elementor-widget elementor-widget-text-editor\" data-id=\"c42d43c\" data-element_type=\"widget\" data-e-type=\"widget\" data-widget_type=\"text-editor.default\">\n\t\t\t\t<div class=\"elementor-widget-container\">\n\t\t\t\t\t\t\t\t\t<p class=\"\">Jeste\u015bmy bardzo podekscytowani, \u017ce organizacje wsp\u00f3\u0142pracuj\u0105 z nami w naszym ruchu, aby edukowa\u0107 ludzi na temat naszych zasad i odpowiedzialnej fotografii przyrody. Jednym z naszych ostatnich partnerstw jest <a href=\"https:\/\/www.backthewild.org\/\">Wr\u00f3\u0107 do Dzikiego,<\/a> \u00a0rynek fotografii krajobrazowej, z kt\u00f3rego 1001 TP4 T wp\u0142yw\u00f3w jest przekazywanych na ochron\u0119 teren\u00f3w publicznych i walk\u0119 ze zmianami klimatycznymi, za\u0142o\u017cony przez Grady&#039;ego Lyncha. Mia\u0142em okazj\u0119 usi\u0105\u015b\u0107 z Gradym podczas telekonferencji i przeprowadzi\u0107 z nim wywiad na temat tego, co robi i dlaczego uwa\u017ca, \u017ce partnerstwo z Nature First jest wa\u017cne.\u00a0<\/p><p class=\"\"><em>* nag\u0142\u00f3wek zdj\u0119cia autorstwa Grady&#039;ego Lyncha<\/em><\/p><p class=\"\"><strong>\u00a0<em>Brynn: Opowiedz troch\u0119 o swoim pochodzeniu i co sk\u0142oni\u0142o ci\u0119 do rozpocz\u0119cia Back the Wild?\u00a0<\/em><\/strong><\/p><p class=\"\"><strong>Grady<\/strong>: To by\u0142 swego rodzaju pomys\u0142, kt\u00f3ry rozwija\u0142em przez d\u0142u\u017cszy czas. Chcia\u0142em zrobi\u0107 co\u015b wi\u0119cej z moimi zdj\u0119ciami, poza publikowaniem ich na Instagramie i rozdawaniem wydruk\u00f3w tu czy tam w prezencie. Czu\u0142em, \u017ce jest jaki\u015b spos\u00f3b, aby wykorzysta\u0107 moje zdj\u0119cia, aby odwdzi\u0119czy\u0107 si\u0119 i wywrze\u0107 pozytywny wp\u0142yw. Od czasu uko\u0144czenia studi\u00f3w sta\u0142em si\u0119 o wiele bardziej \u015bwiadomy wa\u017cnych kwestii zwi\u0105zanych z ochron\u0105 przyrody i wp\u0142ywu cz\u0142owieka na zmiany klimatyczne. Sta\u0142am si\u0119 bardziej g\u0142o\u015bna i aktywna w tych sprawach. Sta\u0142em si\u0119 o wiele bardziej pasjonatem tych rzeczy, poniewa\u017c wi\u0119kszo\u015b\u0107 weekendu sp\u0119dzam w g\u00f3rach, nieustannie zwiedzaj\u0105c, w\u0119druj\u0105c i robi\u0105c zdj\u0119cia. Naprawd\u0119 doceniam, jakim skarbem s\u0105 nasze tereny publiczne, otwarte przestrzenie, i pewnego dnia po\u0142\u0105czy\u0142em te dwa elementy. Zda\u0142em sobie spraw\u0119, \u017ce wszystkie te zdj\u0119cia robi\u0119 na terenach publicznych i jest to cecha wsp\u00f3lna prawie wszystkich fotograf\u00f3w krajobrazu. Niewielu ludzi robi niesamowite zdj\u0119cia tylko na swoim podw\u00f3rku. Niesamowite widoki i odbitki panoramiczne, kt\u00f3re widzisz na \u015bcianach lotnisk i w innych miejscach, s\u0105 kr\u0119cone na terenach publicznych, kt\u00f3re wszyscy dzielimy.\u00a0<\/p><p class=\"\">Zda\u0142em sobie spraw\u0119, \u017ce istnieje tu prawdziwy zwi\u0105zek i \u017ce tak naprawd\u0119 my, fotografowie krajobrazu, mamy prawie d\u0142ug wobec grunt\u00f3w publicznych i niesamowitych miejsc, do kt\u00f3rych mamy dost\u0119p. W ten spos\u00f3b fotografowie mog\u0105 przekaza\u0107 darowizn\u0119 na rzecz ochrony naszych ziem. Tak wi\u0119c wizja, kt\u00f3r\u0105 opracowa\u0142em, jest podej\u015bciem etapowym, w kt\u00f3rym chc\u0119, aby fotografowie krajobrazu mogli wykorzysta\u0107 nasz\u0105 platform\u0119 jako spos\u00f3b na oddanie ziemi, kt\u00f3ra pozwala im tworzy\u0107 pi\u0119kne obrazy. Oczywi\u015bcie nie mog\u0119 tego uruchomi\u0107 i sprawi\u0107, by wszyscy od razu przyj\u0119li ten pomys\u0142 i wiem, \u017ce b\u0119dzie to d\u0142ugi proces generowania \u015bwiadomo\u015bci. Zaczynam od \u015bwiadomo\u015bci, podczas gdy udost\u0119pniam w\u0142asne obrazy na sprzeda\u017c z 100% wp\u0142yw\u00f3w, kt\u00f3re trafiaj\u0105 do organizacji non-profit dzia\u0142aj\u0105cych na rzecz ochrony naszej ziemi i \u015brodowiska. Zacz\u0105\u0142em to oko\u0142o rok temu, wi\u0119c widz\u0119 to z podej\u015bciem kr\u00f3tkoterminowym i d\u0142ugoterminowym. Mam nadziej\u0119, \u017ce w 2021 roku zaczn\u0119 anga\u017cowa\u0107 innych fotograf\u00f3w i by\u0107 mo\u017ce przedstawia\u0107 jednego fotografa miesi\u0119cznie na naszej stronie i w mediach spo\u0142eczno\u015bciowych. Celem by\u0142oby, aby fotografowie ofiarowywali kilka swoich zdj\u0119\u0107 na sprzeda\u017c w witrynie przez miesi\u0105c, a nast\u0119pnie do\u0142\u0105czyli do nas w rozpowszechnianiu przes\u0142ania Back the Wild. Wierz\u0119, \u017ce ludzie, kt\u00f3rzy chc\u0105 mie\u0107 pi\u0119kny nadruk na \u015bcianie i kochaj\u0105 przyrod\u0119, mog\u0105 zrezygnowa\u0107 z zakupu niekt\u00f3rych z tych obraz\u00f3w w spos\u00f3b, kt\u00f3ry im si\u0119 odwdzi\u0119czy.\u00a0<\/p><p class=\"\"><strong><em>Brynn: Jaki jest tw\u00f3j ulubiony rodzaj fotografii? Zak\u0142adam, \u017ce to musi by\u0107 krajobraz ze wszystkich niesamowitych obraz\u00f3w, kt\u00f3re widzia\u0142em?\u00a0<\/em><\/strong><\/p><p class=\"\"><strong>Grady<\/strong>: Tak, absolutnie kocham fotografi\u0119 krajobrazu. To by\u0142o troch\u0119 trudne w erze medi\u00f3w spo\u0142eczno\u015bciowych, gdzie przez ca\u0142y czas widzisz tak wiele niesamowitych zdj\u0119\u0107 z t\u0105 sam\u0105 kompozycj\u0105 na Instagramie. Czuj\u0119 si\u0119 dobrze, robi\u0105c to samo uj\u0119cie, kt\u00f3re zrobi\u0142o tak wielu innych, ale generalnie staram si\u0119 znale\u017a\u0107 nowy k\u0105t lub wykona\u0107 uj\u0119cie, kt\u00f3re nadaje mu w\u0142asny obr\u00f3t. Uwielbiam odkrywa\u0107 nowe obszary, w kt\u00f3rych wcze\u015bniej nie by\u0142em lub o kt\u00f3rych niewiele wiem, gdzie mog\u0119 stworzy\u0107 naprawd\u0119 wyj\u0105tkowy wizerunek lub przynajmniej co\u015b, co jest dla mnie zupe\u0142nie nowe. Uwielbiam odkrywa\u0107 co\u015b, w czym mog\u0119 po\u0142\u0105czy\u0107 wszystkie te elementy i przyci\u0105gn\u0105\u0107 ludzi do obrazu i mojej mi\u0142o\u015bci do natury. To jest co\u015b, co uwielbiam robi\u0107 i zda\u0142em sobie spraw\u0119, \u017ce nie zamierzam z tego \u017cy\u0107, ale chc\u0119 zrobi\u0107 z tym co\u015b wi\u0119cej.<\/p>\t\t\t\t\t\t\t\t<\/div>\n\t\t\t\t<\/div>\n\t\t\t\t\t<\/div>\n\t\t<\/div>\n\t\t\t\t\t<\/div>\n\t\t<\/section>\n\t\t\t\t<section class=\"elementor-section elementor-top-section elementor-element elementor-element-9eb6745 elementor-section-boxed elementor-section-height-default elementor-section-height-default\" data-id=\"9eb6745\" data-element_type=\"section\" data-e-type=\"section\">\n\t\t\t\t\t\t<div class=\"elementor-container elementor-column-gap-default\">\n\t\t\t\t\t<div class=\"elementor-column elementor-col-100 elementor-top-column elementor-element elementor-element-23aa0b9\" data-id=\"23aa0b9\" data-element_type=\"column\" data-e-type=\"column\">\n\t\t\t<div class=\"elementor-widget-wrap elementor-element-populated\">\n\t\t\t\t\t\t<div class=\"elementor-element elementor-element-89c70d4 elementor-widget elementor-widget-image\" data-id=\"89c70d4\" data-element_type=\"widget\" data-e-type=\"widget\" data-widget_type=\"image.default\">\n\t\t\t\t<div class=\"elementor-widget-container\">\n\t\t\t\t\t\t\t\t\t\t\t\t<figure class=\"wp-caption\">\n\t\t\t\t\t\t\t\t\t\t<img fetchpriority=\"high\" decoding=\"async\" width=\"683\" height=\"1024\" src=\"https:\/\/naturefirst.org\/wp-content\/uploads\/IMG_2717-683x1024.jpg\" class=\"attachment-large size-large wp-image-1493\" alt=\"\" srcset=\"https:\/\/naturefirst.org\/wp-content\/uploads\/IMG_2717-683x1024.jpg.webp 683w, https:\/\/naturefirst.org\/wp-content\/uploads\/IMG_2717-333x500.jpg.webp 333w, https:\/\/naturefirst.org\/wp-content\/uploads\/IMG_2717-768x1152.jpg.webp 768w, https:\/\/naturefirst.org\/wp-content\/uploads\/IMG_2717-8x12.jpg.webp 8w, https:\/\/naturefirst.org\/wp-content\/uploads\/IMG_2717.jpg.webp 1000w\" sizes=\"(max-width: 683px) 100vw, 683px\" \/>\t\t\t\t\t\t\t\t\t\t\t<figcaption class=\"widget-image-caption wp-caption-text\">Canadian Rockies (5 uj\u0119\u0107 panoramicznych, pierwszy plan zrobiony podczas niebieskiej godziny) \u2013 Grady Lynch<\/figcaption>\n\t\t\t\t\t\t\t\t\t\t<\/figure>\n\t\t\t\t\t\t\t\t\t<\/div>\n\t\t\t\t<\/div>\n\t\t\t\t\t<\/div>\n\t\t<\/div>\n\t\t\t\t\t<\/div>\n\t\t<\/section>\n\t\t\t\t<section class=\"elementor-section elementor-top-section elementor-element elementor-element-e15a4ab elementor-section-boxed elementor-section-height-default elementor-section-height-default\" data-id=\"e15a4ab\" data-element_type=\"section\" data-e-type=\"section\">\n\t\t\t\t\t\t<div class=\"elementor-container elementor-column-gap-default\">\n\t\t\t\t\t<div class=\"elementor-column elementor-col-100 elementor-top-column elementor-element elementor-element-1a7890e\" data-id=\"1a7890e\" data-element_type=\"column\" data-e-type=\"column\">\n\t\t\t<div class=\"elementor-widget-wrap elementor-element-populated\">\n\t\t\t\t\t\t<div class=\"elementor-element elementor-element-9de6e9d elementor-widget elementor-widget-text-editor\" data-id=\"9de6e9d\" data-element_type=\"widget\" data-e-type=\"widget\" data-widget_type=\"text-editor.default\">\n\t\t\t\t<div class=\"elementor-widget-container\">\n\t\t\t\t\t\t\t\t\t<p class=\"\"><strong><em>Brynn: Wiem, \u017ce przekazujesz 100% wp\u0142yw\u00f3w ze sprzeda\u017cy na NRDC i Protect our Winters (POW). Dlaczego wybra\u0142e\u015b te dwie organizacje, od kt\u00f3rych zacz\u0105\u0142e\u015b przekazywa\u0107 darowizny?\u00a0<\/em><\/strong><\/p><p class=\"\"><strong>Grady<\/strong>: Tak wi\u0119c przeprowadzi\u0142em wiele bada\u0144 i by\u0142em ju\u017c troch\u0119 zaznajomiony z tymi organizacjami i stara\u0142em si\u0119 znale\u017a\u0107 takie, kt\u00f3re by\u0142yby zgodne z tym, co naprawd\u0119 pr\u00f3bowa\u0142em zrobi\u0107. NRDC to bardzo renomowana organizacja, kt\u00f3rej cele i zainteresowania s\u0105 zbie\u017cne z moimi. Wybra\u0142em NRDC, poniewa\u017c maj\u0105 bardzo niskie koszty og\u00f3lne i wiem, \u017ce wi\u0119kszo\u015b\u0107 darowizn nie jest wci\u0105gana przez biurokracj\u0119. Otrzymuj\u0105 bardzo wysokie oceny od organizacji oceniaj\u0105cych organizacje non-profit i s\u0105 bardzo aktywni w wielu bezpo\u015brednich sprawach, kt\u00f3re chroni\u0105 nasze ziemie i dzik\u0105 przyrod\u0119. Jest to co\u015b, z czego jestem dumny, \u017ce mog\u0119 to wspiera\u0107, mimo \u017ce nie mamy jeszcze du\u017cego wp\u0142ywu finansowego. Protect Our Winters to organizacja st\u0105d, w Kolorado, kt\u00f3ra moim zdaniem jest naprawd\u0119 inspiruj\u0105ca w sposobie, w jaki podejmuj\u0105 walk\u0119 ze zmianami klimatycznymi. Jeremy Jones jest oczywi\u015bcie fantastycznym sportowcem, ale tak\u017ce niesamowitym aktywist\u0105. Ma dar komunikowania si\u0119 i docierania do ludzi, kt\u00f3rych moim zdaniem potrzebuje ruch na rzecz zmian klimatu. Wprowadzaj\u0105c do dyskusji aspekt zim i dzia\u0142a\u0144 takich jak jazda na nartach, pozwala szerszej publiczno\u015bci naprawd\u0119 us\u0142ysze\u0107 przes\u0142anie o wp\u0142ywie tych dzia\u0142a\u0144. My\u015bl\u0119, \u017ce pokazanie zmiany klimatu w kategoriach sport\u00f3w zimowych jest bardziej realnym problemem, zamiast tego ogromnego, mglistego problemu, kt\u00f3ry czasami trudno zrozumie\u0107.\u00a0<\/p><p class=\"\"><strong><em>Brynn: Co sk\u0142oni\u0142o ci\u0119 do Nature First i wsp\u00f3\u0142pracy z nami?\u00a0<\/em><\/strong><\/p><p class=\"\"><strong>Grady<\/strong>: Znalaz\u0142em was i \u015bledz\u0119 was w mediach spo\u0142eczno\u015bciowych i uwielbiam spos\u00f3b, w jaki zapocz\u0105tkowali\u015bcie ruch z zasadami takimi jak Leave No Trace, kt\u00f3rych jestem wielkim zwolennikiem, a nast\u0119pnie dodaj\u0105c do tego rozszerzenie perspektywy fotograficznej. To jest po prostu co\u015b, co od razu we mnie rezonuje. Osobi\u015bcie widz\u0119 miejsca, kt\u00f3re s\u0105 kochane na \u015bmier\u0107 i musimy chroni\u0107 tamtejsze ekosystemy. Przyk\u0142adem tego by\u0142o Maroon Lake w pobli\u017cu Aspen, gdzie ustawiono liny, aby trzyma\u0107 wszystkich z dala od kruchego brzegu jeziora, a jednak oko\u0142o 30 fotograf\u00f3w by\u0142o po drugiej stronie lin. Je\u015bli my, kt\u00f3rzy wygl\u0105damy, jakby\u015bmy wiedzieli, co robimy z naszymi statywami i sprz\u0119tem fotograficznym, \u0142amiemy zasady, prowadzi to do tego, \u017ce inni my\u015bl\u0105, \u017ce to te\u017c jest w porz\u0105dku, lub kwestionuj\u0105, dlaczego nie dbamy o ziemi\u0119, kt\u00f3r\u0105 fotografujemy. Musimy da\u0107 przyk\u0142ad innym do na\u015bladowania i wierz\u0119, \u017ce ten ruch to robi. Podoba mi si\u0119 r\u00f3wnie\u017c element edukacyjny. Zawsze zmagam si\u0119 z tym, czy powinienem co\u015b powiedzie\u0107, czy nie, ale Nature First naprawd\u0119 zach\u0119ca nas wszystkich do pr\u00f3by edukowania siebie i innych na temat w\u0142a\u015bciwego post\u0119powania poprzez edukacj\u0119 i \u015bwiadomo\u015b\u0107. Jestem podekscytowany wsp\u00f3\u0142prac\u0105 z wami wszystkimi. Chcia\u0142bym tylko zako\u0144czy\u0107 tym, jak bardzo jestem wdzi\u0119czny, \u017ce znalaz\u0142em wasz\u0105 organizacj\u0119 i partnera z wami, i nie mog\u0119 by\u0107 bardziej za wasz\u0105 misj\u0105 i celami. Dzi\u0119kuj\u0119 bardzo za po\u015bwi\u0119cenie czasu na rozmow\u0119 ze mn\u0105.<\/p><p class=\"\"><strong><em>Brynn: Wielkie dzi\u0119ki Grady. Wspaniale by\u0142o dzi\u015b z tob\u0105 porozmawia\u0107 o wszystkim, co robisz. Chcia\u0142bym zako\u0144czy\u0107 to, zach\u0119caj\u0105c naszych cz\u0142onk\u00f3w do sprawdzenia Back the Wild i rozwa\u017cenia zaanga\u017cowania si\u0119 teraz poprzez szerzenie wiedzy na temat ruchu, aw 2021 roku potencjalnie zosta\u0107 dla nich fotografem miesi\u0105ca. Wiem, \u017ce planuj\u0119.\u00a0<\/em><\/strong><\/p><p class=\"\">Aby by\u0107 na bie\u017c\u0105co z Grady i Back the Wild, mo\u017cesz go znale\u017a\u0107 na:<\/p><p class=\"\"><a href=\"https:\/\/www.backthewild.org\/\">Wr\u00f3\u0107 do Dzikiego<\/a><\/p><p class=\"\"><a href=\"https:\/\/www.instagram.com\/lynchvt\/\">https:\/\/www.instagram.com\/lynchvt\/<\/a><\/p><p class=\"\"><a href=\"https:\/\/www.instagram.com\/backthewild\/\">https:\/\/www.instagram.com\/backthewild\/<\/a><\/p>\t\t\t\t\t\t\t\t<\/div>\n\t\t\t\t<\/div>\n\t\t\t\t\t<\/div>\n\t\t<\/div>\n\t\t\t\t\t<\/div>\n\t\t<\/section>\n\t\t\t\t<section class=\"elementor-section elementor-top-section elementor-element elementor-element-ba99cb6 elementor-section-boxed elementor-section-height-default elementor-section-height-default\" data-id=\"ba99cb6\" data-element_type=\"section\" data-e-type=\"section\">\n\t\t\t\t\t\t<div class=\"elementor-container elementor-column-gap-default\">\n\t\t\t\t\t<div class=\"elementor-column elementor-col-100 elementor-top-column elementor-element elementor-element-28a5be0\" data-id=\"28a5be0\" data-element_type=\"column\" data-e-type=\"column\">\n\t\t\t<div class=\"elementor-widget-wrap elementor-element-populated\">\n\t\t\t\t\t\t<div class=\"elementor-element elementor-element-3015c76 elementor-widget elementor-widget-image\" data-id=\"3015c76\" data-element_type=\"widget\" data-e-type=\"widget\" data-widget_type=\"image.default\">\n\t\t\t\t<div class=\"elementor-widget-container\">\n\t\t\t\t\t\t\t\t\t\t\t\t<figure class=\"wp-caption\">\n\t\t\t\t\t\t\t\t\t\t<img decoding=\"async\" width=\"1024\" height=\"943\" src=\"https:\/\/naturefirst.org\/wp-content\/uploads\/IMG_2718-1024x943.jpg\" class=\"attachment-large size-large wp-image-1494\" alt=\"\" srcset=\"https:\/\/naturefirst.org\/wp-content\/uploads\/IMG_2718-1024x943.jpg.webp 1024w, https:\/\/naturefirst.org\/wp-content\/uploads\/IMG_2718-500x460.jpg.webp 500w, https:\/\/naturefirst.org\/wp-content\/uploads\/IMG_2718-768x707.jpg.webp 768w, https:\/\/naturefirst.org\/wp-content\/uploads\/IMG_2718-1536x1414.jpg.webp 1536w, https:\/\/naturefirst.org\/wp-content\/uploads\/IMG_2718-2048x1886.jpg.webp 2048w, https:\/\/naturefirst.org\/wp-content\/uploads\/IMG_2718-13x12.jpg.webp 13w\" sizes=\"(max-width: 1024px) 100vw, 1024px\" \/>\t\t\t\t\t\t\t\t\t\t\t<figcaption class=\"widget-image-caption wp-caption-text\">Grady Lynch podr\u00f3\u017cuje po Islandii ze swoj\u0105 dziewczyn\u0105 Allie<\/figcaption>\n\t\t\t\t\t\t\t\t\t\t<\/figure>\n\t\t\t\t\t\t\t\t\t<\/div>\n\t\t\t\t<\/div>\n\t\t\t\t\t<\/div>\n\t\t<\/div>\n\t\t\t\t\t<\/div>\n\t\t<\/section>\n\t\t\t\t<\/div>","protected":false},"excerpt":{"rendered":"<p>We are so excited to have organizations partner with us in our movement to educate people about our principles and responsible nature photography. One of our recent partnerships is with Back the Wild, \u00a0a landscape photography marketplace where 100% of proceeds are donated to protect public lands and combat climate change, founded by Grady Lynch. [&hellip;]<\/p>\n","protected":false},"author":36,"featured_media":100,"comment_status":"closed","ping_status":"open","sticky":false,"template":"","format":"standard","meta":{"_mo_disable_npp":"","site-sidebar-layout":"default","site-content-layout":"","ast-site-content-layout":"default","site-content-style":"default","site-sidebar-style":"default","ast-global-header-display":"","ast-banner-title-visibility":"","ast-main-header-display":"","ast-hfb-above-header-display":"","ast-hfb-below-header-display":"","ast-hfb-mobile-header-display":"","site-post-title":"","ast-breadcrumbs-content":"","ast-featured-img":"","footer-sml-layout":"","ast-disable-related-posts":"","theme-transparent-header-meta":"","adv-header-id-meta":"","stick-header-meta":"","header-above-stick-meta":"","header-main-stick-meta":"","header-below-stick-meta":"","astra-migrate-meta-layouts":"default","ast-page-background-enabled":"default","ast-page-background-meta":{"desktop":{"background-color":"","background-image":"","background-repeat":"repeat","background-position":"center center","background-size":"auto","background-attachment":"scroll","background-type":"","background-media":"","overlay-type":"","overlay-color":"","overlay-opacity":"","overlay-gradient":""},"tablet":{"background-color":"","background-image":"","background-repeat":"repeat","background-position":"center center","background-size":"auto","background-attachment":"scroll","background-type":"","background-media":"","overlay-type":"","overlay-color":"","overlay-opacity":"","overlay-gradient":""},"mobile":{"background-color":"","background-image":"","background-repeat":"repeat","background-position":"center center","background-size":"auto","background-attachment":"scroll","background-type":"","background-media":"","overlay-type":"","overlay-color":"","overlay-opacity":"","overlay-gradient":""}},"ast-content-background-meta":{"desktop":{"background-color":"var(--ast-global-color-5)","background-image":"","background-repeat":"repeat","background-position":"center center","background-size":"auto","background-attachment":"scroll","background-type":"","background-media":"","overlay-type":"","overlay-color":"","overlay-opacity":"","overlay-gradient":""},"tablet":{"background-color":"var(--ast-global-color-5)","background-image":"","background-repeat":"repeat","background-position":"center center","background-size":"auto","background-attachment":"scroll","background-type":"","background-media":"","overlay-type":"","overlay-color":"","overlay-opacity":"","overlay-gradient":""},"mobile":{"background-color":"var(--ast-global-color-5)","background-image":"","background-repeat":"repeat","background-position":"center center","background-size":"auto","background-attachment":"scroll","background-type":"","background-media":"","overlay-type":"","overlay-color":"","overlay-opacity":"","overlay-gradient":""}},"footnotes":""},"categories":[65],"tags":[],"ppma_author":[48],"class_list":["post-99","post","type-post","status-publish","format-standard","has-post-thumbnail","hentry","category-partners"],"aioseo_notices":[],"authors":[{"term_id":48,"user_id":36,"is_guest":0,"slug":"jonnorris-nf","display_name":"Jon Norris","avatar_url":"https:\/\/naturefirst.org\/wp-content\/litespeed\/avatar\/5a1f8e7595e193d9f04032a8a8742e36.jpg?ver=1777143006","0":null,"1":"","2":"","3":"","4":"","5":"","6":"","7":"","8":""}],"_links":{"self":[{"href":"https:\/\/naturefirst.org\/pl\/wp-json\/wp\/v2\/posts\/99","targetHints":{"allow":["GET"]}}],"collection":[{"href":"https:\/\/naturefirst.org\/pl\/wp-json\/wp\/v2\/posts"}],"about":[{"href":"https:\/\/naturefirst.org\/pl\/wp-json\/wp\/v2\/types\/post"}],"author":[{"embeddable":true,"href":"https:\/\/naturefirst.org\/pl\/wp-json\/wp\/v2\/users\/36"}],"replies":[{"embeddable":true,"href":"https:\/\/naturefirst.org\/pl\/wp-json\/wp\/v2\/comments?post=99"}],"version-history":[{"count":11,"href":"https:\/\/naturefirst.org\/pl\/wp-json\/wp\/v2\/posts\/99\/revisions"}],"predecessor-version":[{"id":3636,"href":"https:\/\/naturefirst.org\/pl\/wp-json\/wp\/v2\/posts\/99\/revisions\/3636"}],"wp:featuredmedia":[{"embeddable":true,"href":"https:\/\/naturefirst.org\/pl\/wp-json\/wp\/v2\/media\/100"}],"wp:attachment":[{"href":"https:\/\/naturefirst.org\/pl\/wp-json\/wp\/v2\/media?parent=99"}],"wp:term":[{"taxonomy":"category","embeddable":true,"href":"https:\/\/naturefirst.org\/pl\/wp-json\/wp\/v2\/categories?post=99"},{"taxonomy":"post_tag","embeddable":true,"href":"https:\/\/naturefirst.org\/pl\/wp-json\/wp\/v2\/tags?post=99"},{"taxonomy":"author","embeddable":true,"href":"https:\/\/naturefirst.org\/pl\/wp-json\/wp\/v2\/ppma_author?post=99"}],"curies":[{"name":"wp","href":"https:\/\/api.w.org\/{rel}","templated":true}]}}